{"id":3521,"date":"2007-10-16T00:00:00","date_gmt":"2007-10-16T02:00:00","guid":{"rendered":"https:\/\/clam.fw2web.com.br\/es\/2007\/10\/16\/721-246-mujeres-victimas-de-violacion-en-colombia\/"},"modified":"2023-06-14T07:53:18","modified_gmt":"2023-06-14T10:53:18","slug":"721-246-mujeres-victimas-de-violacion-en-colombia","status":"publish","type":"post","link":"https:\/\/clam.org.br\/es\/en-los-medios\/721-246-mujeres-victimas-de-violacion-en-colombia\/3521\/","title":{"rendered":"721.246 mujeres v\u00edctimas de violaci\u00f3n en Colombia"},"content":{"rendered":"<p>Si todas las mujeres que aceptan haber sido violadas en alg\u00fan momento de su vida se reunieran en una sola fila, podr\u00edan llenar el Estadio El Camp\u00edn hasta 13 veces. Peor a\u00fan, la mitad de ellas habr\u00edan sido violadas antes de los 15 a\u00f1os, el 78 % viven en la zona urbana y, en la mayor\u00eda de casos, la culpa la tendr\u00eda un familiar o un amigo. <P>Esas fueron algunas de las impactantes revelaciones que hizo esta semana Profamilia luego de concluir el primer estudio en profundidad sobre violencia sexual en Colombia. Los expertos analizaron los datos recolectados en la Encuesta Nacional de Demograf\u00eda y Salud, en la que se entrevistaron 41.344 mujeres de 13 a 49 a\u00f1os. <P><a href=\"http:\/\/www.eluniversal.com.co\/noticias\/20071011\/ctg_nal_el_50_por_ciento_de_las_mujeres_violadas.html\" target=\"_blank\" rel=\"noopener\">Texto completo<\/A><A href=\"http:\/\/www.eluniversal.com.co\/noticias\/20071011\/ctg_nal_el_50_por_ciento_de_las_mujeres_violadas.html\"><\/A><\/P><\/p>\n","protected":false},"excerpt":{"rendered":"<p>Si todas las mujeres que aceptan haber sido violadas en alg\u00fan momento de su vida se reunieran en una sola fila, podr\u00edan llenar el Estadio El Camp\u00edn hasta 13 veces. Peor a\u00fan, la mitad de ellas habr\u00edan sido violadas antes de los 15 a\u00f1os, el 78 % viven en la zona urbana y, en la mayor\u00eda de casos, la culpa la tendr\u00eda un familiar o un amigo.<\/p>\n","protected":false},"author":1,"featured_media":0,"comment_status":"open","ping_status":"open","sticky":false,"template":"","format":"standard","meta":{"_acf_changed":false,"site-sidebar-layout":"default","site-content-layout":"default","ast-global-header-display":"","ast-main-header-display":"","ast-hfb-above-header-display":"","ast-hfb-below-header-display":"","ast-hfb-mobile-header-display":"","site-post-title":"","ast-breadcrumbs-content":"","ast-featured-img":"","footer-sml-layout":"","theme-transparent-header-meta":"","adv-header-id-meta":"","stick-header-meta":"","header-above-stick-meta":"","header-main-stick-meta":"","header-below-stick-meta":"","_jetpack_memberships_contains_paid_content":false,"footnotes":""},"categories":[27],"tags":[],"class_list":["post-3521","post","type-post","status-publish","format-standard","hentry","category-en-los-medios"],"acf":[],"yoast_head":"<!-- This site is optimized with the Yoast SEO plugin v26.1.1 - https:\/\/yoast.com\/wordpress\/plugins\/seo\/ -->\n<title>721.246 mujeres v\u00edctimas de violaci\u00f3n en Colombia - CLAM - ES<\/title>\n<meta name=\"robots\" content=\"index, follow, max-snippet:-1, max-image-preview:large, max-video-preview:-1\" \/>\n<link rel=\"canonical\" href=\"https:\/\/clam.org.br\/es\/en-los-medios\/721-246-mujeres-victimas-de-violacion-en-colombia\/3521\/\" \/>\n<meta property=\"og:locale\" content=\"es_ES\" \/>\n<meta property=\"og:type\" content=\"article\" \/>\n<meta property=\"og:title\" content=\"721.246 mujeres v\u00edctimas de violaci\u00f3n en Colombia - CLAM - ES\" \/>\n<meta property=\"og:description\" content=\"Si todas las mujeres que aceptan haber sido violadas en alg\u00fan momento de su vida se reunieran en una sola fila, podr\u00edan llenar el Estadio El Camp\u00edn hasta 13 veces. Peor a\u00fan, la mitad de ellas habr\u00edan sido violadas antes de los 15 a\u00f1os, el 78 % viven en la zona urbana y, en la mayor\u00eda de casos, la culpa la tendr\u00eda un familiar o un amigo.\" \/>\n<meta property=\"og:url\" content=\"https:\/\/clam.org.br\/es\/en-los-medios\/721-246-mujeres-victimas-de-violacion-en-colombia\/3521\/\" \/>\n<meta property=\"og:site_name\" content=\"CLAM - ES\" \/>\n<meta property=\"article:published_time\" content=\"2007-10-16T02:00:00+00:00\" \/>\n<meta property=\"article:modified_time\" content=\"2023-06-14T10:53:18+00:00\" \/>\n<meta name=\"author\" content=\"fw2\" \/>\n<meta name=\"twitter:card\" content=\"summary_large_image\" \/>\n<meta name=\"twitter:label1\" content=\"Escrito por\" \/>\n\t<meta name=\"twitter:data1\" content=\"fw2\" \/>\n\t<meta name=\"twitter:label2\" content=\"Tiempo de lectura\" \/>\n\t<meta name=\"twitter:data2\" content=\"1 minuto\" \/>\n<script type=\"application\/ld+json\" class=\"yoast-schema-graph\">{\"@context\":\"https:\/\/schema.org\",\"@graph\":[{\"@type\":\"WebPage\",\"@id\":\"https:\/\/clam.org.br\/es\/en-los-medios\/721-246-mujeres-victimas-de-violacion-en-colombia\/3521\/\",\"url\":\"https:\/\/clam.org.br\/es\/en-los-medios\/721-246-mujeres-victimas-de-violacion-en-colombia\/3521\/\",\"name\":\"721.246 mujeres v\u00edctimas de violaci\u00f3n en Colombia - CLAM - ES\",\"isPartOf\":{\"@id\":\"https:\/\/clam.org.br\/es\/#website\"},\"datePublished\":\"2007-10-16T02:00:00+00:00\",\"dateModified\":\"2023-06-14T10:53:18+00:00\",\"author\":{\"@id\":\"https:\/\/clam.org.br\/es\/#\/schema\/person\/fbd9a86032bf7479f94b0ded196f1010\"},\"breadcrumb\":{\"@id\":\"https:\/\/clam.org.br\/es\/en-los-medios\/721-246-mujeres-victimas-de-violacion-en-colombia\/3521\/#breadcrumb\"},\"inLanguage\":\"es\",\"potentialAction\":[{\"@type\":\"ReadAction\",\"target\":[\"https:\/\/clam.org.br\/es\/en-los-medios\/721-246-mujeres-victimas-de-violacion-en-colombia\/3521\/\"]}]},{\"@type\":\"BreadcrumbList\",\"@id\":\"https:\/\/clam.org.br\/es\/en-los-medios\/721-246-mujeres-victimas-de-violacion-en-colombia\/3521\/#breadcrumb\",\"itemListElement\":[{\"@type\":\"ListItem\",\"position\":1,\"name\":\"In\u00edcio\",\"item\":\"https:\/\/clam.org.br\/es\/\"},{\"@type\":\"ListItem\",\"position\":2,\"name\":\"721.246 mujeres v\u00edctimas de violaci\u00f3n en Colombia\"}]},{\"@type\":\"WebSite\",\"@id\":\"https:\/\/clam.org.br\/es\/#website\",\"url\":\"https:\/\/clam.org.br\/es\/\",\"name\":\"CLAM - ES\",\"description\":\"S\u00f3 mais um site CLAM - Centro Latino-Americano em Sexualidade e Direitos Humanos sites\",\"potentialAction\":[{\"@type\":\"SearchAction\",\"target\":{\"@type\":\"EntryPoint\",\"urlTemplate\":\"https:\/\/clam.org.br\/es\/?s={search_term_string}\"},\"query-input\":{\"@type\":\"PropertyValueSpecification\",\"valueRequired\":true,\"valueName\":\"search_term_string\"}}],\"inLanguage\":\"es\"},{\"@type\":\"Person\",\"@id\":\"https:\/\/clam.org.br\/es\/#\/schema\/person\/fbd9a86032bf7479f94b0ded196f1010\",\"name\":\"fw2\",\"image\":{\"@type\":\"ImageObject\",\"inLanguage\":\"es\",\"@id\":\"https:\/\/clam.org.br\/es\/#\/schema\/person\/image\/\",\"url\":\"https:\/\/secure.gravatar.com\/avatar\/c38472c0cdbde82d9b6fcc26adb3779d?s=96&d=mm&r=g\",\"contentUrl\":\"https:\/\/secure.gravatar.com\/avatar\/c38472c0cdbde82d9b6fcc26adb3779d?s=96&d=mm&r=g\",\"caption\":\"fw2\"},\"sameAs\":[\"https:\/\/clam.fw2web.com.br\"],\"url\":\"https:\/\/clam.org.br\/es\/author\/fw2\/\"}]}<\/script>\n<!-- \/ Yoast SEO plugin. -->","yoast_head_json":{"title":"721.246 mujeres v\u00edctimas de violaci\u00f3n en Colombia - CLAM - ES","robots":{"index":"index","follow":"follow","max-snippet":"max-snippet:-1","max-image-preview":"max-image-preview:large","max-video-preview":"max-video-preview:-1"},"canonical":"https:\/\/clam.org.br\/es\/en-los-medios\/721-246-mujeres-victimas-de-violacion-en-colombia\/3521\/","og_locale":"es_ES","og_type":"article","og_title":"721.246 mujeres v\u00edctimas de violaci\u00f3n en Colombia - CLAM - ES","og_description":"Si todas las mujeres que aceptan haber sido violadas en alg\u00fan momento de su vida se reunieran en una sola fila, podr\u00edan llenar el Estadio El Camp\u00edn hasta 13 veces. Peor a\u00fan, la mitad de ellas habr\u00edan sido violadas antes de los 15 a\u00f1os, el 78 % viven en la zona urbana y, en la mayor\u00eda de casos, la culpa la tendr\u00eda un familiar o un amigo.","og_url":"https:\/\/clam.org.br\/es\/en-los-medios\/721-246-mujeres-victimas-de-violacion-en-colombia\/3521\/","og_site_name":"CLAM - ES","article_published_time":"2007-10-16T02:00:00+00:00","article_modified_time":"2023-06-14T10:53:18+00:00","author":"fw2","twitter_card":"summary_large_image","twitter_misc":{"Escrito por":"fw2","Tiempo de lectura":"1 minuto"},"schema":{"@context":"https:\/\/schema.org","@graph":[{"@type":"WebPage","@id":"https:\/\/clam.org.br\/es\/en-los-medios\/721-246-mujeres-victimas-de-violacion-en-colombia\/3521\/","url":"https:\/\/clam.org.br\/es\/en-los-medios\/721-246-mujeres-victimas-de-violacion-en-colombia\/3521\/","name":"721.246 mujeres v\u00edctimas de violaci\u00f3n en Colombia - CLAM - ES","isPartOf":{"@id":"https:\/\/clam.org.br\/es\/#website"},"datePublished":"2007-10-16T02:00:00+00:00","dateModified":"2023-06-14T10:53:18+00:00","author":{"@id":"https:\/\/clam.org.br\/es\/#\/schema\/person\/fbd9a86032bf7479f94b0ded196f1010"},"breadcrumb":{"@id":"https:\/\/clam.org.br\/es\/en-los-medios\/721-246-mujeres-victimas-de-violacion-en-colombia\/3521\/#breadcrumb"},"inLanguage":"es","potentialAction":[{"@type":"ReadAction","target":["https:\/\/clam.org.br\/es\/en-los-medios\/721-246-mujeres-victimas-de-violacion-en-colombia\/3521\/"]}]},{"@type":"BreadcrumbList","@id":"https:\/\/clam.org.br\/es\/en-los-medios\/721-246-mujeres-victimas-de-violacion-en-colombia\/3521\/#breadcrumb","itemListElement":[{"@type":"ListItem","position":1,"name":"In\u00edcio","item":"https:\/\/clam.org.br\/es\/"},{"@type":"ListItem","position":2,"name":"721.246 mujeres v\u00edctimas de violaci\u00f3n en Colombia"}]},{"@type":"WebSite","@id":"https:\/\/clam.org.br\/es\/#website","url":"https:\/\/clam.org.br\/es\/","name":"CLAM - ES","description":"S\u00f3 mais um site CLAM - Centro Latino-Americano em Sexualidade e Direitos Humanos sites","potentialAction":[{"@type":"SearchAction","target":{"@type":"EntryPoint","urlTemplate":"https:\/\/clam.org.br\/es\/?s={search_term_string}"},"query-input":{"@type":"PropertyValueSpecification","valueRequired":true,"valueName":"search_term_string"}}],"inLanguage":"es"},{"@type":"Person","@id":"https:\/\/clam.org.br\/es\/#\/schema\/person\/fbd9a86032bf7479f94b0ded196f1010","name":"fw2","image":{"@type":"ImageObject","inLanguage":"es","@id":"https:\/\/clam.org.br\/es\/#\/schema\/person\/image\/","url":"https:\/\/secure.gravatar.com\/avatar\/c38472c0cdbde82d9b6fcc26adb3779d?s=96&d=mm&r=g","contentUrl":"https:\/\/secure.gravatar.com\/avatar\/c38472c0cdbde82d9b6fcc26adb3779d?s=96&d=mm&r=g","caption":"fw2"},"sameAs":["https:\/\/clam.fw2web.com.br"],"url":"https:\/\/clam.org.br\/es\/author\/fw2\/"}]}},"jetpack_featured_media_url":"","jetpack_sharing_enabled":true,"_links":{"self":[{"href":"https:\/\/clam.org.br\/es\/wp-json\/wp\/v2\/posts\/3521","targetHints":{"allow":["GET"]}}],"collection":[{"href":"https:\/\/clam.org.br\/es\/wp-json\/wp\/v2\/posts"}],"about":[{"href":"https:\/\/clam.org.br\/es\/wp-json\/wp\/v2\/types\/post"}],"author":[{"embeddable":true,"href":"https:\/\/clam.org.br\/es\/wp-json\/wp\/v2\/users\/1"}],"replies":[{"embeddable":true,"href":"https:\/\/clam.org.br\/es\/wp-json\/wp\/v2\/comments?post=3521"}],"version-history":[{"count":1,"href":"https:\/\/clam.org.br\/es\/wp-json\/wp\/v2\/posts\/3521\/revisions"}],"predecessor-version":[{"id":29020,"href":"https:\/\/clam.org.br\/es\/wp-json\/wp\/v2\/posts\/3521\/revisions\/29020"}],"wp:attachment":[{"href":"https:\/\/clam.org.br\/es\/wp-json\/wp\/v2\/media?parent=3521"}],"wp:term":[{"taxonomy":"category","embeddable":true,"href":"https:\/\/clam.org.br\/es\/wp-json\/wp\/v2\/categories?post=3521"},{"taxonomy":"post_tag","embeddable":true,"href":"https:\/\/clam.org.br\/es\/wp-json\/wp\/v2\/tags?post=3521"}],"curies":[{"name":"wp","href":"https:\/\/api.w.org\/{rel}","templated":true}]}}