{"id":3554,"date":"2007-10-30T00:00:00","date_gmt":"2007-10-30T02:00:00","guid":{"rendered":"https:\/\/clam.fw2web.com.br\/es\/2007\/10\/30\/foro-regional-del-fondo-global-en-bogota-fortaleciendo-el-trabajo-en-equipo\/"},"modified":"2023-06-14T07:53:34","modified_gmt":"2023-06-14T10:53:34","slug":"foro-regional-del-fondo-global-en-bogota-fortaleciendo-el-trabajo-en-equipo","status":"publish","type":"post","link":"https:\/\/clam.org.br\/es\/en-los-medios\/foro-regional-del-fondo-global-en-bogota-fortaleciendo-el-trabajo-en-equipo\/3554\/","title":{"rendered":"Foro Regional del Fondo Global en Bogot\u00e1. Fortaleciendo el trabajo en equipo"},"content":{"rendered":"<p>Con el prop\u00f3sito de fortalecer la coordinaci\u00f3n entre los diferentes socios que participan en la ejecuci\u00f3n de los proyectos financiados por el Fondo Mundial de Lucha contra el SIDA, la Malaria y la Tuberculosis, as\u00ed como entre \u00e9stos y otras fuentes de financiaci\u00f3n, entre el 10 y el 12 de octubre se realiz\u00f3 en Bogot\u00e1 el Foro Regional para Am\u00e9rica Latina y el Caribe. <P>\u00bfC\u00f3mo mejorar la coordinaci\u00f3n en financiamiento? y \u00bfC\u00f3mo mejorar la coordinaci\u00f3n en la asistencia t\u00e9cnica? fueron dos interrogantes que guiaron las discusiones durante el certamen, al que asistieron 260 delegados de 26 pa\u00edses, junto con delegados de agencias de cooperaci\u00f3n internacional, de asistencia t\u00e9cnica y de financiaci\u00f3n. <P><a href=\"http:\/\/www.paginasyboletines.com\/fondo\/2007\/edicion_44\/04.html\" target=\"_blank\" rel=\"noopener\">Texto completo<\/A><\/P><\/p>\n","protected":false},"excerpt":{"rendered":"<p>Con el prop\u00f3sito de fortalecer la coordinaci\u00f3n entre los diferentes socios que participan en la ejecuci\u00f3n de los proyectos financiados por el Fondo Mundial de Lucha contra el SIDA, la Malaria y la Tuberculosis, as\u00ed como entre \u00e9stos y otras fuentes de financiaci\u00f3n, entre el 10 y el 12 de octubre se realiz\u00f3 en Bogot\u00e1 el Foro Regional para Am\u00e9rica Latina y el Caribe.<\/p>\n","protected":false},"author":1,"featured_media":0,"comment_status":"open","ping_status":"open","sticky":false,"template":"","format":"standard","meta":{"_acf_changed":false,"site-sidebar-layout":"default","site-content-layout":"default","ast-global-header-display":"","ast-main-header-display":"","ast-hfb-above-header-display":"","ast-hfb-below-header-display":"","ast-hfb-mobile-header-display":"","site-post-title":"","ast-breadcrumbs-content":"","ast-featured-img":"","footer-sml-layout":"","theme-transparent-header-meta":"","adv-header-id-meta":"","stick-header-meta":"","header-above-stick-meta":"","header-main-stick-meta":"","header-below-stick-meta":"","_jetpack_memberships_contains_paid_content":false,"footnotes":""},"categories":[27],"tags":[],"class_list":["post-3554","post","type-post","status-publish","format-standard","hentry","category-en-los-medios"],"acf":[],"yoast_head":"<!-- This site is optimized with the Yoast SEO plugin v26.1.1 - https:\/\/yoast.com\/wordpress\/plugins\/seo\/ -->\n<title>Foro Regional del Fondo Global en Bogot\u00e1. Fortaleciendo el trabajo en equipo - CLAM - ES<\/title>\n<meta name=\"robots\" content=\"index, follow, max-snippet:-1, max-image-preview:large, max-video-preview:-1\" \/>\n<link rel=\"canonical\" href=\"https:\/\/clam.org.br\/es\/en-los-medios\/foro-regional-del-fondo-global-en-bogota-fortaleciendo-el-trabajo-en-equipo\/3554\/\" \/>\n<meta property=\"og:locale\" content=\"es_ES\" \/>\n<meta property=\"og:type\" content=\"article\" \/>\n<meta property=\"og:title\" content=\"Foro Regional del Fondo Global en Bogot\u00e1. Fortaleciendo el trabajo en equipo - CLAM - ES\" \/>\n<meta property=\"og:description\" content=\"Con el prop\u00f3sito de fortalecer la coordinaci\u00f3n entre los diferentes socios que participan en la ejecuci\u00f3n de los proyectos financiados por el Fondo Mundial de Lucha contra el SIDA, la Malaria y la Tuberculosis, as\u00ed como entre \u00e9stos y otras fuentes de financiaci\u00f3n, entre el 10 y el 12 de octubre se realiz\u00f3 en Bogot\u00e1 el Foro Regional para Am\u00e9rica Latina y el Caribe.\" \/>\n<meta property=\"og:url\" content=\"https:\/\/clam.org.br\/es\/en-los-medios\/foro-regional-del-fondo-global-en-bogota-fortaleciendo-el-trabajo-en-equipo\/3554\/\" \/>\n<meta property=\"og:site_name\" content=\"CLAM - ES\" \/>\n<meta property=\"article:published_time\" content=\"2007-10-30T02:00:00+00:00\" \/>\n<meta property=\"article:modified_time\" content=\"2023-06-14T10:53:34+00:00\" \/>\n<meta name=\"author\" content=\"fw2\" \/>\n<meta name=\"twitter:card\" content=\"summary_large_image\" \/>\n<meta name=\"twitter:label1\" content=\"Escrito por\" \/>\n\t<meta name=\"twitter:data1\" content=\"fw2\" \/>\n\t<meta name=\"twitter:label2\" content=\"Tiempo de lectura\" \/>\n\t<meta name=\"twitter:data2\" content=\"1 minuto\" \/>\n<script type=\"application\/ld+json\" class=\"yoast-schema-graph\">{\"@context\":\"https:\/\/schema.org\",\"@graph\":[{\"@type\":\"WebPage\",\"@id\":\"https:\/\/clam.org.br\/es\/en-los-medios\/foro-regional-del-fondo-global-en-bogota-fortaleciendo-el-trabajo-en-equipo\/3554\/\",\"url\":\"https:\/\/clam.org.br\/es\/en-los-medios\/foro-regional-del-fondo-global-en-bogota-fortaleciendo-el-trabajo-en-equipo\/3554\/\",\"name\":\"Foro Regional del Fondo Global en Bogot\u00e1. Fortaleciendo el trabajo en equipo - CLAM - ES\",\"isPartOf\":{\"@id\":\"https:\/\/clam.org.br\/es\/#website\"},\"datePublished\":\"2007-10-30T02:00:00+00:00\",\"dateModified\":\"2023-06-14T10:53:34+00:00\",\"author\":{\"@id\":\"https:\/\/clam.org.br\/es\/#\/schema\/person\/fbd9a86032bf7479f94b0ded196f1010\"},\"breadcrumb\":{\"@id\":\"https:\/\/clam.org.br\/es\/en-los-medios\/foro-regional-del-fondo-global-en-bogota-fortaleciendo-el-trabajo-en-equipo\/3554\/#breadcrumb\"},\"inLanguage\":\"es\",\"potentialAction\":[{\"@type\":\"ReadAction\",\"target\":[\"https:\/\/clam.org.br\/es\/en-los-medios\/foro-regional-del-fondo-global-en-bogota-fortaleciendo-el-trabajo-en-equipo\/3554\/\"]}]},{\"@type\":\"BreadcrumbList\",\"@id\":\"https:\/\/clam.org.br\/es\/en-los-medios\/foro-regional-del-fondo-global-en-bogota-fortaleciendo-el-trabajo-en-equipo\/3554\/#breadcrumb\",\"itemListElement\":[{\"@type\":\"ListItem\",\"position\":1,\"name\":\"In\u00edcio\",\"item\":\"https:\/\/clam.org.br\/es\/\"},{\"@type\":\"ListItem\",\"position\":2,\"name\":\"Foro Regional del Fondo Global en Bogot\u00e1. Fortaleciendo el trabajo en equipo\"}]},{\"@type\":\"WebSite\",\"@id\":\"https:\/\/clam.org.br\/es\/#website\",\"url\":\"https:\/\/clam.org.br\/es\/\",\"name\":\"CLAM - ES\",\"description\":\"S\u00f3 mais um site CLAM - Centro Latino-Americano em Sexualidade e Direitos Humanos sites\",\"potentialAction\":[{\"@type\":\"SearchAction\",\"target\":{\"@type\":\"EntryPoint\",\"urlTemplate\":\"https:\/\/clam.org.br\/es\/?s={search_term_string}\"},\"query-input\":{\"@type\":\"PropertyValueSpecification\",\"valueRequired\":true,\"valueName\":\"search_term_string\"}}],\"inLanguage\":\"es\"},{\"@type\":\"Person\",\"@id\":\"https:\/\/clam.org.br\/es\/#\/schema\/person\/fbd9a86032bf7479f94b0ded196f1010\",\"name\":\"fw2\",\"image\":{\"@type\":\"ImageObject\",\"inLanguage\":\"es\",\"@id\":\"https:\/\/clam.org.br\/es\/#\/schema\/person\/image\/\",\"url\":\"https:\/\/secure.gravatar.com\/avatar\/c38472c0cdbde82d9b6fcc26adb3779d?s=96&d=mm&r=g\",\"contentUrl\":\"https:\/\/secure.gravatar.com\/avatar\/c38472c0cdbde82d9b6fcc26adb3779d?s=96&d=mm&r=g\",\"caption\":\"fw2\"},\"sameAs\":[\"https:\/\/clam.fw2web.com.br\"],\"url\":\"https:\/\/clam.org.br\/es\/author\/fw2\/\"}]}<\/script>\n<!-- \/ Yoast SEO plugin. -->","yoast_head_json":{"title":"Foro Regional del Fondo Global en Bogot\u00e1. Fortaleciendo el trabajo en equipo - CLAM - ES","robots":{"index":"index","follow":"follow","max-snippet":"max-snippet:-1","max-image-preview":"max-image-preview:large","max-video-preview":"max-video-preview:-1"},"canonical":"https:\/\/clam.org.br\/es\/en-los-medios\/foro-regional-del-fondo-global-en-bogota-fortaleciendo-el-trabajo-en-equipo\/3554\/","og_locale":"es_ES","og_type":"article","og_title":"Foro Regional del Fondo Global en Bogot\u00e1. Fortaleciendo el trabajo en equipo - CLAM - ES","og_description":"Con el prop\u00f3sito de fortalecer la coordinaci\u00f3n entre los diferentes socios que participan en la ejecuci\u00f3n de los proyectos financiados por el Fondo Mundial de Lucha contra el SIDA, la Malaria y la Tuberculosis, as\u00ed como entre \u00e9stos y otras fuentes de financiaci\u00f3n, entre el 10 y el 12 de octubre se realiz\u00f3 en Bogot\u00e1 el Foro Regional para Am\u00e9rica Latina y el Caribe.","og_url":"https:\/\/clam.org.br\/es\/en-los-medios\/foro-regional-del-fondo-global-en-bogota-fortaleciendo-el-trabajo-en-equipo\/3554\/","og_site_name":"CLAM - ES","article_published_time":"2007-10-30T02:00:00+00:00","article_modified_time":"2023-06-14T10:53:34+00:00","author":"fw2","twitter_card":"summary_large_image","twitter_misc":{"Escrito por":"fw2","Tiempo de lectura":"1 minuto"},"schema":{"@context":"https:\/\/schema.org","@graph":[{"@type":"WebPage","@id":"https:\/\/clam.org.br\/es\/en-los-medios\/foro-regional-del-fondo-global-en-bogota-fortaleciendo-el-trabajo-en-equipo\/3554\/","url":"https:\/\/clam.org.br\/es\/en-los-medios\/foro-regional-del-fondo-global-en-bogota-fortaleciendo-el-trabajo-en-equipo\/3554\/","name":"Foro Regional del Fondo Global en Bogot\u00e1. Fortaleciendo el trabajo en equipo - CLAM - ES","isPartOf":{"@id":"https:\/\/clam.org.br\/es\/#website"},"datePublished":"2007-10-30T02:00:00+00:00","dateModified":"2023-06-14T10:53:34+00:00","author":{"@id":"https:\/\/clam.org.br\/es\/#\/schema\/person\/fbd9a86032bf7479f94b0ded196f1010"},"breadcrumb":{"@id":"https:\/\/clam.org.br\/es\/en-los-medios\/foro-regional-del-fondo-global-en-bogota-fortaleciendo-el-trabajo-en-equipo\/3554\/#breadcrumb"},"inLanguage":"es","potentialAction":[{"@type":"ReadAction","target":["https:\/\/clam.org.br\/es\/en-los-medios\/foro-regional-del-fondo-global-en-bogota-fortaleciendo-el-trabajo-en-equipo\/3554\/"]}]},{"@type":"BreadcrumbList","@id":"https:\/\/clam.org.br\/es\/en-los-medios\/foro-regional-del-fondo-global-en-bogota-fortaleciendo-el-trabajo-en-equipo\/3554\/#breadcrumb","itemListElement":[{"@type":"ListItem","position":1,"name":"In\u00edcio","item":"https:\/\/clam.org.br\/es\/"},{"@type":"ListItem","position":2,"name":"Foro Regional del Fondo Global en Bogot\u00e1. Fortaleciendo el trabajo en equipo"}]},{"@type":"WebSite","@id":"https:\/\/clam.org.br\/es\/#website","url":"https:\/\/clam.org.br\/es\/","name":"CLAM - ES","description":"S\u00f3 mais um site CLAM - Centro Latino-Americano em Sexualidade e Direitos Humanos sites","potentialAction":[{"@type":"SearchAction","target":{"@type":"EntryPoint","urlTemplate":"https:\/\/clam.org.br\/es\/?s={search_term_string}"},"query-input":{"@type":"PropertyValueSpecification","valueRequired":true,"valueName":"search_term_string"}}],"inLanguage":"es"},{"@type":"Person","@id":"https:\/\/clam.org.br\/es\/#\/schema\/person\/fbd9a86032bf7479f94b0ded196f1010","name":"fw2","image":{"@type":"ImageObject","inLanguage":"es","@id":"https:\/\/clam.org.br\/es\/#\/schema\/person\/image\/","url":"https:\/\/secure.gravatar.com\/avatar\/c38472c0cdbde82d9b6fcc26adb3779d?s=96&d=mm&r=g","contentUrl":"https:\/\/secure.gravatar.com\/avatar\/c38472c0cdbde82d9b6fcc26adb3779d?s=96&d=mm&r=g","caption":"fw2"},"sameAs":["https:\/\/clam.fw2web.com.br"],"url":"https:\/\/clam.org.br\/es\/author\/fw2\/"}]}},"jetpack_featured_media_url":"","jetpack_sharing_enabled":true,"_links":{"self":[{"href":"https:\/\/clam.org.br\/es\/wp-json\/wp\/v2\/posts\/3554","targetHints":{"allow":["GET"]}}],"collection":[{"href":"https:\/\/clam.org.br\/es\/wp-json\/wp\/v2\/posts"}],"about":[{"href":"https:\/\/clam.org.br\/es\/wp-json\/wp\/v2\/types\/post"}],"author":[{"embeddable":true,"href":"https:\/\/clam.org.br\/es\/wp-json\/wp\/v2\/users\/1"}],"replies":[{"embeddable":true,"href":"https:\/\/clam.org.br\/es\/wp-json\/wp\/v2\/comments?post=3554"}],"version-history":[{"count":1,"href":"https:\/\/clam.org.br\/es\/wp-json\/wp\/v2\/posts\/3554\/revisions"}],"predecessor-version":[{"id":29053,"href":"https:\/\/clam.org.br\/es\/wp-json\/wp\/v2\/posts\/3554\/revisions\/29053"}],"wp:attachment":[{"href":"https:\/\/clam.org.br\/es\/wp-json\/wp\/v2\/media?parent=3554"}],"wp:term":[{"taxonomy":"category","embeddable":true,"href":"https:\/\/clam.org.br\/es\/wp-json\/wp\/v2\/categories?post=3554"},{"taxonomy":"post_tag","embeddable":true,"href":"https:\/\/clam.org.br\/es\/wp-json\/wp\/v2\/tags?post=3554"}],"curies":[{"name":"wp","href":"https:\/\/api.w.org\/{rel}","templated":true}]}}