{"id":3559,"date":"2007-11-06T00:00:00","date_gmt":"2007-11-06T02:00:00","guid":{"rendered":"https:\/\/clam.fw2web.com.br\/es\/2007\/11\/06\/los-nuevos-alcaldes-y-la-poblacion-lgbt-colombiana\/"},"modified":"2023-06-14T07:53:36","modified_gmt":"2023-06-14T10:53:36","slug":"los-nuevos-alcaldes-y-la-poblacion-lgbt-colombiana","status":"publish","type":"post","link":"https:\/\/clam.org.br\/es\/en-los-medios\/los-nuevos-alcaldes-y-la-poblacion-lgbt-colombiana\/3559\/","title":{"rendered":"Los nuevos alcaldes y la poblaci\u00f3n LGBT colombiana"},"content":{"rendered":"<p>Manuel Velandia hace un repaso del escenario pol\u00edtico y los derechos de gays, lesbianas, transexuales y bisexuales colombian@s tras las elecciones para alcaldes en Colombia.<BR>  <P>Tres de los recientes elegidos alcaldes: Samuel Moreno Rojas del Polo Democr\u00e1tico Alternativo con el 43.7% de los votos en Bogot\u00e1; Jorge Iv\u00e1n Ospina G\u00f3mez de Podemos Cali, con el 44.56 %; y, Alonso Salazar del Movimiento Alianza social ind\u00edgena con el 44.21% en Medell\u00edn, incluyeron en sus Programas de Gobierno la realizaci\u00f3n de pol\u00edticas p\u00fablicas orientadas al sector LGBT y acuerdos program\u00e1ticos con lideres y liderezas de este sector.<BR>  <P>En estas tres ciudades las organizaciones de minor\u00edas sexuales cuentan con una trayectoria organizativa y de participaci\u00f3n pol\u00edtica en la toma de decisiones de sus respectivos gobiernos locales, dicha pr\u00e1ctica participativa posibilit\u00f3 que los candidatos entendieran que el sector LGBT es un sector social con un peso importante no s\u00f3lo como electores sino en la b\u00fasqueda de alternativas que posibiliten la convivencia solidaria y democr\u00e1tica de las ciudadanas y ciudadanos, cualesquiera que sea su orientaci\u00f3n sexual.<BR>  <P><\/P><a href=\"http:\/\/agmagazine.com.ar\/index.php?IdNot=1862\" target=\"_blank\" rel=\"noopener\">Texto completo<\/A><\/p>\n","protected":false},"excerpt":{"rendered":"<p>Manuel Velandia hace un repaso del escenario pol\u00edtico y los derechos de gays, lesbianas, transexuales y bisexuales colombian@s tras las elecciones para alcaldes en Colombia.<\/p>\n","protected":false},"author":1,"featured_media":0,"comment_status":"open","ping_status":"open","sticky":false,"template":"","format":"standard","meta":{"_acf_changed":false,"site-sidebar-layout":"default","site-content-layout":"default","ast-global-header-display":"","ast-main-header-display":"","ast-hfb-above-header-display":"","ast-hfb-below-header-display":"","ast-hfb-mobile-header-display":"","site-post-title":"","ast-breadcrumbs-content":"","ast-featured-img":"","footer-sml-layout":"","theme-transparent-header-meta":"","adv-header-id-meta":"","stick-header-meta":"","header-above-stick-meta":"","header-main-stick-meta":"","header-below-stick-meta":"","_jetpack_memberships_contains_paid_content":false,"footnotes":""},"categories":[27],"tags":[],"class_list":["post-3559","post","type-post","status-publish","format-standard","hentry","category-en-los-medios"],"acf":[],"yoast_head":"<!-- This site is optimized with the Yoast SEO plugin v26.1.1 - https:\/\/yoast.com\/wordpress\/plugins\/seo\/ -->\n<title>Los nuevos alcaldes y la poblaci\u00f3n LGBT colombiana - CLAM - ES<\/title>\n<meta name=\"robots\" content=\"index, follow, max-snippet:-1, max-image-preview:large, max-video-preview:-1\" \/>\n<link rel=\"canonical\" href=\"https:\/\/clam.org.br\/es\/en-los-medios\/los-nuevos-alcaldes-y-la-poblacion-lgbt-colombiana\/3559\/\" \/>\n<meta property=\"og:locale\" content=\"es_ES\" \/>\n<meta property=\"og:type\" content=\"article\" \/>\n<meta property=\"og:title\" content=\"Los nuevos alcaldes y la poblaci\u00f3n LGBT colombiana - CLAM - ES\" \/>\n<meta property=\"og:description\" content=\"Manuel Velandia hace un repaso del escenario pol\u00edtico y los derechos de gays, lesbianas, transexuales y bisexuales colombian@s tras las elecciones para alcaldes en Colombia.\" \/>\n<meta property=\"og:url\" content=\"https:\/\/clam.org.br\/es\/en-los-medios\/los-nuevos-alcaldes-y-la-poblacion-lgbt-colombiana\/3559\/\" \/>\n<meta property=\"og:site_name\" content=\"CLAM - ES\" \/>\n<meta property=\"article:published_time\" content=\"2007-11-06T02:00:00+00:00\" \/>\n<meta property=\"article:modified_time\" content=\"2023-06-14T10:53:36+00:00\" \/>\n<meta name=\"author\" content=\"fw2\" \/>\n<meta name=\"twitter:card\" content=\"summary_large_image\" \/>\n<meta name=\"twitter:label1\" content=\"Escrito por\" \/>\n\t<meta name=\"twitter:data1\" content=\"fw2\" \/>\n\t<meta name=\"twitter:label2\" content=\"Tiempo de lectura\" \/>\n\t<meta name=\"twitter:data2\" content=\"1 minuto\" \/>\n<script type=\"application\/ld+json\" class=\"yoast-schema-graph\">{\"@context\":\"https:\/\/schema.org\",\"@graph\":[{\"@type\":\"WebPage\",\"@id\":\"https:\/\/clam.org.br\/es\/en-los-medios\/los-nuevos-alcaldes-y-la-poblacion-lgbt-colombiana\/3559\/\",\"url\":\"https:\/\/clam.org.br\/es\/en-los-medios\/los-nuevos-alcaldes-y-la-poblacion-lgbt-colombiana\/3559\/\",\"name\":\"Los nuevos alcaldes y la poblaci\u00f3n LGBT colombiana - CLAM - ES\",\"isPartOf\":{\"@id\":\"https:\/\/clam.org.br\/es\/#website\"},\"datePublished\":\"2007-11-06T02:00:00+00:00\",\"dateModified\":\"2023-06-14T10:53:36+00:00\",\"author\":{\"@id\":\"https:\/\/clam.org.br\/es\/#\/schema\/person\/fbd9a86032bf7479f94b0ded196f1010\"},\"breadcrumb\":{\"@id\":\"https:\/\/clam.org.br\/es\/en-los-medios\/los-nuevos-alcaldes-y-la-poblacion-lgbt-colombiana\/3559\/#breadcrumb\"},\"inLanguage\":\"es\",\"potentialAction\":[{\"@type\":\"ReadAction\",\"target\":[\"https:\/\/clam.org.br\/es\/en-los-medios\/los-nuevos-alcaldes-y-la-poblacion-lgbt-colombiana\/3559\/\"]}]},{\"@type\":\"BreadcrumbList\",\"@id\":\"https:\/\/clam.org.br\/es\/en-los-medios\/los-nuevos-alcaldes-y-la-poblacion-lgbt-colombiana\/3559\/#breadcrumb\",\"itemListElement\":[{\"@type\":\"ListItem\",\"position\":1,\"name\":\"In\u00edcio\",\"item\":\"https:\/\/clam.org.br\/es\/\"},{\"@type\":\"ListItem\",\"position\":2,\"name\":\"Los nuevos alcaldes y la poblaci\u00f3n LGBT colombiana\"}]},{\"@type\":\"WebSite\",\"@id\":\"https:\/\/clam.org.br\/es\/#website\",\"url\":\"https:\/\/clam.org.br\/es\/\",\"name\":\"CLAM - ES\",\"description\":\"S\u00f3 mais um site CLAM - Centro Latino-Americano em Sexualidade e Direitos Humanos sites\",\"potentialAction\":[{\"@type\":\"SearchAction\",\"target\":{\"@type\":\"EntryPoint\",\"urlTemplate\":\"https:\/\/clam.org.br\/es\/?s={search_term_string}\"},\"query-input\":{\"@type\":\"PropertyValueSpecification\",\"valueRequired\":true,\"valueName\":\"search_term_string\"}}],\"inLanguage\":\"es\"},{\"@type\":\"Person\",\"@id\":\"https:\/\/clam.org.br\/es\/#\/schema\/person\/fbd9a86032bf7479f94b0ded196f1010\",\"name\":\"fw2\",\"image\":{\"@type\":\"ImageObject\",\"inLanguage\":\"es\",\"@id\":\"https:\/\/clam.org.br\/es\/#\/schema\/person\/image\/\",\"url\":\"https:\/\/secure.gravatar.com\/avatar\/c38472c0cdbde82d9b6fcc26adb3779d?s=96&d=mm&r=g\",\"contentUrl\":\"https:\/\/secure.gravatar.com\/avatar\/c38472c0cdbde82d9b6fcc26adb3779d?s=96&d=mm&r=g\",\"caption\":\"fw2\"},\"sameAs\":[\"https:\/\/clam.fw2web.com.br\"],\"url\":\"https:\/\/clam.org.br\/es\/author\/fw2\/\"}]}<\/script>\n<!-- \/ Yoast SEO plugin. -->","yoast_head_json":{"title":"Los nuevos alcaldes y la poblaci\u00f3n LGBT colombiana - CLAM - ES","robots":{"index":"index","follow":"follow","max-snippet":"max-snippet:-1","max-image-preview":"max-image-preview:large","max-video-preview":"max-video-preview:-1"},"canonical":"https:\/\/clam.org.br\/es\/en-los-medios\/los-nuevos-alcaldes-y-la-poblacion-lgbt-colombiana\/3559\/","og_locale":"es_ES","og_type":"article","og_title":"Los nuevos alcaldes y la poblaci\u00f3n LGBT colombiana - CLAM - ES","og_description":"Manuel Velandia hace un repaso del escenario pol\u00edtico y los derechos de gays, lesbianas, transexuales y bisexuales colombian@s tras las elecciones para alcaldes en Colombia.","og_url":"https:\/\/clam.org.br\/es\/en-los-medios\/los-nuevos-alcaldes-y-la-poblacion-lgbt-colombiana\/3559\/","og_site_name":"CLAM - ES","article_published_time":"2007-11-06T02:00:00+00:00","article_modified_time":"2023-06-14T10:53:36+00:00","author":"fw2","twitter_card":"summary_large_image","twitter_misc":{"Escrito por":"fw2","Tiempo de lectura":"1 minuto"},"schema":{"@context":"https:\/\/schema.org","@graph":[{"@type":"WebPage","@id":"https:\/\/clam.org.br\/es\/en-los-medios\/los-nuevos-alcaldes-y-la-poblacion-lgbt-colombiana\/3559\/","url":"https:\/\/clam.org.br\/es\/en-los-medios\/los-nuevos-alcaldes-y-la-poblacion-lgbt-colombiana\/3559\/","name":"Los nuevos alcaldes y la poblaci\u00f3n LGBT colombiana - CLAM - ES","isPartOf":{"@id":"https:\/\/clam.org.br\/es\/#website"},"datePublished":"2007-11-06T02:00:00+00:00","dateModified":"2023-06-14T10:53:36+00:00","author":{"@id":"https:\/\/clam.org.br\/es\/#\/schema\/person\/fbd9a86032bf7479f94b0ded196f1010"},"breadcrumb":{"@id":"https:\/\/clam.org.br\/es\/en-los-medios\/los-nuevos-alcaldes-y-la-poblacion-lgbt-colombiana\/3559\/#breadcrumb"},"inLanguage":"es","potentialAction":[{"@type":"ReadAction","target":["https:\/\/clam.org.br\/es\/en-los-medios\/los-nuevos-alcaldes-y-la-poblacion-lgbt-colombiana\/3559\/"]}]},{"@type":"BreadcrumbList","@id":"https:\/\/clam.org.br\/es\/en-los-medios\/los-nuevos-alcaldes-y-la-poblacion-lgbt-colombiana\/3559\/#breadcrumb","itemListElement":[{"@type":"ListItem","position":1,"name":"In\u00edcio","item":"https:\/\/clam.org.br\/es\/"},{"@type":"ListItem","position":2,"name":"Los nuevos alcaldes y la poblaci\u00f3n LGBT colombiana"}]},{"@type":"WebSite","@id":"https:\/\/clam.org.br\/es\/#website","url":"https:\/\/clam.org.br\/es\/","name":"CLAM - ES","description":"S\u00f3 mais um site CLAM - Centro Latino-Americano em Sexualidade e Direitos Humanos sites","potentialAction":[{"@type":"SearchAction","target":{"@type":"EntryPoint","urlTemplate":"https:\/\/clam.org.br\/es\/?s={search_term_string}"},"query-input":{"@type":"PropertyValueSpecification","valueRequired":true,"valueName":"search_term_string"}}],"inLanguage":"es"},{"@type":"Person","@id":"https:\/\/clam.org.br\/es\/#\/schema\/person\/fbd9a86032bf7479f94b0ded196f1010","name":"fw2","image":{"@type":"ImageObject","inLanguage":"es","@id":"https:\/\/clam.org.br\/es\/#\/schema\/person\/image\/","url":"https:\/\/secure.gravatar.com\/avatar\/c38472c0cdbde82d9b6fcc26adb3779d?s=96&d=mm&r=g","contentUrl":"https:\/\/secure.gravatar.com\/avatar\/c38472c0cdbde82d9b6fcc26adb3779d?s=96&d=mm&r=g","caption":"fw2"},"sameAs":["https:\/\/clam.fw2web.com.br"],"url":"https:\/\/clam.org.br\/es\/author\/fw2\/"}]}},"jetpack_featured_media_url":"","jetpack_sharing_enabled":true,"_links":{"self":[{"href":"https:\/\/clam.org.br\/es\/wp-json\/wp\/v2\/posts\/3559","targetHints":{"allow":["GET"]}}],"collection":[{"href":"https:\/\/clam.org.br\/es\/wp-json\/wp\/v2\/posts"}],"about":[{"href":"https:\/\/clam.org.br\/es\/wp-json\/wp\/v2\/types\/post"}],"author":[{"embeddable":true,"href":"https:\/\/clam.org.br\/es\/wp-json\/wp\/v2\/users\/1"}],"replies":[{"embeddable":true,"href":"https:\/\/clam.org.br\/es\/wp-json\/wp\/v2\/comments?post=3559"}],"version-history":[{"count":1,"href":"https:\/\/clam.org.br\/es\/wp-json\/wp\/v2\/posts\/3559\/revisions"}],"predecessor-version":[{"id":29058,"href":"https:\/\/clam.org.br\/es\/wp-json\/wp\/v2\/posts\/3559\/revisions\/29058"}],"wp:attachment":[{"href":"https:\/\/clam.org.br\/es\/wp-json\/wp\/v2\/media?parent=3559"}],"wp:term":[{"taxonomy":"category","embeddable":true,"href":"https:\/\/clam.org.br\/es\/wp-json\/wp\/v2\/categories?post=3559"},{"taxonomy":"post_tag","embeddable":true,"href":"https:\/\/clam.org.br\/es\/wp-json\/wp\/v2\/tags?post=3559"}],"curies":[{"name":"wp","href":"https:\/\/api.w.org\/{rel}","templated":true}]}}