{"id":35712,"date":"2025-05-05T17:06:08","date_gmt":"2025-05-05T20:06:08","guid":{"rendered":"https:\/\/clam.org.br\/es\/?p=35712"},"modified":"2025-05-13T10:32:18","modified_gmt":"2025-05-13T13:32:18","slug":"mauro-brigeiro-2","status":"publish","type":"post","link":"https:\/\/clam.org.br\/es\/equipo\/mauro-brigeiro-2\/35712\/","title":{"rendered":"Mauro Brigeiro"},"content":{"rendered":"\t\t<div data-elementor-type=\"wp-post\" data-elementor-id=\"35712\" class=\"elementor elementor-35712\">\n\t\t\t\t\t\t<section class=\"elementor-section elementor-top-section elementor-element elementor-element-63157cc elementor-section-boxed elementor-section-height-default elementor-section-height-default\" data-id=\"63157cc\" data-element_type=\"section\" data-e-type=\"section\">\n\t\t\t\t\t\t<div class=\"elementor-container elementor-column-gap-default\">\n\t\t\t\t\t<div class=\"elementor-column elementor-col-50 elementor-top-column elementor-element elementor-element-b862e3a\" data-id=\"b862e3a\" data-element_type=\"column\" data-e-type=\"column\">\n\t\t\t<div class=\"elementor-widget-wrap elementor-element-populated\">\n\t\t\t\t\t\t<div class=\"elementor-element elementor-element-fbc1586 elementor-widget elementor-widget-image\" data-id=\"fbc1586\" data-element_type=\"widget\" data-e-type=\"widget\" data-widget_type=\"image.default\">\n\t\t\t\t<div class=\"elementor-widget-container\">\n\t\t\t\t\t\t\t\t\t\t\t\t\t\t\t<img fetchpriority=\"high\" decoding=\"async\" width=\"640\" height=\"640\" src=\"https:\/\/clam.org.br\/es\/wp-content\/uploads\/sites\/3\/2025\/05\/MB.jpg\" class=\"attachment-large size-large wp-image-35713\" alt=\"\" srcset=\"https:\/\/clam.org.br\/es\/wp-content\/uploads\/sites\/3\/2025\/05\/MB.jpg 640w, https:\/\/clam.org.br\/es\/wp-content\/uploads\/sites\/3\/2025\/05\/MB-300x300.jpg 300w, https:\/\/clam.org.br\/es\/wp-content\/uploads\/sites\/3\/2025\/05\/MB-150x150.jpg 150w, https:\/\/clam.org.br\/es\/wp-content\/uploads\/sites\/3\/2025\/05\/MB-600x600.jpg 600w\" sizes=\"(max-width: 640px) 100vw, 640px\" \/>\t\t\t\t\t\t\t\t\t\t\t\t\t\t\t<\/div>\n\t\t\t\t<\/div>\n\t\t\t\t\t<\/div>\n\t\t<\/div>\n\t\t\t\t<div class=\"elementor-column elementor-col-50 elementor-top-column elementor-element elementor-element-6e5414e\" data-id=\"6e5414e\" data-element_type=\"column\" data-e-type=\"column\">\n\t\t\t<div class=\"elementor-widget-wrap elementor-element-populated\">\n\t\t\t\t\t\t<div class=\"elementor-element elementor-element-c162ffc elementor-widget elementor-widget-heading\" data-id=\"c162ffc\" data-element_type=\"widget\" data-e-type=\"widget\" data-widget_type=\"heading.default\">\n\t\t\t\t<div class=\"elementor-widget-container\">\n\t\t\t\t\t<h2 class=\"elementor-heading-title elementor-size-default\">MAURO BRIGEIRO<\/h2>\t\t\t\t<\/div>\n\t\t\t\t<\/div>\n\t\t\t\t<div class=\"elementor-element elementor-element-6374616 elementor-widget elementor-widget-text-editor\" data-id=\"6374616\" data-element_type=\"widget\" data-e-type=\"widget\" data-widget_type=\"text-editor.default\">\n\t\t\t\t<div class=\"elementor-widget-container\">\n\t\t\t\t\t\t\t\t\t<p>Doctor en Antropolog\u00eda Social (2021) por la Universidad Estatal de Campinas (UNICAMP), habiendo realizado un intercambio doctoral en Portugal, en el Departamento de Antropolog\u00eda del Instituto Universitario de Lisboa-ISCTE. Es Mag\u00edster en Salud Colectiva (2000) por el Instituto de Medicina Social de la Universidad del Estado de R\u00edo de Janeiro (IMS\/UERJ), en el \u00e1rea de concentraci\u00f3n de Ciencias Humanas y Salud. Tiene experiencia como docente e investigador en Brasil y Colombia, actuando en las \u00e1reas de antropolog\u00eda, estudios de g\u00e9nero y envejecimiento. Desde 2015, colabora como investigador posdoctoral en el Laboratorio de Educaci\u00f3n en Ambiente y Salud (LEAS) del Instituto Oswaldo Cruz (IOC), FIOCRUZ, con una beca del Programa de Posdoctorado Nota 10 de FAPERJ. Es profesor sustituto en el Departamento de Salud Colectiva de la UNIRIO. Es investigador asociado del Centro Latinoamericano en Sexualidad y Derechos Humanos (CLAM) del IMS\/UERJ, colaborando en proyectos de \u00e1mbito regional y, entre 2015 y 2016, como docente del curso de Especializaci\u00f3n en G\u00e9nero y Sexualidad. Fue profesor sustituto en el Instituto de Estudios en Salud Colectiva (IESC) de la UFRJ, entre 2013 y 2014. Estuvo vinculado como profesor en la Universidad Nacional de Colombia (UNAL), inicialmente entre 2002 y 2003, apoyando la maestr\u00eda en \u201cDiscapacidad e Inclusi\u00f3n Social\u201d de la \u201cFacultad de Medicina\u201d y, posteriormente, entre 2003 y 2010, como profesor adscrito al \u201cDepartamento de Antropolog\u00eda\u201d y a la \u201cEscuela de Estudios de G\u00e9nero\u201d, actuando en programas de pregrado y posgrado. A\u00fan en Bogot\u00e1, fue docente de la \u201cEscuela de Medicina y Ciencias de la Salud\u201d de la Universidad del Rosario, en 2003 y en 2019, y de la Corporaci\u00f3n Universitaria Iberoamericana, entre 2002 y 2004. Es miembro de la Red Latinoamericana de Gerontolog\u00eda, con sede en Chile y actuaci\u00f3n regional, donde ha colaborado como consultor en proyectos editoriales y de desarrollo social. Ha desarrollado investigaciones sobre los siguientes temas: sexualidad, g\u00e9nero, curso de vida, gesti\u00f3n de la vejez, biom\u00e9dicalizaci\u00f3n y las relaciones entre ciencia, naturaleza y cultura.<\/p><p>Direcci\u00f3n para acceder a este curr\u00edculum: <a href=\"http:\/\/lattes.cnpq.br\/8610614558200071\"><strong>http:\/\/lattes.cnpq.br\/8610614558200071<\/strong><\/a><\/p>\t\t\t\t\t\t\t\t<\/div>\n\t\t\t\t<\/div>\n\t\t\t\t\t<\/div>\n\t\t<\/div>\n\t\t\t\t\t<\/div>\n\t\t<\/section>\n\t\t\t\t<section class=\"elementor-section elementor-top-section elementor-element elementor-element-eb776bf elementor-section-boxed elementor-section-height-default elementor-section-height-default\" data-id=\"eb776bf\" data-element_type=\"section\" data-e-type=\"section\">\n\t\t\t\t\t\t<div class=\"elementor-container elementor-column-gap-default\">\n\t\t\t\t\t<div class=\"elementor-column elementor-col-100 elementor-top-column elementor-element elementor-element-414d249\" data-id=\"414d249\" data-element_type=\"column\" data-e-type=\"column\">\n\t\t\t<div class=\"elementor-widget-wrap elementor-element-populated\">\n\t\t\t\t\t\t<div class=\"elementor-element elementor-element-5f0ed69 elementor-widget-divider--view-line elementor-widget elementor-widget-divider\" data-id=\"5f0ed69\" data-element_type=\"widget\" data-e-type=\"widget\" data-widget_type=\"divider.default\">\n\t\t\t\t<div class=\"elementor-widget-container\">\n\t\t\t\t\t\t\t<div class=\"elementor-divider\">\n\t\t\t<span class=\"elementor-divider-separator\">\n\t\t\t\t\t\t<\/span>\n\t\t<\/div>\n\t\t\t\t\t\t<\/div>\n\t\t\t\t<\/div>\n\t\t\t\t<div class=\"elementor-element elementor-element-48fc7c0 elementor-widget elementor-widget-text-editor\" data-id=\"48fc7c0\" data-element_type=\"widget\" data-e-type=\"widget\" data-widget_type=\"text-editor.default\">\n\t\t\t\t<div class=\"elementor-widget-container\">\n\t\t\t\t\t\t\t\t\t<p><strong>Publicaciones:<\/strong><\/p><p>1) BRIGEIRO, Mauro; Debert, Guita Grin. A gest\u00e3o do envelhecimento e a sexualidade: revisitando imagens e narrativas. In: ALMEIDA, Heloisa Buarque de; HENNING, Carlos Eduardo. (Org.).\u00a0<em>Desafios e resist\u00eancias em g\u00eanero e sexualidade no Brasil contempor\u00e2neo<\/em>. 1ed.Goi\u00e2nia: ABA Publica\u00e7\u00f5es, 2024, v. , p. 452-481.\u00a0<strong><a href=\"https:\/\/files.cercomp.ufg.br\/weby\/up\/688\/o\/Desafios_e_Resistencias_em_Genero_e_Sexualidade_no__Brasil_Contemporaneo.pdf\">https:\/\/files.cercomp.ufg.br\/weby\/up\/688\/o\/Desafios_e_Resistencias_em_Genero_e_Sexualidade_no__Brasil_Contemporaneo.pdf<\/a><\/strong><\/p><p>2) BRIGEIRO, Mauro; MONTEIRO, Simone. Pre-exposure prophylaxis for HIV in Brazil: hopes and moral panic in the social construction of a biomedical technology. CULTURE HEALTH &amp; SEXUALITY, v. 25, p. 1055-1069, 2023.\u00a0<a href=\"https:\/\/doi.org\/10.1080\/13691058.2022.2121423\"><strong>https:\/\/doi.org\/10.1080\/13691058.2022.2121423<\/strong><\/a><\/p><p>3) FACUNDO, Angela ;\u00a0BRIGEIRO, Mauro.\u00a0<em>Sexualidad, Ciencia y Profesi\u00f3n em Colombia<\/em>. 1. ed. Rio de Janeiro: CEPESC, 2014. v. 1. 144p.\u00a0<a href=\"http:\/\/www.clam.org.br\/uploads\/arquivo\/Sexualidad_ciencia_profesion_Colombia.pdf\"><strong>http:\/\/www.clam.org.br\/uploads\/arquivo\/Sexualidad_ciencia_profesion_Colombia.pdf<\/strong><\/a>\u00a0<\/p><p>4) BRIGEIRO, Mauro. A emerg\u00eancia da assexualidade: notas sobre pol\u00edtica sexual, ethos cient\u00edfico e o desinteresse pelo sexo. SEXUALIDAD, SALUD Y SOCIEDAD (Rio de Janeiro), v. 14, p. 253-283, 2013.\u00a0<a href=\"https:\/\/doi.org\/10.1590\/S1984-64872013000200012\"><strong>https:\/\/doi.org\/10.1590\/S1984-64872013000200012<\/strong><\/a><\/p><p>5) BRIGEIRO, Mauro; MELO-MORENO, Marco Alejandro; RIVERA-AMARILLO, Claudia; RODR\u00cdGUEZ-ROND\u00d3N, Flora.\u00a0<em>La investigaci\u00f3n sobre sexualidad en Colombia (1990-2004): balance bibliogr\u00e1fico<\/em>. 1. ed. Bogot\u00e1 \/ Rio de Janeiro: Universidad Nacional de Colombia\/CLAM-UERJ, 2012. v. 500. 142p.\u00a0<a href=\"https:\/\/clam.org.br\/uploads\/arquivo\/Estado_del_arte_col.pdf\"><strong>https:\/\/clam.org.br\/uploads\/arquivo\/Estado_del_arte_col.pdf<\/strong><\/a><\/p><p>\u00a0<\/p>\t\t\t\t\t\t\t\t<\/div>\n\t\t\t\t<\/div>\n\t\t\t\t\t<\/div>\n\t\t<\/div>\n\t\t\t\t\t<\/div>\n\t\t<\/section>\n\t\t\t\t<\/div>\n\t\t","protected":false},"excerpt":{"rendered":"<p>MAURO BRIGEIRO Doctor en Antropolog\u00eda Social (2021) por la Universidad Estatal de Campinas (UNICAMP), habiendo realizado un intercambio doctoral en Portugal, en el Departamento de Antropolog\u00eda del Instituto Universitario de Lisboa-ISCTE. Es Mag\u00edster en Salud Colectiva (2000) por el Instituto de Medicina Social de la Universidad del Estado de R\u00edo de Janeiro (IMS\/UERJ), en el \u00e1rea de concentraci\u00f3n de Ciencias Humanas y Salud. Tiene experiencia como docente e investigador en Brasil y Colombia, actuando en &hellip;<\/p>\n<p class=\"read-more\"> <a class=\"\" href=\"https:\/\/clam.org.br\/es\/equipo\/mauro-brigeiro-2\/35712\/\"> <span class=\"screen-reader-text\">Mauro Brigeiro<\/span> Leer m\u00e1s &raquo;<\/a><\/p>\n","protected":false},"author":2,"featured_media":35713,"comment_status":"open","ping_status":"open","sticky":false,"template":"","format":"standard","meta":{"_acf_changed":false,"site-sidebar-layout":"default","site-content-layout":"default","ast-global-header-display":"","ast-main-header-display":"","ast-hfb-above-header-display":"","ast-hfb-below-header-display":"","ast-hfb-mobile-header-display":"","site-post-title":"","ast-breadcrumbs-content":"","ast-featured-img":"","footer-sml-layout":"","theme-transparent-header-meta":"","adv-header-id-meta":"","stick-header-meta":"","header-above-stick-meta":"","header-main-stick-meta":"","header-below-stick-meta":"","_jetpack_memberships_contains_paid_content":false,"footnotes":""},"categories":[38],"tags":[],"class_list":["post-35712","post","type-post","status-publish","format-standard","has-post-thumbnail","hentry","category-equipo"],"acf":[],"yoast_head":"<!-- This site is optimized with the Yoast SEO plugin v26.1.1 - https:\/\/yoast.com\/wordpress\/plugins\/seo\/ -->\n<title>Mauro Brigeiro - CLAM - ES<\/title>\n<meta name=\"robots\" content=\"index, follow, max-snippet:-1, max-image-preview:large, max-video-preview:-1\" \/>\n<link rel=\"canonical\" href=\"https:\/\/clam.org.br\/es\/equipo\/mauro-brigeiro-2\/35712\/\" \/>\n<meta property=\"og:locale\" content=\"es_ES\" \/>\n<meta property=\"og:type\" content=\"article\" \/>\n<meta property=\"og:title\" content=\"Mauro Brigeiro - CLAM - ES\" \/>\n<meta property=\"og:description\" content=\"MAURO BRIGEIRO Doctor en Antropolog\u00eda Social (2021) por la Universidad Estatal de Campinas (UNICAMP), habiendo realizado un intercambio doctoral en Portugal, en el Departamento de Antropolog\u00eda del Instituto Universitario de Lisboa-ISCTE. Es Mag\u00edster en Salud Colectiva (2000) por el Instituto de Medicina Social de la Universidad del Estado de R\u00edo de Janeiro (IMS\/UERJ), en el \u00e1rea de concentraci\u00f3n de Ciencias Humanas y Salud. Tiene experiencia como docente e investigador en Brasil y Colombia, actuando en &hellip; Mauro Brigeiro Leer m\u00e1s &raquo;\" \/>\n<meta property=\"og:url\" content=\"https:\/\/clam.org.br\/es\/equipo\/mauro-brigeiro-2\/35712\/\" \/>\n<meta property=\"og:site_name\" content=\"CLAM - ES\" \/>\n<meta property=\"article:published_time\" content=\"2025-05-05T20:06:08+00:00\" \/>\n<meta property=\"article:modified_time\" content=\"2025-05-13T13:32:18+00:00\" \/>\n<meta property=\"og:image\" content=\"https:\/\/clam.org.br\/es\/wp-content\/uploads\/sites\/3\/2025\/05\/MB.jpg\" \/>\n\t<meta property=\"og:image:width\" content=\"640\" \/>\n\t<meta property=\"og:image:height\" content=\"640\" \/>\n\t<meta property=\"og:image:type\" content=\"image\/jpeg\" \/>\n<meta name=\"author\" content=\"clam\" \/>\n<meta name=\"twitter:card\" content=\"summary_large_image\" \/>\n<meta name=\"twitter:label1\" content=\"Escrito por\" \/>\n\t<meta name=\"twitter:data1\" content=\"clam\" \/>\n\t<meta name=\"twitter:label2\" content=\"Tiempo de lectura\" \/>\n\t<meta name=\"twitter:data2\" content=\"3 minutos\" \/>\n<script type=\"application\/ld+json\" class=\"yoast-schema-graph\">{\"@context\":\"https:\/\/schema.org\",\"@graph\":[{\"@type\":\"WebPage\",\"@id\":\"https:\/\/clam.org.br\/es\/equipo\/mauro-brigeiro-2\/35712\/\",\"url\":\"https:\/\/clam.org.br\/es\/equipo\/mauro-brigeiro-2\/35712\/\",\"name\":\"Mauro Brigeiro - CLAM - ES\",\"isPartOf\":{\"@id\":\"https:\/\/clam.org.br\/es\/#website\"},\"primaryImageOfPage\":{\"@id\":\"https:\/\/clam.org.br\/es\/equipo\/mauro-brigeiro-2\/35712\/#primaryimage\"},\"image\":{\"@id\":\"https:\/\/clam.org.br\/es\/equipo\/mauro-brigeiro-2\/35712\/#primaryimage\"},\"thumbnailUrl\":\"https:\/\/clam.org.br\/es\/wp-content\/uploads\/sites\/3\/2025\/05\/MB.jpg\",\"datePublished\":\"2025-05-05T20:06:08+00:00\",\"dateModified\":\"2025-05-13T13:32:18+00:00\",\"author\":{\"@id\":\"https:\/\/clam.org.br\/es\/#\/schema\/person\/bb7ade0266af558f6fdfef28eab3efcd\"},\"breadcrumb\":{\"@id\":\"https:\/\/clam.org.br\/es\/equipo\/mauro-brigeiro-2\/35712\/#breadcrumb\"},\"inLanguage\":\"es\",\"potentialAction\":[{\"@type\":\"ReadAction\",\"target\":[\"https:\/\/clam.org.br\/es\/equipo\/mauro-brigeiro-2\/35712\/\"]}]},{\"@type\":\"ImageObject\",\"inLanguage\":\"es\",\"@id\":\"https:\/\/clam.org.br\/es\/equipo\/mauro-brigeiro-2\/35712\/#primaryimage\",\"url\":\"https:\/\/clam.org.br\/es\/wp-content\/uploads\/sites\/3\/2025\/05\/MB.jpg\",\"contentUrl\":\"https:\/\/clam.org.br\/es\/wp-content\/uploads\/sites\/3\/2025\/05\/MB.jpg\",\"width\":640,\"height\":640},{\"@type\":\"BreadcrumbList\",\"@id\":\"https:\/\/clam.org.br\/es\/equipo\/mauro-brigeiro-2\/35712\/#breadcrumb\",\"itemListElement\":[{\"@type\":\"ListItem\",\"position\":1,\"name\":\"In\u00edcio\",\"item\":\"https:\/\/clam.org.br\/es\/\"},{\"@type\":\"ListItem\",\"position\":2,\"name\":\"Mauro Brigeiro\"}]},{\"@type\":\"WebSite\",\"@id\":\"https:\/\/clam.org.br\/es\/#website\",\"url\":\"https:\/\/clam.org.br\/es\/\",\"name\":\"CLAM - ES\",\"description\":\"S\u00f3 mais um site CLAM - Centro Latino-Americano em Sexualidade e Direitos Humanos sites\",\"potentialAction\":[{\"@type\":\"SearchAction\",\"target\":{\"@type\":\"EntryPoint\",\"urlTemplate\":\"https:\/\/clam.org.br\/es\/?s={search_term_string}\"},\"query-input\":{\"@type\":\"PropertyValueSpecification\",\"valueRequired\":true,\"valueName\":\"search_term_string\"}}],\"inLanguage\":\"es\"},{\"@type\":\"Person\",\"@id\":\"https:\/\/clam.org.br\/es\/#\/schema\/person\/bb7ade0266af558f6fdfef28eab3efcd\",\"name\":\"clam\",\"image\":{\"@type\":\"ImageObject\",\"inLanguage\":\"es\",\"@id\":\"https:\/\/clam.org.br\/es\/#\/schema\/person\/image\/\",\"url\":\"https:\/\/secure.gravatar.com\/avatar\/960336c4095eede6adaa27c7bc9c98b5?s=96&d=mm&r=g\",\"contentUrl\":\"https:\/\/secure.gravatar.com\/avatar\/960336c4095eede6adaa27c7bc9c98b5?s=96&d=mm&r=g\",\"caption\":\"clam\"},\"url\":\"https:\/\/clam.org.br\/es\/author\/clam\/\"}]}<\/script>\n<!-- \/ Yoast SEO plugin. -->","yoast_head_json":{"title":"Mauro Brigeiro - CLAM - ES","robots":{"index":"index","follow":"follow","max-snippet":"max-snippet:-1","max-image-preview":"max-image-preview:large","max-video-preview":"max-video-preview:-1"},"canonical":"https:\/\/clam.org.br\/es\/equipo\/mauro-brigeiro-2\/35712\/","og_locale":"es_ES","og_type":"article","og_title":"Mauro Brigeiro - CLAM - ES","og_description":"MAURO BRIGEIRO Doctor en Antropolog\u00eda Social (2021) por la Universidad Estatal de Campinas (UNICAMP), habiendo realizado un intercambio doctoral en Portugal, en el Departamento de Antropolog\u00eda del Instituto Universitario de Lisboa-ISCTE. Es Mag\u00edster en Salud Colectiva (2000) por el Instituto de Medicina Social de la Universidad del Estado de R\u00edo de Janeiro (IMS\/UERJ), en el \u00e1rea de concentraci\u00f3n de Ciencias Humanas y Salud. Tiene experiencia como docente e investigador en Brasil y Colombia, actuando en &hellip; Mauro Brigeiro Leer m\u00e1s &raquo;","og_url":"https:\/\/clam.org.br\/es\/equipo\/mauro-brigeiro-2\/35712\/","og_site_name":"CLAM - ES","article_published_time":"2025-05-05T20:06:08+00:00","article_modified_time":"2025-05-13T13:32:18+00:00","og_image":[{"width":640,"height":640,"url":"https:\/\/clam.org.br\/es\/wp-content\/uploads\/sites\/3\/2025\/05\/MB.jpg","type":"image\/jpeg"}],"author":"clam","twitter_card":"summary_large_image","twitter_misc":{"Escrito por":"clam","Tiempo de lectura":"3 minutos"},"schema":{"@context":"https:\/\/schema.org","@graph":[{"@type":"WebPage","@id":"https:\/\/clam.org.br\/es\/equipo\/mauro-brigeiro-2\/35712\/","url":"https:\/\/clam.org.br\/es\/equipo\/mauro-brigeiro-2\/35712\/","name":"Mauro Brigeiro - CLAM - ES","isPartOf":{"@id":"https:\/\/clam.org.br\/es\/#website"},"primaryImageOfPage":{"@id":"https:\/\/clam.org.br\/es\/equipo\/mauro-brigeiro-2\/35712\/#primaryimage"},"image":{"@id":"https:\/\/clam.org.br\/es\/equipo\/mauro-brigeiro-2\/35712\/#primaryimage"},"thumbnailUrl":"https:\/\/clam.org.br\/es\/wp-content\/uploads\/sites\/3\/2025\/05\/MB.jpg","datePublished":"2025-05-05T20:06:08+00:00","dateModified":"2025-05-13T13:32:18+00:00","author":{"@id":"https:\/\/clam.org.br\/es\/#\/schema\/person\/bb7ade0266af558f6fdfef28eab3efcd"},"breadcrumb":{"@id":"https:\/\/clam.org.br\/es\/equipo\/mauro-brigeiro-2\/35712\/#breadcrumb"},"inLanguage":"es","potentialAction":[{"@type":"ReadAction","target":["https:\/\/clam.org.br\/es\/equipo\/mauro-brigeiro-2\/35712\/"]}]},{"@type":"ImageObject","inLanguage":"es","@id":"https:\/\/clam.org.br\/es\/equipo\/mauro-brigeiro-2\/35712\/#primaryimage","url":"https:\/\/clam.org.br\/es\/wp-content\/uploads\/sites\/3\/2025\/05\/MB.jpg","contentUrl":"https:\/\/clam.org.br\/es\/wp-content\/uploads\/sites\/3\/2025\/05\/MB.jpg","width":640,"height":640},{"@type":"BreadcrumbList","@id":"https:\/\/clam.org.br\/es\/equipo\/mauro-brigeiro-2\/35712\/#breadcrumb","itemListElement":[{"@type":"ListItem","position":1,"name":"In\u00edcio","item":"https:\/\/clam.org.br\/es\/"},{"@type":"ListItem","position":2,"name":"Mauro Brigeiro"}]},{"@type":"WebSite","@id":"https:\/\/clam.org.br\/es\/#website","url":"https:\/\/clam.org.br\/es\/","name":"CLAM - ES","description":"S\u00f3 mais um site CLAM - Centro Latino-Americano em Sexualidade e Direitos Humanos sites","potentialAction":[{"@type":"SearchAction","target":{"@type":"EntryPoint","urlTemplate":"https:\/\/clam.org.br\/es\/?s={search_term_string}"},"query-input":{"@type":"PropertyValueSpecification","valueRequired":true,"valueName":"search_term_string"}}],"inLanguage":"es"},{"@type":"Person","@id":"https:\/\/clam.org.br\/es\/#\/schema\/person\/bb7ade0266af558f6fdfef28eab3efcd","name":"clam","image":{"@type":"ImageObject","inLanguage":"es","@id":"https:\/\/clam.org.br\/es\/#\/schema\/person\/image\/","url":"https:\/\/secure.gravatar.com\/avatar\/960336c4095eede6adaa27c7bc9c98b5?s=96&d=mm&r=g","contentUrl":"https:\/\/secure.gravatar.com\/avatar\/960336c4095eede6adaa27c7bc9c98b5?s=96&d=mm&r=g","caption":"clam"},"url":"https:\/\/clam.org.br\/es\/author\/clam\/"}]}},"jetpack_featured_media_url":"https:\/\/clam.org.br\/es\/wp-content\/uploads\/sites\/3\/2025\/05\/MB.jpg","jetpack_sharing_enabled":true,"_links":{"self":[{"href":"https:\/\/clam.org.br\/es\/wp-json\/wp\/v2\/posts\/35712","targetHints":{"allow":["GET"]}}],"collection":[{"href":"https:\/\/clam.org.br\/es\/wp-json\/wp\/v2\/posts"}],"about":[{"href":"https:\/\/clam.org.br\/es\/wp-json\/wp\/v2\/types\/post"}],"author":[{"embeddable":true,"href":"https:\/\/clam.org.br\/es\/wp-json\/wp\/v2\/users\/2"}],"replies":[{"embeddable":true,"href":"https:\/\/clam.org.br\/es\/wp-json\/wp\/v2\/comments?post=35712"}],"version-history":[{"count":10,"href":"https:\/\/clam.org.br\/es\/wp-json\/wp\/v2\/posts\/35712\/revisions"}],"predecessor-version":[{"id":35915,"href":"https:\/\/clam.org.br\/es\/wp-json\/wp\/v2\/posts\/35712\/revisions\/35915"}],"wp:featuredmedia":[{"embeddable":true,"href":"https:\/\/clam.org.br\/es\/wp-json\/wp\/v2\/media\/35713"}],"wp:attachment":[{"href":"https:\/\/clam.org.br\/es\/wp-json\/wp\/v2\/media?parent=35712"}],"wp:term":[{"taxonomy":"category","embeddable":true,"href":"https:\/\/clam.org.br\/es\/wp-json\/wp\/v2\/categories?post=35712"},{"taxonomy":"post_tag","embeddable":true,"href":"https:\/\/clam.org.br\/es\/wp-json\/wp\/v2\/tags?post=35712"}],"curies":[{"name":"wp","href":"https:\/\/api.w.org\/{rel}","templated":true}]}}