{"id":3614,"date":"2007-12-04T00:00:00","date_gmt":"2007-12-04T02:00:00","guid":{"rendered":"https:\/\/clam.fw2web.com.br\/es\/2007\/12\/04\/gran-participacion-ciudadana-en-dia-mundial-de-lucha-contra-el-sida\/"},"modified":"2023-06-14T07:54:06","modified_gmt":"2023-06-14T10:54:06","slug":"gran-participacion-ciudadana-en-dia-mundial-de-lucha-contra-el-sida","status":"publish","type":"post","link":"https:\/\/clam.org.br\/es\/en-los-medios\/gran-participacion-ciudadana-en-dia-mundial-de-lucha-contra-el-sida\/3614\/","title":{"rendered":"Gran participaci\u00f3n ciudadana en D\u00eda Mundial de Lucha Contra el Sida"},"content":{"rendered":"<p>Bajo el lema \u00abDiscriminar es absurdo\u2026.. lo haces t\u00fa?\u00bb , m\u00e1s de tres mil personas se congregaron esta ma\u00f1ana en el Campo de Marte para formar un gran lazo humano con motivo del D\u00eda Mundial de Lucha contra el Sida.  <P>La ceremonia encabezada por el Ministro de Salud, Carlos Vallejos, y el Alcalde de Jes\u00fas Mar\u00eda, Enrique Ocrospoma, tuvo como objetivo generar conciencia entre la poblaci\u00f3n respecto a las diversas manifestaciones de discriminaci\u00f3n por las que afrontan las personas infectadas con el virus del VIH.  <P><a href=\"http:\/\/www.larepublica.com.pe\/content\/view\/191548\/676\/\" target=\"_blank\" rel=\"noopener\">Texto completo<\/A><\/P><\/p>\n","protected":false},"excerpt":{"rendered":"<p>Bajo el lema \u00abDiscriminar es absurdo\u2026.. lo haces t\u00fa?\u00bb , m\u00e1s de tres mil personas se congregaron esta ma\u00f1ana en el Campo de Marte para formar un gran lazo humano con motivo del D\u00eda Mundial de Lucha contra el Sida.  La ceremonia encabezada por el Ministro de Salud, Carlos Vallejos, y el Alcalde de Jes\u00fas Mar\u00eda, Enrique Ocrospoma, tuvo como objetivo generar conciencia entre la poblaci\u00f3n respecto a las diversas manifestaciones de discriminaci\u00f3n por las que afrontan las personas infectadas con el virus del VIH.<\/p>\n","protected":false},"author":1,"featured_media":0,"comment_status":"open","ping_status":"open","sticky":false,"template":"","format":"standard","meta":{"_acf_changed":false,"site-sidebar-layout":"default","site-content-layout":"default","ast-global-header-display":"","ast-main-header-display":"","ast-hfb-above-header-display":"","ast-hfb-below-header-display":"","ast-hfb-mobile-header-display":"","site-post-title":"","ast-breadcrumbs-content":"","ast-featured-img":"","footer-sml-layout":"","theme-transparent-header-meta":"","adv-header-id-meta":"","stick-header-meta":"","header-above-stick-meta":"","header-main-stick-meta":"","header-below-stick-meta":"","_jetpack_memberships_contains_paid_content":false,"footnotes":""},"categories":[27],"tags":[],"class_list":["post-3614","post","type-post","status-publish","format-standard","hentry","category-en-los-medios"],"acf":[],"yoast_head":"<!-- This site is optimized with the Yoast SEO plugin v26.1.1 - https:\/\/yoast.com\/wordpress\/plugins\/seo\/ -->\n<title>Gran participaci\u00f3n ciudadana en D\u00eda Mundial de Lucha Contra el Sida - CLAM - ES<\/title>\n<meta name=\"robots\" content=\"index, follow, max-snippet:-1, max-image-preview:large, max-video-preview:-1\" \/>\n<link rel=\"canonical\" href=\"https:\/\/clam.org.br\/es\/en-los-medios\/gran-participacion-ciudadana-en-dia-mundial-de-lucha-contra-el-sida\/3614\/\" \/>\n<meta property=\"og:locale\" content=\"es_ES\" \/>\n<meta property=\"og:type\" content=\"article\" \/>\n<meta property=\"og:title\" content=\"Gran participaci\u00f3n ciudadana en D\u00eda Mundial de Lucha Contra el Sida - CLAM - ES\" \/>\n<meta property=\"og:description\" content=\"Bajo el lema &quot;Discriminar es absurdo\u2026.. lo haces t\u00fa?&quot; , m\u00e1s de tres mil personas se congregaron esta ma\u00f1ana en el Campo de Marte para formar un gran lazo humano con motivo del D\u00eda Mundial de Lucha contra el Sida. La ceremonia encabezada por el Ministro de Salud, Carlos Vallejos, y el Alcalde de Jes\u00fas Mar\u00eda, Enrique Ocrospoma, tuvo como objetivo generar conciencia entre la poblaci\u00f3n respecto a las diversas manifestaciones de discriminaci\u00f3n por las que afrontan las personas infectadas con el virus del VIH.\" \/>\n<meta property=\"og:url\" content=\"https:\/\/clam.org.br\/es\/en-los-medios\/gran-participacion-ciudadana-en-dia-mundial-de-lucha-contra-el-sida\/3614\/\" \/>\n<meta property=\"og:site_name\" content=\"CLAM - ES\" \/>\n<meta property=\"article:published_time\" content=\"2007-12-04T02:00:00+00:00\" \/>\n<meta property=\"article:modified_time\" content=\"2023-06-14T10:54:06+00:00\" \/>\n<meta name=\"author\" content=\"fw2\" \/>\n<meta name=\"twitter:card\" content=\"summary_large_image\" \/>\n<meta name=\"twitter:label1\" content=\"Escrito por\" \/>\n\t<meta name=\"twitter:data1\" content=\"fw2\" \/>\n<script type=\"application\/ld+json\" class=\"yoast-schema-graph\">{\"@context\":\"https:\/\/schema.org\",\"@graph\":[{\"@type\":\"WebPage\",\"@id\":\"https:\/\/clam.org.br\/es\/en-los-medios\/gran-participacion-ciudadana-en-dia-mundial-de-lucha-contra-el-sida\/3614\/\",\"url\":\"https:\/\/clam.org.br\/es\/en-los-medios\/gran-participacion-ciudadana-en-dia-mundial-de-lucha-contra-el-sida\/3614\/\",\"name\":\"Gran participaci\u00f3n ciudadana en D\u00eda Mundial de Lucha Contra el Sida - CLAM - ES\",\"isPartOf\":{\"@id\":\"https:\/\/clam.org.br\/es\/#website\"},\"datePublished\":\"2007-12-04T02:00:00+00:00\",\"dateModified\":\"2023-06-14T10:54:06+00:00\",\"author\":{\"@id\":\"https:\/\/clam.org.br\/es\/#\/schema\/person\/fbd9a86032bf7479f94b0ded196f1010\"},\"breadcrumb\":{\"@id\":\"https:\/\/clam.org.br\/es\/en-los-medios\/gran-participacion-ciudadana-en-dia-mundial-de-lucha-contra-el-sida\/3614\/#breadcrumb\"},\"inLanguage\":\"es\",\"potentialAction\":[{\"@type\":\"ReadAction\",\"target\":[\"https:\/\/clam.org.br\/es\/en-los-medios\/gran-participacion-ciudadana-en-dia-mundial-de-lucha-contra-el-sida\/3614\/\"]}]},{\"@type\":\"BreadcrumbList\",\"@id\":\"https:\/\/clam.org.br\/es\/en-los-medios\/gran-participacion-ciudadana-en-dia-mundial-de-lucha-contra-el-sida\/3614\/#breadcrumb\",\"itemListElement\":[{\"@type\":\"ListItem\",\"position\":1,\"name\":\"In\u00edcio\",\"item\":\"https:\/\/clam.org.br\/es\/\"},{\"@type\":\"ListItem\",\"position\":2,\"name\":\"Gran participaci\u00f3n ciudadana en D\u00eda Mundial de Lucha Contra el Sida\"}]},{\"@type\":\"WebSite\",\"@id\":\"https:\/\/clam.org.br\/es\/#website\",\"url\":\"https:\/\/clam.org.br\/es\/\",\"name\":\"CLAM - ES\",\"description\":\"S\u00f3 mais um site CLAM - Centro Latino-Americano em Sexualidade e Direitos Humanos sites\",\"potentialAction\":[{\"@type\":\"SearchAction\",\"target\":{\"@type\":\"EntryPoint\",\"urlTemplate\":\"https:\/\/clam.org.br\/es\/?s={search_term_string}\"},\"query-input\":{\"@type\":\"PropertyValueSpecification\",\"valueRequired\":true,\"valueName\":\"search_term_string\"}}],\"inLanguage\":\"es\"},{\"@type\":\"Person\",\"@id\":\"https:\/\/clam.org.br\/es\/#\/schema\/person\/fbd9a86032bf7479f94b0ded196f1010\",\"name\":\"fw2\",\"image\":{\"@type\":\"ImageObject\",\"inLanguage\":\"es\",\"@id\":\"https:\/\/clam.org.br\/es\/#\/schema\/person\/image\/\",\"url\":\"https:\/\/secure.gravatar.com\/avatar\/c38472c0cdbde82d9b6fcc26adb3779d?s=96&d=mm&r=g\",\"contentUrl\":\"https:\/\/secure.gravatar.com\/avatar\/c38472c0cdbde82d9b6fcc26adb3779d?s=96&d=mm&r=g\",\"caption\":\"fw2\"},\"sameAs\":[\"https:\/\/clam.fw2web.com.br\"],\"url\":\"https:\/\/clam.org.br\/es\/author\/fw2\/\"}]}<\/script>\n<!-- \/ Yoast SEO plugin. -->","yoast_head_json":{"title":"Gran participaci\u00f3n ciudadana en D\u00eda Mundial de Lucha Contra el Sida - CLAM - ES","robots":{"index":"index","follow":"follow","max-snippet":"max-snippet:-1","max-image-preview":"max-image-preview:large","max-video-preview":"max-video-preview:-1"},"canonical":"https:\/\/clam.org.br\/es\/en-los-medios\/gran-participacion-ciudadana-en-dia-mundial-de-lucha-contra-el-sida\/3614\/","og_locale":"es_ES","og_type":"article","og_title":"Gran participaci\u00f3n ciudadana en D\u00eda Mundial de Lucha Contra el Sida - CLAM - ES","og_description":"Bajo el lema \"Discriminar es absurdo\u2026.. lo haces t\u00fa?\" , m\u00e1s de tres mil personas se congregaron esta ma\u00f1ana en el Campo de Marte para formar un gran lazo humano con motivo del D\u00eda Mundial de Lucha contra el Sida. La ceremonia encabezada por el Ministro de Salud, Carlos Vallejos, y el Alcalde de Jes\u00fas Mar\u00eda, Enrique Ocrospoma, tuvo como objetivo generar conciencia entre la poblaci\u00f3n respecto a las diversas manifestaciones de discriminaci\u00f3n por las que afrontan las personas infectadas con el virus del VIH.","og_url":"https:\/\/clam.org.br\/es\/en-los-medios\/gran-participacion-ciudadana-en-dia-mundial-de-lucha-contra-el-sida\/3614\/","og_site_name":"CLAM - ES","article_published_time":"2007-12-04T02:00:00+00:00","article_modified_time":"2023-06-14T10:54:06+00:00","author":"fw2","twitter_card":"summary_large_image","twitter_misc":{"Escrito por":"fw2"},"schema":{"@context":"https:\/\/schema.org","@graph":[{"@type":"WebPage","@id":"https:\/\/clam.org.br\/es\/en-los-medios\/gran-participacion-ciudadana-en-dia-mundial-de-lucha-contra-el-sida\/3614\/","url":"https:\/\/clam.org.br\/es\/en-los-medios\/gran-participacion-ciudadana-en-dia-mundial-de-lucha-contra-el-sida\/3614\/","name":"Gran participaci\u00f3n ciudadana en D\u00eda Mundial de Lucha Contra el Sida - CLAM - ES","isPartOf":{"@id":"https:\/\/clam.org.br\/es\/#website"},"datePublished":"2007-12-04T02:00:00+00:00","dateModified":"2023-06-14T10:54:06+00:00","author":{"@id":"https:\/\/clam.org.br\/es\/#\/schema\/person\/fbd9a86032bf7479f94b0ded196f1010"},"breadcrumb":{"@id":"https:\/\/clam.org.br\/es\/en-los-medios\/gran-participacion-ciudadana-en-dia-mundial-de-lucha-contra-el-sida\/3614\/#breadcrumb"},"inLanguage":"es","potentialAction":[{"@type":"ReadAction","target":["https:\/\/clam.org.br\/es\/en-los-medios\/gran-participacion-ciudadana-en-dia-mundial-de-lucha-contra-el-sida\/3614\/"]}]},{"@type":"BreadcrumbList","@id":"https:\/\/clam.org.br\/es\/en-los-medios\/gran-participacion-ciudadana-en-dia-mundial-de-lucha-contra-el-sida\/3614\/#breadcrumb","itemListElement":[{"@type":"ListItem","position":1,"name":"In\u00edcio","item":"https:\/\/clam.org.br\/es\/"},{"@type":"ListItem","position":2,"name":"Gran participaci\u00f3n ciudadana en D\u00eda Mundial de Lucha Contra el Sida"}]},{"@type":"WebSite","@id":"https:\/\/clam.org.br\/es\/#website","url":"https:\/\/clam.org.br\/es\/","name":"CLAM - ES","description":"S\u00f3 mais um site CLAM - Centro Latino-Americano em Sexualidade e Direitos Humanos sites","potentialAction":[{"@type":"SearchAction","target":{"@type":"EntryPoint","urlTemplate":"https:\/\/clam.org.br\/es\/?s={search_term_string}"},"query-input":{"@type":"PropertyValueSpecification","valueRequired":true,"valueName":"search_term_string"}}],"inLanguage":"es"},{"@type":"Person","@id":"https:\/\/clam.org.br\/es\/#\/schema\/person\/fbd9a86032bf7479f94b0ded196f1010","name":"fw2","image":{"@type":"ImageObject","inLanguage":"es","@id":"https:\/\/clam.org.br\/es\/#\/schema\/person\/image\/","url":"https:\/\/secure.gravatar.com\/avatar\/c38472c0cdbde82d9b6fcc26adb3779d?s=96&d=mm&r=g","contentUrl":"https:\/\/secure.gravatar.com\/avatar\/c38472c0cdbde82d9b6fcc26adb3779d?s=96&d=mm&r=g","caption":"fw2"},"sameAs":["https:\/\/clam.fw2web.com.br"],"url":"https:\/\/clam.org.br\/es\/author\/fw2\/"}]}},"jetpack_featured_media_url":"","jetpack_sharing_enabled":true,"_links":{"self":[{"href":"https:\/\/clam.org.br\/es\/wp-json\/wp\/v2\/posts\/3614","targetHints":{"allow":["GET"]}}],"collection":[{"href":"https:\/\/clam.org.br\/es\/wp-json\/wp\/v2\/posts"}],"about":[{"href":"https:\/\/clam.org.br\/es\/wp-json\/wp\/v2\/types\/post"}],"author":[{"embeddable":true,"href":"https:\/\/clam.org.br\/es\/wp-json\/wp\/v2\/users\/1"}],"replies":[{"embeddable":true,"href":"https:\/\/clam.org.br\/es\/wp-json\/wp\/v2\/comments?post=3614"}],"version-history":[{"count":1,"href":"https:\/\/clam.org.br\/es\/wp-json\/wp\/v2\/posts\/3614\/revisions"}],"predecessor-version":[{"id":29113,"href":"https:\/\/clam.org.br\/es\/wp-json\/wp\/v2\/posts\/3614\/revisions\/29113"}],"wp:attachment":[{"href":"https:\/\/clam.org.br\/es\/wp-json\/wp\/v2\/media?parent=3614"}],"wp:term":[{"taxonomy":"category","embeddable":true,"href":"https:\/\/clam.org.br\/es\/wp-json\/wp\/v2\/categories?post=3614"},{"taxonomy":"post_tag","embeddable":true,"href":"https:\/\/clam.org.br\/es\/wp-json\/wp\/v2\/tags?post=3614"}],"curies":[{"name":"wp","href":"https:\/\/api.w.org\/{rel}","templated":true}]}}