{"id":3615,"date":"2007-12-04T00:00:00","date_gmt":"2007-12-04T02:00:00","guid":{"rendered":"https:\/\/clam.fw2web.com.br\/es\/2007\/12\/04\/gobierno-y-agrupaciones-pro-vida-chocan-en-alegato-clave-ante-tc-por-pildora-de-dia-despues\/"},"modified":"2023-06-14T07:54:07","modified_gmt":"2023-06-14T10:54:07","slug":"gobierno-y-agrupaciones-pro-vida-chocan-en-alegato-clave-ante-tc-por-pildora-de-dia-despues","status":"publish","type":"post","link":"https:\/\/clam.org.br\/es\/en-los-medios\/gobierno-y-agrupaciones-pro-vida-chocan-en-alegato-clave-ante-tc-por-pildora-de-dia-despues\/3615\/","title":{"rendered":"Gobierno y agrupaciones pro vida chocan en alegato clave ante TC por p\u00edldora de d\u00eda despu\u00e9s"},"content":{"rendered":"<p><P>En lo que se ha previsto como un enfrentamiento clave para la continuidad de una de las pol\u00edticas m\u00e1s emblem\u00e1ticas del Ministerio de Salud, el Gobierno y agrupaciones pro vida se enfrentar\u00e1n hoy en el Tribunal Constitucional en un alegato crucial en el proceso para definir la legalidad de la medida que establece la distribuci\u00f3n masiva de la p\u00edldora del d\u00eda despu\u00e9s.<\/P> <P><a href=\"http:\/\/diario.elmercurio.com\/2007\/11\/29\/nacional\/politica\/noticias\/EDC7319A-69C5-4FE5-83FB-DFA58F027BC0.htm?id={EDC7319A-69C5-4FE5-83FB-DFA58F027BC0}\" target=\"_blank\" rel=\"noopener\">Texto completo<\/A><\/P><\/p>\n","protected":false},"excerpt":{"rendered":"<p>En lo que se ha previsto como un enfrentamiento clave para la continuidad de una de las pol\u00edticas m\u00e1s emblem\u00e1ticas del Ministerio de Salud, el Gobierno y agrupaciones pro vida se enfrentar\u00e1n hoy en el Tribunal Constitucional en un alegato crucial en el proceso para definir la legalidad de la medida que establece la distribuci\u00f3n masiva de la p\u00edldora del d\u00eda despu\u00e9s.<\/p>\n","protected":false},"author":1,"featured_media":0,"comment_status":"open","ping_status":"open","sticky":false,"template":"","format":"standard","meta":{"_acf_changed":false,"site-sidebar-layout":"default","site-content-layout":"default","ast-global-header-display":"","ast-main-header-display":"","ast-hfb-above-header-display":"","ast-hfb-below-header-display":"","ast-hfb-mobile-header-display":"","site-post-title":"","ast-breadcrumbs-content":"","ast-featured-img":"","footer-sml-layout":"","theme-transparent-header-meta":"","adv-header-id-meta":"","stick-header-meta":"","header-above-stick-meta":"","header-main-stick-meta":"","header-below-stick-meta":"","_jetpack_memberships_contains_paid_content":false,"footnotes":""},"categories":[27],"tags":[],"class_list":["post-3615","post","type-post","status-publish","format-standard","hentry","category-en-los-medios"],"acf":[],"yoast_head":"<!-- This site is optimized with the Yoast SEO plugin v26.1.1 - https:\/\/yoast.com\/wordpress\/plugins\/seo\/ -->\n<title>Gobierno y agrupaciones pro vida chocan en alegato clave ante TC por p\u00edldora de d\u00eda despu\u00e9s - CLAM - ES<\/title>\n<meta name=\"robots\" content=\"index, follow, max-snippet:-1, max-image-preview:large, max-video-preview:-1\" \/>\n<link rel=\"canonical\" href=\"https:\/\/clam.org.br\/es\/en-los-medios\/gobierno-y-agrupaciones-pro-vida-chocan-en-alegato-clave-ante-tc-por-pildora-de-dia-despues\/3615\/\" \/>\n<meta property=\"og:locale\" content=\"es_ES\" \/>\n<meta property=\"og:type\" content=\"article\" \/>\n<meta property=\"og:title\" content=\"Gobierno y agrupaciones pro vida chocan en alegato clave ante TC por p\u00edldora de d\u00eda despu\u00e9s - CLAM - ES\" \/>\n<meta property=\"og:description\" content=\"En lo que se ha previsto como un enfrentamiento clave para la continuidad de una de las pol\u00edticas m\u00e1s emblem\u00e1ticas del Ministerio de Salud, el Gobierno y agrupaciones pro vida se enfrentar\u00e1n hoy en el Tribunal Constitucional en un alegato crucial en el proceso para definir la legalidad de la medida que establece la distribuci\u00f3n masiva de la p\u00edldora del d\u00eda despu\u00e9s.\" \/>\n<meta property=\"og:url\" content=\"https:\/\/clam.org.br\/es\/en-los-medios\/gobierno-y-agrupaciones-pro-vida-chocan-en-alegato-clave-ante-tc-por-pildora-de-dia-despues\/3615\/\" \/>\n<meta property=\"og:site_name\" content=\"CLAM - ES\" \/>\n<meta property=\"article:published_time\" content=\"2007-12-04T02:00:00+00:00\" \/>\n<meta property=\"article:modified_time\" content=\"2023-06-14T10:54:07+00:00\" \/>\n<meta name=\"author\" content=\"fw2\" \/>\n<meta name=\"twitter:card\" content=\"summary_large_image\" \/>\n<meta name=\"twitter:label1\" content=\"Escrito por\" \/>\n\t<meta name=\"twitter:data1\" content=\"fw2\" \/>\n<script type=\"application\/ld+json\" class=\"yoast-schema-graph\">{\"@context\":\"https:\/\/schema.org\",\"@graph\":[{\"@type\":\"WebPage\",\"@id\":\"https:\/\/clam.org.br\/es\/en-los-medios\/gobierno-y-agrupaciones-pro-vida-chocan-en-alegato-clave-ante-tc-por-pildora-de-dia-despues\/3615\/\",\"url\":\"https:\/\/clam.org.br\/es\/en-los-medios\/gobierno-y-agrupaciones-pro-vida-chocan-en-alegato-clave-ante-tc-por-pildora-de-dia-despues\/3615\/\",\"name\":\"Gobierno y agrupaciones pro vida chocan en alegato clave ante TC por p\u00edldora de d\u00eda despu\u00e9s - CLAM - ES\",\"isPartOf\":{\"@id\":\"https:\/\/clam.org.br\/es\/#website\"},\"datePublished\":\"2007-12-04T02:00:00+00:00\",\"dateModified\":\"2023-06-14T10:54:07+00:00\",\"author\":{\"@id\":\"https:\/\/clam.org.br\/es\/#\/schema\/person\/fbd9a86032bf7479f94b0ded196f1010\"},\"breadcrumb\":{\"@id\":\"https:\/\/clam.org.br\/es\/en-los-medios\/gobierno-y-agrupaciones-pro-vida-chocan-en-alegato-clave-ante-tc-por-pildora-de-dia-despues\/3615\/#breadcrumb\"},\"inLanguage\":\"es\",\"potentialAction\":[{\"@type\":\"ReadAction\",\"target\":[\"https:\/\/clam.org.br\/es\/en-los-medios\/gobierno-y-agrupaciones-pro-vida-chocan-en-alegato-clave-ante-tc-por-pildora-de-dia-despues\/3615\/\"]}]},{\"@type\":\"BreadcrumbList\",\"@id\":\"https:\/\/clam.org.br\/es\/en-los-medios\/gobierno-y-agrupaciones-pro-vida-chocan-en-alegato-clave-ante-tc-por-pildora-de-dia-despues\/3615\/#breadcrumb\",\"itemListElement\":[{\"@type\":\"ListItem\",\"position\":1,\"name\":\"In\u00edcio\",\"item\":\"https:\/\/clam.org.br\/es\/\"},{\"@type\":\"ListItem\",\"position\":2,\"name\":\"Gobierno y agrupaciones pro vida chocan en alegato clave ante TC por p\u00edldora de d\u00eda despu\u00e9s\"}]},{\"@type\":\"WebSite\",\"@id\":\"https:\/\/clam.org.br\/es\/#website\",\"url\":\"https:\/\/clam.org.br\/es\/\",\"name\":\"CLAM - ES\",\"description\":\"S\u00f3 mais um site CLAM - Centro Latino-Americano em Sexualidade e Direitos Humanos sites\",\"potentialAction\":[{\"@type\":\"SearchAction\",\"target\":{\"@type\":\"EntryPoint\",\"urlTemplate\":\"https:\/\/clam.org.br\/es\/?s={search_term_string}\"},\"query-input\":{\"@type\":\"PropertyValueSpecification\",\"valueRequired\":true,\"valueName\":\"search_term_string\"}}],\"inLanguage\":\"es\"},{\"@type\":\"Person\",\"@id\":\"https:\/\/clam.org.br\/es\/#\/schema\/person\/fbd9a86032bf7479f94b0ded196f1010\",\"name\":\"fw2\",\"image\":{\"@type\":\"ImageObject\",\"inLanguage\":\"es\",\"@id\":\"https:\/\/clam.org.br\/es\/#\/schema\/person\/image\/\",\"url\":\"https:\/\/secure.gravatar.com\/avatar\/c38472c0cdbde82d9b6fcc26adb3779d?s=96&d=mm&r=g\",\"contentUrl\":\"https:\/\/secure.gravatar.com\/avatar\/c38472c0cdbde82d9b6fcc26adb3779d?s=96&d=mm&r=g\",\"caption\":\"fw2\"},\"sameAs\":[\"https:\/\/clam.fw2web.com.br\"],\"url\":\"https:\/\/clam.org.br\/es\/author\/fw2\/\"}]}<\/script>\n<!-- \/ Yoast SEO plugin. -->","yoast_head_json":{"title":"Gobierno y agrupaciones pro vida chocan en alegato clave ante TC por p\u00edldora de d\u00eda despu\u00e9s - CLAM - ES","robots":{"index":"index","follow":"follow","max-snippet":"max-snippet:-1","max-image-preview":"max-image-preview:large","max-video-preview":"max-video-preview:-1"},"canonical":"https:\/\/clam.org.br\/es\/en-los-medios\/gobierno-y-agrupaciones-pro-vida-chocan-en-alegato-clave-ante-tc-por-pildora-de-dia-despues\/3615\/","og_locale":"es_ES","og_type":"article","og_title":"Gobierno y agrupaciones pro vida chocan en alegato clave ante TC por p\u00edldora de d\u00eda despu\u00e9s - CLAM - ES","og_description":"En lo que se ha previsto como un enfrentamiento clave para la continuidad de una de las pol\u00edticas m\u00e1s emblem\u00e1ticas del Ministerio de Salud, el Gobierno y agrupaciones pro vida se enfrentar\u00e1n hoy en el Tribunal Constitucional en un alegato crucial en el proceso para definir la legalidad de la medida que establece la distribuci\u00f3n masiva de la p\u00edldora del d\u00eda despu\u00e9s.","og_url":"https:\/\/clam.org.br\/es\/en-los-medios\/gobierno-y-agrupaciones-pro-vida-chocan-en-alegato-clave-ante-tc-por-pildora-de-dia-despues\/3615\/","og_site_name":"CLAM - ES","article_published_time":"2007-12-04T02:00:00+00:00","article_modified_time":"2023-06-14T10:54:07+00:00","author":"fw2","twitter_card":"summary_large_image","twitter_misc":{"Escrito por":"fw2"},"schema":{"@context":"https:\/\/schema.org","@graph":[{"@type":"WebPage","@id":"https:\/\/clam.org.br\/es\/en-los-medios\/gobierno-y-agrupaciones-pro-vida-chocan-en-alegato-clave-ante-tc-por-pildora-de-dia-despues\/3615\/","url":"https:\/\/clam.org.br\/es\/en-los-medios\/gobierno-y-agrupaciones-pro-vida-chocan-en-alegato-clave-ante-tc-por-pildora-de-dia-despues\/3615\/","name":"Gobierno y agrupaciones pro vida chocan en alegato clave ante TC por p\u00edldora de d\u00eda despu\u00e9s - CLAM - ES","isPartOf":{"@id":"https:\/\/clam.org.br\/es\/#website"},"datePublished":"2007-12-04T02:00:00+00:00","dateModified":"2023-06-14T10:54:07+00:00","author":{"@id":"https:\/\/clam.org.br\/es\/#\/schema\/person\/fbd9a86032bf7479f94b0ded196f1010"},"breadcrumb":{"@id":"https:\/\/clam.org.br\/es\/en-los-medios\/gobierno-y-agrupaciones-pro-vida-chocan-en-alegato-clave-ante-tc-por-pildora-de-dia-despues\/3615\/#breadcrumb"},"inLanguage":"es","potentialAction":[{"@type":"ReadAction","target":["https:\/\/clam.org.br\/es\/en-los-medios\/gobierno-y-agrupaciones-pro-vida-chocan-en-alegato-clave-ante-tc-por-pildora-de-dia-despues\/3615\/"]}]},{"@type":"BreadcrumbList","@id":"https:\/\/clam.org.br\/es\/en-los-medios\/gobierno-y-agrupaciones-pro-vida-chocan-en-alegato-clave-ante-tc-por-pildora-de-dia-despues\/3615\/#breadcrumb","itemListElement":[{"@type":"ListItem","position":1,"name":"In\u00edcio","item":"https:\/\/clam.org.br\/es\/"},{"@type":"ListItem","position":2,"name":"Gobierno y agrupaciones pro vida chocan en alegato clave ante TC por p\u00edldora de d\u00eda despu\u00e9s"}]},{"@type":"WebSite","@id":"https:\/\/clam.org.br\/es\/#website","url":"https:\/\/clam.org.br\/es\/","name":"CLAM - ES","description":"S\u00f3 mais um site CLAM - Centro Latino-Americano em Sexualidade e Direitos Humanos sites","potentialAction":[{"@type":"SearchAction","target":{"@type":"EntryPoint","urlTemplate":"https:\/\/clam.org.br\/es\/?s={search_term_string}"},"query-input":{"@type":"PropertyValueSpecification","valueRequired":true,"valueName":"search_term_string"}}],"inLanguage":"es"},{"@type":"Person","@id":"https:\/\/clam.org.br\/es\/#\/schema\/person\/fbd9a86032bf7479f94b0ded196f1010","name":"fw2","image":{"@type":"ImageObject","inLanguage":"es","@id":"https:\/\/clam.org.br\/es\/#\/schema\/person\/image\/","url":"https:\/\/secure.gravatar.com\/avatar\/c38472c0cdbde82d9b6fcc26adb3779d?s=96&d=mm&r=g","contentUrl":"https:\/\/secure.gravatar.com\/avatar\/c38472c0cdbde82d9b6fcc26adb3779d?s=96&d=mm&r=g","caption":"fw2"},"sameAs":["https:\/\/clam.fw2web.com.br"],"url":"https:\/\/clam.org.br\/es\/author\/fw2\/"}]}},"jetpack_featured_media_url":"","jetpack_sharing_enabled":true,"_links":{"self":[{"href":"https:\/\/clam.org.br\/es\/wp-json\/wp\/v2\/posts\/3615","targetHints":{"allow":["GET"]}}],"collection":[{"href":"https:\/\/clam.org.br\/es\/wp-json\/wp\/v2\/posts"}],"about":[{"href":"https:\/\/clam.org.br\/es\/wp-json\/wp\/v2\/types\/post"}],"author":[{"embeddable":true,"href":"https:\/\/clam.org.br\/es\/wp-json\/wp\/v2\/users\/1"}],"replies":[{"embeddable":true,"href":"https:\/\/clam.org.br\/es\/wp-json\/wp\/v2\/comments?post=3615"}],"version-history":[{"count":1,"href":"https:\/\/clam.org.br\/es\/wp-json\/wp\/v2\/posts\/3615\/revisions"}],"predecessor-version":[{"id":29114,"href":"https:\/\/clam.org.br\/es\/wp-json\/wp\/v2\/posts\/3615\/revisions\/29114"}],"wp:attachment":[{"href":"https:\/\/clam.org.br\/es\/wp-json\/wp\/v2\/media?parent=3615"}],"wp:term":[{"taxonomy":"category","embeddable":true,"href":"https:\/\/clam.org.br\/es\/wp-json\/wp\/v2\/categories?post=3615"},{"taxonomy":"post_tag","embeddable":true,"href":"https:\/\/clam.org.br\/es\/wp-json\/wp\/v2\/tags?post=3615"}],"curies":[{"name":"wp","href":"https:\/\/api.w.org\/{rel}","templated":true}]}}