{"id":3635,"date":"2007-12-11T00:00:00","date_gmt":"2007-12-11T02:00:00","guid":{"rendered":"https:\/\/clam.fw2web.com.br\/es\/2007\/12\/11\/la-salud-femenina-va-mas-alla-del-climaterio\/"},"modified":"2023-06-14T07:54:19","modified_gmt":"2023-06-14T10:54:19","slug":"la-salud-femenina-va-mas-alla-del-climaterio","status":"publish","type":"post","link":"https:\/\/clam.org.br\/es\/en-los-medios\/la-salud-femenina-va-mas-alla-del-climaterio\/3635\/","title":{"rendered":"La salud femenina va m\u00e1s all\u00e1 del climaterio"},"content":{"rendered":"<p>Es cultural: las mujeres en Latinoam\u00e9rica descuidan su salud. Descuidan su alimentaci\u00f3n, no asisten al m\u00e9dico y minimizan sus dolencias. <P>\u00bfPor qu\u00e9? Para los expertos, juega en esto el papel que se le ha dado en la regi\u00f3n, m\u00e1s preocupadas por su hogar que por ellas mismas. \u00abSi una mujer diab\u00e9tica no cambiara su dieta si eso implica cambiar la de su esposo\u00bb, sostiene la especialista Patricia Uribe, investigadora mexicana de la situaci\u00f3n de la mujer en los pa\u00edses hispanoparlantes de Am\u00e9rica y jefe del Centro Nacional de Equidad de G\u00e9nero y Salud Reproductiva de M\u00e9xico. Si su cita con el m\u00e9dico interrumpe sus labores diarias, la cancelan. Desoyen las se\u00f1ales de su organismo que les advierte que pueden estar enfermas. <P><A href=\"http:\/\/www.lapatria.com\/Noticias\/ver_noticia.aspx?CODNOT=27132&amp;CODSEC=22\">Texto completo<\/A><\/P><\/p>\n","protected":false},"excerpt":{"rendered":"<p>Es cultural: las mujeres en Latinoam\u00e9rica descuidan su salud. Descuidan su alimentaci\u00f3n, no asisten al m\u00e9dico y minimizan sus dolencias. \u00bfPor qu\u00e9? Para los expertos, juega en esto el papel que se le ha dado en la regi\u00f3n, m\u00e1s preocupadas por su hogar que por ellas mismas. \u00abSi una mujer diab\u00e9tica no cambiara su dieta si eso implica cambiar la de su esposo\u00bb, sostiene la especialista Patricia Uribe, investigadora mexicana de la situaci\u00f3n de la mujer en los pa\u00edses hispanoparlantes de Am\u00e9rica y jefe del Centro Nacional de Equidad de G\u00e9nero y Salud Reproductiva de M\u00e9xico. Si su cita con el m\u00e9dico interrumpe sus labores diarias, la cancelan. Desoyen las se\u00f1ales de su organismo que les advierte que pueden estar enfermas.<\/p>\n","protected":false},"author":1,"featured_media":0,"comment_status":"open","ping_status":"open","sticky":false,"template":"","format":"standard","meta":{"_acf_changed":false,"site-sidebar-layout":"default","site-content-layout":"default","ast-global-header-display":"","ast-main-header-display":"","ast-hfb-above-header-display":"","ast-hfb-below-header-display":"","ast-hfb-mobile-header-display":"","site-post-title":"","ast-breadcrumbs-content":"","ast-featured-img":"","footer-sml-layout":"","theme-transparent-header-meta":"","adv-header-id-meta":"","stick-header-meta":"","header-above-stick-meta":"","header-main-stick-meta":"","header-below-stick-meta":"","_jetpack_memberships_contains_paid_content":false,"footnotes":""},"categories":[27],"tags":[],"class_list":["post-3635","post","type-post","status-publish","format-standard","hentry","category-en-los-medios"],"acf":[],"yoast_head":"<!-- This site is optimized with the Yoast SEO plugin v26.1.1 - https:\/\/yoast.com\/wordpress\/plugins\/seo\/ -->\n<title>La salud femenina va m\u00e1s all\u00e1 del climaterio - CLAM - ES<\/title>\n<meta name=\"robots\" content=\"index, follow, max-snippet:-1, max-image-preview:large, max-video-preview:-1\" \/>\n<link rel=\"canonical\" href=\"https:\/\/clam.org.br\/es\/en-los-medios\/la-salud-femenina-va-mas-alla-del-climaterio\/3635\/\" \/>\n<meta property=\"og:locale\" content=\"es_ES\" \/>\n<meta property=\"og:type\" content=\"article\" \/>\n<meta property=\"og:title\" content=\"La salud femenina va m\u00e1s all\u00e1 del climaterio - CLAM - ES\" \/>\n<meta property=\"og:description\" content=\"Es cultural: las mujeres en Latinoam\u00e9rica descuidan su salud. Descuidan su alimentaci\u00f3n, no asisten al m\u00e9dico y minimizan sus dolencias. \u00bfPor qu\u00e9? Para los expertos, juega en esto el papel que se le ha dado en la regi\u00f3n, m\u00e1s preocupadas por su hogar que por ellas mismas. &quot;Si una mujer diab\u00e9tica no cambiara su dieta si eso implica cambiar la de su esposo&quot;, sostiene la especialista Patricia Uribe, investigadora mexicana de la situaci\u00f3n de la mujer en los pa\u00edses hispanoparlantes de Am\u00e9rica y jefe del Centro Nacional de Equidad de G\u00e9nero y Salud Reproductiva de M\u00e9xico. Si su cita con el m\u00e9dico interrumpe sus labores diarias, la cancelan. Desoyen las se\u00f1ales de su organismo que les advierte que pueden estar enfermas.\" \/>\n<meta property=\"og:url\" content=\"https:\/\/clam.org.br\/es\/en-los-medios\/la-salud-femenina-va-mas-alla-del-climaterio\/3635\/\" \/>\n<meta property=\"og:site_name\" content=\"CLAM - ES\" \/>\n<meta property=\"article:published_time\" content=\"2007-12-11T02:00:00+00:00\" \/>\n<meta property=\"article:modified_time\" content=\"2023-06-14T10:54:19+00:00\" \/>\n<meta name=\"author\" content=\"fw2\" \/>\n<meta name=\"twitter:card\" content=\"summary_large_image\" \/>\n<meta name=\"twitter:label1\" content=\"Escrito por\" \/>\n\t<meta name=\"twitter:data1\" content=\"fw2\" \/>\n\t<meta name=\"twitter:label2\" content=\"Tiempo de lectura\" \/>\n\t<meta name=\"twitter:data2\" content=\"1 minuto\" \/>\n<script type=\"application\/ld+json\" class=\"yoast-schema-graph\">{\"@context\":\"https:\/\/schema.org\",\"@graph\":[{\"@type\":\"WebPage\",\"@id\":\"https:\/\/clam.org.br\/es\/en-los-medios\/la-salud-femenina-va-mas-alla-del-climaterio\/3635\/\",\"url\":\"https:\/\/clam.org.br\/es\/en-los-medios\/la-salud-femenina-va-mas-alla-del-climaterio\/3635\/\",\"name\":\"La salud femenina va m\u00e1s all\u00e1 del climaterio - CLAM - ES\",\"isPartOf\":{\"@id\":\"https:\/\/clam.org.br\/es\/#website\"},\"datePublished\":\"2007-12-11T02:00:00+00:00\",\"dateModified\":\"2023-06-14T10:54:19+00:00\",\"author\":{\"@id\":\"https:\/\/clam.org.br\/es\/#\/schema\/person\/fbd9a86032bf7479f94b0ded196f1010\"},\"breadcrumb\":{\"@id\":\"https:\/\/clam.org.br\/es\/en-los-medios\/la-salud-femenina-va-mas-alla-del-climaterio\/3635\/#breadcrumb\"},\"inLanguage\":\"es\",\"potentialAction\":[{\"@type\":\"ReadAction\",\"target\":[\"https:\/\/clam.org.br\/es\/en-los-medios\/la-salud-femenina-va-mas-alla-del-climaterio\/3635\/\"]}]},{\"@type\":\"BreadcrumbList\",\"@id\":\"https:\/\/clam.org.br\/es\/en-los-medios\/la-salud-femenina-va-mas-alla-del-climaterio\/3635\/#breadcrumb\",\"itemListElement\":[{\"@type\":\"ListItem\",\"position\":1,\"name\":\"In\u00edcio\",\"item\":\"https:\/\/clam.org.br\/es\/\"},{\"@type\":\"ListItem\",\"position\":2,\"name\":\"La salud femenina va m\u00e1s all\u00e1 del climaterio\"}]},{\"@type\":\"WebSite\",\"@id\":\"https:\/\/clam.org.br\/es\/#website\",\"url\":\"https:\/\/clam.org.br\/es\/\",\"name\":\"CLAM - ES\",\"description\":\"S\u00f3 mais um site CLAM - Centro Latino-Americano em Sexualidade e Direitos Humanos sites\",\"potentialAction\":[{\"@type\":\"SearchAction\",\"target\":{\"@type\":\"EntryPoint\",\"urlTemplate\":\"https:\/\/clam.org.br\/es\/?s={search_term_string}\"},\"query-input\":{\"@type\":\"PropertyValueSpecification\",\"valueRequired\":true,\"valueName\":\"search_term_string\"}}],\"inLanguage\":\"es\"},{\"@type\":\"Person\",\"@id\":\"https:\/\/clam.org.br\/es\/#\/schema\/person\/fbd9a86032bf7479f94b0ded196f1010\",\"name\":\"fw2\",\"image\":{\"@type\":\"ImageObject\",\"inLanguage\":\"es\",\"@id\":\"https:\/\/clam.org.br\/es\/#\/schema\/person\/image\/\",\"url\":\"https:\/\/secure.gravatar.com\/avatar\/c38472c0cdbde82d9b6fcc26adb3779d?s=96&d=mm&r=g\",\"contentUrl\":\"https:\/\/secure.gravatar.com\/avatar\/c38472c0cdbde82d9b6fcc26adb3779d?s=96&d=mm&r=g\",\"caption\":\"fw2\"},\"sameAs\":[\"https:\/\/clam.fw2web.com.br\"],\"url\":\"https:\/\/clam.org.br\/es\/author\/fw2\/\"}]}<\/script>\n<!-- \/ Yoast SEO plugin. -->","yoast_head_json":{"title":"La salud femenina va m\u00e1s all\u00e1 del climaterio - CLAM - ES","robots":{"index":"index","follow":"follow","max-snippet":"max-snippet:-1","max-image-preview":"max-image-preview:large","max-video-preview":"max-video-preview:-1"},"canonical":"https:\/\/clam.org.br\/es\/en-los-medios\/la-salud-femenina-va-mas-alla-del-climaterio\/3635\/","og_locale":"es_ES","og_type":"article","og_title":"La salud femenina va m\u00e1s all\u00e1 del climaterio - CLAM - ES","og_description":"Es cultural: las mujeres en Latinoam\u00e9rica descuidan su salud. Descuidan su alimentaci\u00f3n, no asisten al m\u00e9dico y minimizan sus dolencias. \u00bfPor qu\u00e9? Para los expertos, juega en esto el papel que se le ha dado en la regi\u00f3n, m\u00e1s preocupadas por su hogar que por ellas mismas. \"Si una mujer diab\u00e9tica no cambiara su dieta si eso implica cambiar la de su esposo\", sostiene la especialista Patricia Uribe, investigadora mexicana de la situaci\u00f3n de la mujer en los pa\u00edses hispanoparlantes de Am\u00e9rica y jefe del Centro Nacional de Equidad de G\u00e9nero y Salud Reproductiva de M\u00e9xico. Si su cita con el m\u00e9dico interrumpe sus labores diarias, la cancelan. Desoyen las se\u00f1ales de su organismo que les advierte que pueden estar enfermas.","og_url":"https:\/\/clam.org.br\/es\/en-los-medios\/la-salud-femenina-va-mas-alla-del-climaterio\/3635\/","og_site_name":"CLAM - ES","article_published_time":"2007-12-11T02:00:00+00:00","article_modified_time":"2023-06-14T10:54:19+00:00","author":"fw2","twitter_card":"summary_large_image","twitter_misc":{"Escrito por":"fw2","Tiempo de lectura":"1 minuto"},"schema":{"@context":"https:\/\/schema.org","@graph":[{"@type":"WebPage","@id":"https:\/\/clam.org.br\/es\/en-los-medios\/la-salud-femenina-va-mas-alla-del-climaterio\/3635\/","url":"https:\/\/clam.org.br\/es\/en-los-medios\/la-salud-femenina-va-mas-alla-del-climaterio\/3635\/","name":"La salud femenina va m\u00e1s all\u00e1 del climaterio - CLAM - ES","isPartOf":{"@id":"https:\/\/clam.org.br\/es\/#website"},"datePublished":"2007-12-11T02:00:00+00:00","dateModified":"2023-06-14T10:54:19+00:00","author":{"@id":"https:\/\/clam.org.br\/es\/#\/schema\/person\/fbd9a86032bf7479f94b0ded196f1010"},"breadcrumb":{"@id":"https:\/\/clam.org.br\/es\/en-los-medios\/la-salud-femenina-va-mas-alla-del-climaterio\/3635\/#breadcrumb"},"inLanguage":"es","potentialAction":[{"@type":"ReadAction","target":["https:\/\/clam.org.br\/es\/en-los-medios\/la-salud-femenina-va-mas-alla-del-climaterio\/3635\/"]}]},{"@type":"BreadcrumbList","@id":"https:\/\/clam.org.br\/es\/en-los-medios\/la-salud-femenina-va-mas-alla-del-climaterio\/3635\/#breadcrumb","itemListElement":[{"@type":"ListItem","position":1,"name":"In\u00edcio","item":"https:\/\/clam.org.br\/es\/"},{"@type":"ListItem","position":2,"name":"La salud femenina va m\u00e1s all\u00e1 del climaterio"}]},{"@type":"WebSite","@id":"https:\/\/clam.org.br\/es\/#website","url":"https:\/\/clam.org.br\/es\/","name":"CLAM - ES","description":"S\u00f3 mais um site CLAM - Centro Latino-Americano em Sexualidade e Direitos Humanos sites","potentialAction":[{"@type":"SearchAction","target":{"@type":"EntryPoint","urlTemplate":"https:\/\/clam.org.br\/es\/?s={search_term_string}"},"query-input":{"@type":"PropertyValueSpecification","valueRequired":true,"valueName":"search_term_string"}}],"inLanguage":"es"},{"@type":"Person","@id":"https:\/\/clam.org.br\/es\/#\/schema\/person\/fbd9a86032bf7479f94b0ded196f1010","name":"fw2","image":{"@type":"ImageObject","inLanguage":"es","@id":"https:\/\/clam.org.br\/es\/#\/schema\/person\/image\/","url":"https:\/\/secure.gravatar.com\/avatar\/c38472c0cdbde82d9b6fcc26adb3779d?s=96&d=mm&r=g","contentUrl":"https:\/\/secure.gravatar.com\/avatar\/c38472c0cdbde82d9b6fcc26adb3779d?s=96&d=mm&r=g","caption":"fw2"},"sameAs":["https:\/\/clam.fw2web.com.br"],"url":"https:\/\/clam.org.br\/es\/author\/fw2\/"}]}},"jetpack_featured_media_url":"","jetpack_sharing_enabled":true,"_links":{"self":[{"href":"https:\/\/clam.org.br\/es\/wp-json\/wp\/v2\/posts\/3635","targetHints":{"allow":["GET"]}}],"collection":[{"href":"https:\/\/clam.org.br\/es\/wp-json\/wp\/v2\/posts"}],"about":[{"href":"https:\/\/clam.org.br\/es\/wp-json\/wp\/v2\/types\/post"}],"author":[{"embeddable":true,"href":"https:\/\/clam.org.br\/es\/wp-json\/wp\/v2\/users\/1"}],"replies":[{"embeddable":true,"href":"https:\/\/clam.org.br\/es\/wp-json\/wp\/v2\/comments?post=3635"}],"version-history":[{"count":1,"href":"https:\/\/clam.org.br\/es\/wp-json\/wp\/v2\/posts\/3635\/revisions"}],"predecessor-version":[{"id":29134,"href":"https:\/\/clam.org.br\/es\/wp-json\/wp\/v2\/posts\/3635\/revisions\/29134"}],"wp:attachment":[{"href":"https:\/\/clam.org.br\/es\/wp-json\/wp\/v2\/media?parent=3635"}],"wp:term":[{"taxonomy":"category","embeddable":true,"href":"https:\/\/clam.org.br\/es\/wp-json\/wp\/v2\/categories?post=3635"},{"taxonomy":"post_tag","embeddable":true,"href":"https:\/\/clam.org.br\/es\/wp-json\/wp\/v2\/tags?post=3635"}],"curies":[{"name":"wp","href":"https:\/\/api.w.org\/{rel}","templated":true}]}}