{"id":3689,"date":"2008-01-29T00:00:00","date_gmt":"2008-01-29T02:00:00","guid":{"rendered":"https:\/\/clam.fw2web.com.br\/es\/2008\/01\/29\/la-iglesia-catolica-se-siente-perseguida-por-las-leyes-que-castigan-los-abusos-sexuales-de-sacerdotes\/"},"modified":"2023-06-14T07:54:49","modified_gmt":"2023-06-14T10:54:49","slug":"la-iglesia-catolica-se-siente-perseguida-por-las-leyes-que-castigan-los-abusos-sexuales-de-sacerdotes","status":"publish","type":"post","link":"https:\/\/clam.org.br\/es\/en-los-medios\/la-iglesia-catolica-se-siente-perseguida-por-las-leyes-que-castigan-los-abusos-sexuales-de-sacerdotes\/3689\/","title":{"rendered":"La Iglesia Cat\u00f3lica se siente perseguida por las leyes que castigan los abusos sexuales de sacerdotes"},"content":{"rendered":"<p><P>El obispo de Tepic (capital del estado de Nayarit al occidente de M\u00e9xico) calific\u00f3 de persecuci\u00f3n jur\u00eddica el hecho de que las leyes mexicanas determinen la inhabilitaci\u00f3n de los sacerdotes condenados por delitos sexuales durante el tiempo de su condena. Expertos en derecho can\u00f3nico discutieron sobre delitos sexuales imputables a cl\u00e9rigos en la Universidad Pontificia de M\u00e9xico.<\/P> <P><a href=\"http:\/\/www.jornada.unam.mx\/2008\/01\/23\/index.php?section=sociedad&amp;article=044n1soc\" target=\"_blank\" rel=\"noopener\">Texto completo<\/A><\/P><\/p>\n","protected":false},"excerpt":{"rendered":"<p>El obispo de Tepic (capital del estado de Nayarit al occidente de M\u00e9xico) calific\u00f3 de persecuci\u00f3n jur\u00eddica el hecho de que las leyes mexicanas determinen la inhabilitaci\u00f3n de los sacerdotes condenados por delitos sexuales durante el tiempo de su condena. Expertos en derecho can\u00f3nico discutieron sobre delitos sexuales imputables a cl\u00e9rigos en la Universidad Pontificia de M\u00e9xico.<\/p>\n","protected":false},"author":1,"featured_media":0,"comment_status":"open","ping_status":"open","sticky":false,"template":"","format":"standard","meta":{"_acf_changed":false,"site-sidebar-layout":"default","site-content-layout":"default","ast-global-header-display":"","ast-main-header-display":"","ast-hfb-above-header-display":"","ast-hfb-below-header-display":"","ast-hfb-mobile-header-display":"","site-post-title":"","ast-breadcrumbs-content":"","ast-featured-img":"","footer-sml-layout":"","theme-transparent-header-meta":"","adv-header-id-meta":"","stick-header-meta":"","header-above-stick-meta":"","header-main-stick-meta":"","header-below-stick-meta":"","_jetpack_memberships_contains_paid_content":false,"footnotes":""},"categories":[27],"tags":[],"class_list":["post-3689","post","type-post","status-publish","format-standard","hentry","category-en-los-medios"],"acf":[],"yoast_head":"<!-- This site is optimized with the Yoast SEO plugin v26.1.1 - https:\/\/yoast.com\/wordpress\/plugins\/seo\/ -->\n<title>La Iglesia Cat\u00f3lica se siente perseguida por las leyes que castigan los abusos sexuales de sacerdotes - CLAM - ES<\/title>\n<meta name=\"robots\" content=\"index, follow, max-snippet:-1, max-image-preview:large, max-video-preview:-1\" \/>\n<link rel=\"canonical\" href=\"https:\/\/clam.org.br\/es\/en-los-medios\/la-iglesia-catolica-se-siente-perseguida-por-las-leyes-que-castigan-los-abusos-sexuales-de-sacerdotes\/3689\/\" \/>\n<meta property=\"og:locale\" content=\"es_ES\" \/>\n<meta property=\"og:type\" content=\"article\" \/>\n<meta property=\"og:title\" content=\"La Iglesia Cat\u00f3lica se siente perseguida por las leyes que castigan los abusos sexuales de sacerdotes - CLAM - ES\" \/>\n<meta property=\"og:description\" content=\"El obispo de Tepic (capital del estado de Nayarit al occidente de M\u00e9xico) calific\u00f3 de persecuci\u00f3n jur\u00eddica el hecho de que las leyes mexicanas determinen la inhabilitaci\u00f3n de los sacerdotes condenados por delitos sexuales durante el tiempo de su condena. Expertos en derecho can\u00f3nico discutieron sobre delitos sexuales imputables a cl\u00e9rigos en la Universidad Pontificia de M\u00e9xico.\" \/>\n<meta property=\"og:url\" content=\"https:\/\/clam.org.br\/es\/en-los-medios\/la-iglesia-catolica-se-siente-perseguida-por-las-leyes-que-castigan-los-abusos-sexuales-de-sacerdotes\/3689\/\" \/>\n<meta property=\"og:site_name\" content=\"CLAM - ES\" \/>\n<meta property=\"article:published_time\" content=\"2008-01-29T02:00:00+00:00\" \/>\n<meta property=\"article:modified_time\" content=\"2023-06-14T10:54:49+00:00\" \/>\n<meta name=\"author\" content=\"fw2\" \/>\n<meta name=\"twitter:card\" content=\"summary_large_image\" \/>\n<meta name=\"twitter:label1\" content=\"Escrito por\" \/>\n\t<meta name=\"twitter:data1\" content=\"fw2\" \/>\n<script type=\"application\/ld+json\" class=\"yoast-schema-graph\">{\"@context\":\"https:\/\/schema.org\",\"@graph\":[{\"@type\":\"WebPage\",\"@id\":\"https:\/\/clam.org.br\/es\/en-los-medios\/la-iglesia-catolica-se-siente-perseguida-por-las-leyes-que-castigan-los-abusos-sexuales-de-sacerdotes\/3689\/\",\"url\":\"https:\/\/clam.org.br\/es\/en-los-medios\/la-iglesia-catolica-se-siente-perseguida-por-las-leyes-que-castigan-los-abusos-sexuales-de-sacerdotes\/3689\/\",\"name\":\"La Iglesia Cat\u00f3lica se siente perseguida por las leyes que castigan los abusos sexuales de sacerdotes - CLAM - ES\",\"isPartOf\":{\"@id\":\"https:\/\/clam.org.br\/es\/#website\"},\"datePublished\":\"2008-01-29T02:00:00+00:00\",\"dateModified\":\"2023-06-14T10:54:49+00:00\",\"author\":{\"@id\":\"https:\/\/clam.org.br\/es\/#\/schema\/person\/fbd9a86032bf7479f94b0ded196f1010\"},\"breadcrumb\":{\"@id\":\"https:\/\/clam.org.br\/es\/en-los-medios\/la-iglesia-catolica-se-siente-perseguida-por-las-leyes-que-castigan-los-abusos-sexuales-de-sacerdotes\/3689\/#breadcrumb\"},\"inLanguage\":\"es\",\"potentialAction\":[{\"@type\":\"ReadAction\",\"target\":[\"https:\/\/clam.org.br\/es\/en-los-medios\/la-iglesia-catolica-se-siente-perseguida-por-las-leyes-que-castigan-los-abusos-sexuales-de-sacerdotes\/3689\/\"]}]},{\"@type\":\"BreadcrumbList\",\"@id\":\"https:\/\/clam.org.br\/es\/en-los-medios\/la-iglesia-catolica-se-siente-perseguida-por-las-leyes-que-castigan-los-abusos-sexuales-de-sacerdotes\/3689\/#breadcrumb\",\"itemListElement\":[{\"@type\":\"ListItem\",\"position\":1,\"name\":\"In\u00edcio\",\"item\":\"https:\/\/clam.org.br\/es\/\"},{\"@type\":\"ListItem\",\"position\":2,\"name\":\"La Iglesia Cat\u00f3lica se siente perseguida por las leyes que castigan los abusos sexuales de sacerdotes\"}]},{\"@type\":\"WebSite\",\"@id\":\"https:\/\/clam.org.br\/es\/#website\",\"url\":\"https:\/\/clam.org.br\/es\/\",\"name\":\"CLAM - ES\",\"description\":\"S\u00f3 mais um site CLAM - Centro Latino-Americano em Sexualidade e Direitos Humanos sites\",\"potentialAction\":[{\"@type\":\"SearchAction\",\"target\":{\"@type\":\"EntryPoint\",\"urlTemplate\":\"https:\/\/clam.org.br\/es\/?s={search_term_string}\"},\"query-input\":{\"@type\":\"PropertyValueSpecification\",\"valueRequired\":true,\"valueName\":\"search_term_string\"}}],\"inLanguage\":\"es\"},{\"@type\":\"Person\",\"@id\":\"https:\/\/clam.org.br\/es\/#\/schema\/person\/fbd9a86032bf7479f94b0ded196f1010\",\"name\":\"fw2\",\"image\":{\"@type\":\"ImageObject\",\"inLanguage\":\"es\",\"@id\":\"https:\/\/clam.org.br\/es\/#\/schema\/person\/image\/\",\"url\":\"https:\/\/secure.gravatar.com\/avatar\/c38472c0cdbde82d9b6fcc26adb3779d?s=96&d=mm&r=g\",\"contentUrl\":\"https:\/\/secure.gravatar.com\/avatar\/c38472c0cdbde82d9b6fcc26adb3779d?s=96&d=mm&r=g\",\"caption\":\"fw2\"},\"sameAs\":[\"https:\/\/clam.fw2web.com.br\"],\"url\":\"https:\/\/clam.org.br\/es\/author\/fw2\/\"}]}<\/script>\n<!-- \/ Yoast SEO plugin. -->","yoast_head_json":{"title":"La Iglesia Cat\u00f3lica se siente perseguida por las leyes que castigan los abusos sexuales de sacerdotes - CLAM - ES","robots":{"index":"index","follow":"follow","max-snippet":"max-snippet:-1","max-image-preview":"max-image-preview:large","max-video-preview":"max-video-preview:-1"},"canonical":"https:\/\/clam.org.br\/es\/en-los-medios\/la-iglesia-catolica-se-siente-perseguida-por-las-leyes-que-castigan-los-abusos-sexuales-de-sacerdotes\/3689\/","og_locale":"es_ES","og_type":"article","og_title":"La Iglesia Cat\u00f3lica se siente perseguida por las leyes que castigan los abusos sexuales de sacerdotes - CLAM - ES","og_description":"El obispo de Tepic (capital del estado de Nayarit al occidente de M\u00e9xico) calific\u00f3 de persecuci\u00f3n jur\u00eddica el hecho de que las leyes mexicanas determinen la inhabilitaci\u00f3n de los sacerdotes condenados por delitos sexuales durante el tiempo de su condena. Expertos en derecho can\u00f3nico discutieron sobre delitos sexuales imputables a cl\u00e9rigos en la Universidad Pontificia de M\u00e9xico.","og_url":"https:\/\/clam.org.br\/es\/en-los-medios\/la-iglesia-catolica-se-siente-perseguida-por-las-leyes-que-castigan-los-abusos-sexuales-de-sacerdotes\/3689\/","og_site_name":"CLAM - ES","article_published_time":"2008-01-29T02:00:00+00:00","article_modified_time":"2023-06-14T10:54:49+00:00","author":"fw2","twitter_card":"summary_large_image","twitter_misc":{"Escrito por":"fw2"},"schema":{"@context":"https:\/\/schema.org","@graph":[{"@type":"WebPage","@id":"https:\/\/clam.org.br\/es\/en-los-medios\/la-iglesia-catolica-se-siente-perseguida-por-las-leyes-que-castigan-los-abusos-sexuales-de-sacerdotes\/3689\/","url":"https:\/\/clam.org.br\/es\/en-los-medios\/la-iglesia-catolica-se-siente-perseguida-por-las-leyes-que-castigan-los-abusos-sexuales-de-sacerdotes\/3689\/","name":"La Iglesia Cat\u00f3lica se siente perseguida por las leyes que castigan los abusos sexuales de sacerdotes - CLAM - ES","isPartOf":{"@id":"https:\/\/clam.org.br\/es\/#website"},"datePublished":"2008-01-29T02:00:00+00:00","dateModified":"2023-06-14T10:54:49+00:00","author":{"@id":"https:\/\/clam.org.br\/es\/#\/schema\/person\/fbd9a86032bf7479f94b0ded196f1010"},"breadcrumb":{"@id":"https:\/\/clam.org.br\/es\/en-los-medios\/la-iglesia-catolica-se-siente-perseguida-por-las-leyes-que-castigan-los-abusos-sexuales-de-sacerdotes\/3689\/#breadcrumb"},"inLanguage":"es","potentialAction":[{"@type":"ReadAction","target":["https:\/\/clam.org.br\/es\/en-los-medios\/la-iglesia-catolica-se-siente-perseguida-por-las-leyes-que-castigan-los-abusos-sexuales-de-sacerdotes\/3689\/"]}]},{"@type":"BreadcrumbList","@id":"https:\/\/clam.org.br\/es\/en-los-medios\/la-iglesia-catolica-se-siente-perseguida-por-las-leyes-que-castigan-los-abusos-sexuales-de-sacerdotes\/3689\/#breadcrumb","itemListElement":[{"@type":"ListItem","position":1,"name":"In\u00edcio","item":"https:\/\/clam.org.br\/es\/"},{"@type":"ListItem","position":2,"name":"La Iglesia Cat\u00f3lica se siente perseguida por las leyes que castigan los abusos sexuales de sacerdotes"}]},{"@type":"WebSite","@id":"https:\/\/clam.org.br\/es\/#website","url":"https:\/\/clam.org.br\/es\/","name":"CLAM - ES","description":"S\u00f3 mais um site CLAM - Centro Latino-Americano em Sexualidade e Direitos Humanos sites","potentialAction":[{"@type":"SearchAction","target":{"@type":"EntryPoint","urlTemplate":"https:\/\/clam.org.br\/es\/?s={search_term_string}"},"query-input":{"@type":"PropertyValueSpecification","valueRequired":true,"valueName":"search_term_string"}}],"inLanguage":"es"},{"@type":"Person","@id":"https:\/\/clam.org.br\/es\/#\/schema\/person\/fbd9a86032bf7479f94b0ded196f1010","name":"fw2","image":{"@type":"ImageObject","inLanguage":"es","@id":"https:\/\/clam.org.br\/es\/#\/schema\/person\/image\/","url":"https:\/\/secure.gravatar.com\/avatar\/c38472c0cdbde82d9b6fcc26adb3779d?s=96&d=mm&r=g","contentUrl":"https:\/\/secure.gravatar.com\/avatar\/c38472c0cdbde82d9b6fcc26adb3779d?s=96&d=mm&r=g","caption":"fw2"},"sameAs":["https:\/\/clam.fw2web.com.br"],"url":"https:\/\/clam.org.br\/es\/author\/fw2\/"}]}},"jetpack_featured_media_url":"","jetpack_sharing_enabled":true,"_links":{"self":[{"href":"https:\/\/clam.org.br\/es\/wp-json\/wp\/v2\/posts\/3689","targetHints":{"allow":["GET"]}}],"collection":[{"href":"https:\/\/clam.org.br\/es\/wp-json\/wp\/v2\/posts"}],"about":[{"href":"https:\/\/clam.org.br\/es\/wp-json\/wp\/v2\/types\/post"}],"author":[{"embeddable":true,"href":"https:\/\/clam.org.br\/es\/wp-json\/wp\/v2\/users\/1"}],"replies":[{"embeddable":true,"href":"https:\/\/clam.org.br\/es\/wp-json\/wp\/v2\/comments?post=3689"}],"version-history":[{"count":1,"href":"https:\/\/clam.org.br\/es\/wp-json\/wp\/v2\/posts\/3689\/revisions"}],"predecessor-version":[{"id":29188,"href":"https:\/\/clam.org.br\/es\/wp-json\/wp\/v2\/posts\/3689\/revisions\/29188"}],"wp:attachment":[{"href":"https:\/\/clam.org.br\/es\/wp-json\/wp\/v2\/media?parent=3689"}],"wp:term":[{"taxonomy":"category","embeddable":true,"href":"https:\/\/clam.org.br\/es\/wp-json\/wp\/v2\/categories?post=3689"},{"taxonomy":"post_tag","embeddable":true,"href":"https:\/\/clam.org.br\/es\/wp-json\/wp\/v2\/tags?post=3689"}],"curies":[{"name":"wp","href":"https:\/\/api.w.org\/{rel}","templated":true}]}}