{"id":370,"date":"2008-10-01T00:00:00","date_gmt":"2008-10-01T03:00:00","guid":{"rendered":"https:\/\/clam.org.br\/es\/2008\/10\/01\/mas-alla-del-sentido-comun\/"},"modified":"2008-10-01T00:00:00","modified_gmt":"2008-10-01T03:00:00","slug":"mas-alla-del-sentido-comun","status":"publish","type":"post","link":"https:\/\/clam.org.br\/es\/noticias-clam\/mas-alla-del-sentido-comun\/370\/","title":{"rendered":"M\u00e1s all\u00e1 del sentido com\u00fan"},"content":{"rendered":"<p>A gravidez na adolesc\u00eancia foi manchete dos principais jornais brasileiros no \u00faltimo fim de semana, muito por conta do dia 26 de setembro, que recentemente passou a ser conhecido como o Dia Mundial de Preven\u00e7\u00e3o da Gravidez na Adolesc\u00eancia, data promovida por organiza\u00e7\u00f5es n\u00e3o-governamentais e sociedades m\u00e9dicas internacionais, com o patroc\u00ednio de uma empresa farmac\u00eautica multinacional. No Brasil, a iniciativa conta tamb\u00e9m com o apoio da Febrasgo (Federa\u00e7\u00e3o Brasileira das Associa\u00e7\u00f5es de Ginecologia e Obstetr\u00edcia). O grande problema \u00e9 que, embora seja mesmo uma realidade, o tema tem sido geralmente abordado de forma alarmista, principalmente ao relacionar evas\u00e3o escolar com o evento de uma gravidez precoce. Nesse sentido, destaca-se a import\u00e2ncia da rec\u00e9m lan\u00e7ada cartilha &ldquo;Gravidez na Adolesc\u00eancia e Sexualidade: uma conversa franca com educadores e educadoras&rdquo;, material did\u00e1tico-pedag\u00f3gico sobre as tem\u00e1ticas de g\u00eanero, sexualidade e reprodu\u00e7\u00e3o juvenil destinado \u00e0 forma\u00e7\u00e3o de professores do ensino fundamental que busca &ndash; mais do que apresentar dicas de como tratar o assunto em sala de aula &ndash; despertar uma reflex\u00e3o conjunta nesses (as) educadores (as).<BR>  <P>Os dados do manual s\u00e3o resultados da pesquisa Gravidez na Adolesc\u00eancia &ndash; Estudo Multic\u00eantrico sobre Jovens, Sexualidade e Reprodu\u00e7\u00e3o no Brasil (Gravad), desenvolvida por tr\u00eas universidades (IMS\/UERJ, ISC\/UFBA e NUPACS\/UFRGS). Realizada em 2002, a investiga\u00e7\u00e3o ouviu 4.634 jovens, de diferentes segmentos sociais e econ\u00f4micos do Rio de Janeiro, Porto Alegre e Salvador. Traduzir resultados cient\u00edficos para uma linguagem did\u00e1tica \u00e9 o grande m\u00e9rito do manual, que est\u00e1 sendo aplicado em curso de treinamento a professores envolvidos com o N\u00facleo de Adolescentes Multiplicadores (NAM), projeto da Secretaria Municipal de Educa\u00e7\u00e3o da cidade do Rio de Janeiro.<BR>  <P>A iniciativa \u00e9 fruto de uma parceria do Programa em G\u00eanero, Sexualidade e Sa\u00fade do Instituto de Medicina Social (IMS\/UERJ) com a Rede de Desenvolvimento Humano (Redeh). Participam do treinamento 100 professores (as), divididos em duas turmas. Para al\u00e9m da atividade fim de sensibiliza\u00e7\u00e3o com os temas implicados na dita reprodu\u00e7\u00e3o precoce, a internaliza\u00e7\u00e3o do conte\u00fado pelos docentes municipais ser\u00e1 avaliada atrav\u00e9s de atividades que venham a propor em seus espa\u00e7os profissionais a partir do uso do manual. Os educadores que participaram do curso pretendem ainda elaborar sugest\u00f5es para o novo (a) prefeito(a). H\u00e1 dificuldades pouco evidentes em tratar de temas como sexualidade e contracep\u00e7\u00e3o nas escolas: alguns professores ainda acham que esses temas n\u00e3o devem ser tratados na escola, enquanto uma parte significativa de pais de alunos acha que abordar tais assuntos em sala de aula \u00e9 uma antecipa\u00e7\u00e3o indevida \u00e0 entrada na sexualidade.<BR>  <P>&ldquo;Ainda existe pouca clareza, por parte dos professores, sobre como aplicar os temas transversais propostos nos Par\u00e2metros Curriculares Nacionais. Essa situa\u00e7\u00e3o acaba deixando os educadores desamparados, ou seja, se podem ou n\u00e3o abordar tais assuntos com seus alunos&rdquo;, analisa a antrop\u00f3loga Maria Luiza Heilborn (CLAM\/IMS\/UERJ), coordenadora geral da pesquisa Gravad.<BR>  <P>Simultaneamente ao curso de treinamento para professores, o CLAM est\u00e1 desenvolvendo o projeto de pesquisa &ldquo;Educa\u00e7\u00e3o em sexualidade: um experimento com educadores de ensino fundamental no Rio de Janeiro&rdquo;, incluindo o levantamento de dados etnogr\u00e1ficos e a aplica\u00e7\u00e3o de um question\u00e1rio ao final do treinamento.<BR>  <P><I><B>Maternidade: entre o despreparo para a vida e a realiza\u00e7\u00e3o pessoal<\/I><\/B>  <P>Segundo Maria Luiza, o projeto \u00e9 importante porque visa esclarecer educadores sobre in\u00fameros conceitos propagados pelo senso comum a respeito dessa realidade. Um exemplo \u00e9 o pensamento que associa evas\u00e3o escolar ao evento da gravidez adolescente (considerada como a que ocorre at\u00e9 os 20 anos incompletos), pensamento geralmente refor\u00e7ado pela m\u00eddia. A Pesquisa Gravad ajuda a desconstruir este mito: segundo o estudo, a gravidez seguida do nascimento do filho ocorre, na maioria das vezes, quando os jovens j\u00e1 n\u00e3o est\u00e3o mais na escola. \u00c9 o caso de aproximadamente 40% das mo\u00e7as e de 48% dos rapazes com at\u00e9 19 anos de idade entre os quase 5 mil jovens entrevistados; 15% do total das jovens entrevistadas relataram ter sido m\u00e3es antes dos 15 anos. E, de acordo com a pesquisa, estas mo\u00e7as abandonam os estudos porque, para elas, ter um filho \u00e9 uma realiza\u00e7\u00e3o pessoal. &ldquo;Essas mo\u00e7as, normalmente pertencentes \u00e0s camadas populares, vivem em situa\u00e7\u00e3o de exclus\u00e3o social. T\u00eam m\u00e3es que trabalham fora, por isso t\u00eam que cuidar dos irm\u00e3os menores. Assim, uma s\u00e9rie de fatores faz com que, para elas, ter um filho seja uma realiza\u00e7\u00e3o pessoal. E geralmente os eventos de gravidez na adolesc\u00eancia nessas camadas sociais acabam em uni\u00e3o, mesmo que esta se dissolva depois. \u00c9 claro que o ideal \u00e9 que este per\u00edodo esteja reservado para a escolariza\u00e7\u00e3o. Por sua vez, quando essa experi\u00eancia ocorre com jovens da classe m\u00e9dia, a vis\u00e3o da fam\u00edlia \u00e9 que eles n\u00e3o precisem casar e continuem os estudos&rdquo;, diz a antrop\u00f3loga.<BR>  <P>A pesquisa tamb\u00e9m afasta o mito de que as jovens engravidam logo na primeira rela\u00e7\u00e3o: a maioria dos entrevistados (70%) declarou uso de prote\u00e7\u00e3o e\/ou contracep\u00e7\u00e3o na primeira rela\u00e7\u00e3o sexual. &ldquo;Esta taxa decai com o decorrer do relacionamento uma vez que os parceiros &lsquo;ganham confian\u00e7a&rsquo; entre si&rdquo;, explica Maia Luiza. O uso do preservativo na primeira rela\u00e7\u00e3o, no entanto, n\u00e3o est\u00e1 vinculado \u00e0 preven\u00e7\u00e3o de um evento de gravidez. O uso da camisinha ainda est\u00e1 muito vinculado \u00e0 Aids.<BR>  <P>A Pesquisa Gravad investigou o lado oculto das quest\u00f5es ligadas \u00e0 gravidez na adolesc\u00eancia, como a participa\u00e7\u00e3o dos rapazes, seja no uso do preservativo, seja na escolha do m\u00e9todo contraceptivo. &ldquo;Esta \u00e9 uma responsabilidade que n\u00e3o \u00e9 dividida&rdquo;, ressalta a pesquisadora. Por isso, a paternidade adolescente \u00e9 tamb\u00e9m abordada no manual para os professores.<BR>  <P>&ldquo;Outro elemento ausente do debate sobre gravidez na adolesc\u00eancia \u00e9 que muitas jovens n\u00e3o t\u00eam acesso \u00e0 contracep\u00e7\u00e3o de emerg\u00eancia, \u00e0 informa\u00e7\u00e3o e \u00e0 medica\u00e7\u00e3o, o que poderia resolver a quest\u00e3o. A responsabilidade recai sempre sobre a jovem, ignorando-se a responsabilidade do Estado. Em nosso pa\u00eds, ainda faltam pol\u00edticas de sa\u00fade relativas \u00e1 contracep\u00e7\u00e3o para as adolescentes&rdquo;, critica a antrop\u00f3loga.<BR>  <P>A Pesquisa Gravad originou o livro <a href=\"http:\/\/www.clam.org.br\/publique\/cgi\/cgilua.exe\/sys\/start.htm?infoid=1575&amp;sid=56\" target=\"_blank\" rel=\"noopener\">&ldquo;O Aprendizado da Sexualidade&rdquo;<\/A>, que re\u00fane os resultados do estudo. <\/P><\/p>\n","protected":false},"excerpt":{"rendered":"<p>La antrop\u00f3loga Maria Luiza Heilborn habla de la importancia del proyecto&nbsp;<EM>Embarazo en la Adolescencia y Sexualidad: una charla franca con educadoras&nbsp;y educadores<\/EM>,&nbsp;que&nbsp;procura esclarecer sobre los conceptos propagados por el sentido com\u00fan en relaci\u00f3n con el tema. <EM>(Texto en portugues)<\/EM><\/p>\n","protected":false},"author":1,"featured_media":0,"comment_status":"open","ping_status":"open","sticky":false,"template":"","format":"standard","meta":{"_acf_changed":false,"site-sidebar-layout":"default","site-content-layout":"default","ast-global-header-display":"","ast-main-header-display":"","ast-hfb-above-header-display":"","ast-hfb-below-header-display":"","ast-hfb-mobile-header-display":"","site-post-title":"","ast-breadcrumbs-content":"","ast-featured-img":"","footer-sml-layout":"","theme-transparent-header-meta":"","adv-header-id-meta":"","stick-header-meta":"","header-above-stick-meta":"","header-main-stick-meta":"","header-below-stick-meta":"","_jetpack_memberships_contains_paid_content":false,"footnotes":""},"categories":[7],"tags":[],"class_list":["post-370","post","type-post","status-publish","format-standard","hentry","category-noticias-clam"],"acf":[],"yoast_head":"<!-- This site is optimized with the Yoast SEO plugin v26.1.1 - https:\/\/yoast.com\/wordpress\/plugins\/seo\/ -->\n<title>M\u00e1s all\u00e1 del sentido com\u00fan - CLAM - ES<\/title>\n<meta name=\"robots\" content=\"index, follow, max-snippet:-1, max-image-preview:large, max-video-preview:-1\" \/>\n<link rel=\"canonical\" href=\"https:\/\/clam.org.br\/es\/noticias-clam\/mas-alla-del-sentido-comun\/370\/\" \/>\n<meta property=\"og:locale\" content=\"es_ES\" \/>\n<meta property=\"og:type\" content=\"article\" \/>\n<meta property=\"og:title\" content=\"M\u00e1s all\u00e1 del sentido com\u00fan - CLAM - ES\" \/>\n<meta property=\"og:description\" content=\"La antrop\u00f3loga Maria Luiza Heilborn habla de la importancia del proyecto&nbsp;Embarazo en la Adolescencia y Sexualidad: una charla franca con educadoras&nbsp;y educadores,&nbsp;que&nbsp;procura esclarecer sobre los conceptos propagados por el sentido com\u00fan en relaci\u00f3n con el tema. (Texto en portugues)\" \/>\n<meta property=\"og:url\" content=\"https:\/\/clam.org.br\/es\/noticias-clam\/mas-alla-del-sentido-comun\/370\/\" \/>\n<meta property=\"og:site_name\" content=\"CLAM - ES\" \/>\n<meta property=\"article:published_time\" content=\"2008-10-01T03:00:00+00:00\" \/>\n<meta name=\"author\" content=\"fw2\" \/>\n<meta name=\"twitter:card\" content=\"summary_large_image\" \/>\n<meta name=\"twitter:label1\" content=\"Escrito por\" \/>\n\t<meta name=\"twitter:data1\" content=\"fw2\" \/>\n\t<meta name=\"twitter:label2\" content=\"Tiempo de lectura\" \/>\n\t<meta name=\"twitter:data2\" content=\"5 minutos\" \/>\n<script type=\"application\/ld+json\" class=\"yoast-schema-graph\">{\"@context\":\"https:\/\/schema.org\",\"@graph\":[{\"@type\":\"WebPage\",\"@id\":\"https:\/\/clam.org.br\/es\/noticias-clam\/mas-alla-del-sentido-comun\/370\/\",\"url\":\"https:\/\/clam.org.br\/es\/noticias-clam\/mas-alla-del-sentido-comun\/370\/\",\"name\":\"M\u00e1s all\u00e1 del sentido com\u00fan - CLAM - ES\",\"isPartOf\":{\"@id\":\"https:\/\/clam.org.br\/es\/#website\"},\"datePublished\":\"2008-10-01T03:00:00+00:00\",\"author\":{\"@id\":\"https:\/\/clam.org.br\/es\/#\/schema\/person\/fbd9a86032bf7479f94b0ded196f1010\"},\"breadcrumb\":{\"@id\":\"https:\/\/clam.org.br\/es\/noticias-clam\/mas-alla-del-sentido-comun\/370\/#breadcrumb\"},\"inLanguage\":\"es\",\"potentialAction\":[{\"@type\":\"ReadAction\",\"target\":[\"https:\/\/clam.org.br\/es\/noticias-clam\/mas-alla-del-sentido-comun\/370\/\"]}]},{\"@type\":\"BreadcrumbList\",\"@id\":\"https:\/\/clam.org.br\/es\/noticias-clam\/mas-alla-del-sentido-comun\/370\/#breadcrumb\",\"itemListElement\":[{\"@type\":\"ListItem\",\"position\":1,\"name\":\"In\u00edcio\",\"item\":\"https:\/\/clam.org.br\/es\/\"},{\"@type\":\"ListItem\",\"position\":2,\"name\":\"M\u00e1s all\u00e1 del sentido com\u00fan\"}]},{\"@type\":\"WebSite\",\"@id\":\"https:\/\/clam.org.br\/es\/#website\",\"url\":\"https:\/\/clam.org.br\/es\/\",\"name\":\"CLAM - ES\",\"description\":\"S\u00f3 mais um site CLAM - Centro Latino-Americano em Sexualidade e Direitos Humanos sites\",\"potentialAction\":[{\"@type\":\"SearchAction\",\"target\":{\"@type\":\"EntryPoint\",\"urlTemplate\":\"https:\/\/clam.org.br\/es\/?s={search_term_string}\"},\"query-input\":{\"@type\":\"PropertyValueSpecification\",\"valueRequired\":true,\"valueName\":\"search_term_string\"}}],\"inLanguage\":\"es\"},{\"@type\":\"Person\",\"@id\":\"https:\/\/clam.org.br\/es\/#\/schema\/person\/fbd9a86032bf7479f94b0ded196f1010\",\"name\":\"fw2\",\"image\":{\"@type\":\"ImageObject\",\"inLanguage\":\"es\",\"@id\":\"https:\/\/clam.org.br\/es\/#\/schema\/person\/image\/\",\"url\":\"https:\/\/secure.gravatar.com\/avatar\/c38472c0cdbde82d9b6fcc26adb3779d?s=96&d=mm&r=g\",\"contentUrl\":\"https:\/\/secure.gravatar.com\/avatar\/c38472c0cdbde82d9b6fcc26adb3779d?s=96&d=mm&r=g\",\"caption\":\"fw2\"},\"sameAs\":[\"https:\/\/clam.fw2web.com.br\"],\"url\":\"https:\/\/clam.org.br\/es\/author\/fw2\/\"}]}<\/script>\n<!-- \/ Yoast SEO plugin. -->","yoast_head_json":{"title":"M\u00e1s all\u00e1 del sentido com\u00fan - CLAM - ES","robots":{"index":"index","follow":"follow","max-snippet":"max-snippet:-1","max-image-preview":"max-image-preview:large","max-video-preview":"max-video-preview:-1"},"canonical":"https:\/\/clam.org.br\/es\/noticias-clam\/mas-alla-del-sentido-comun\/370\/","og_locale":"es_ES","og_type":"article","og_title":"M\u00e1s all\u00e1 del sentido com\u00fan - CLAM - ES","og_description":"La antrop\u00f3loga Maria Luiza Heilborn habla de la importancia del proyecto&nbsp;Embarazo en la Adolescencia y Sexualidad: una charla franca con educadoras&nbsp;y educadores,&nbsp;que&nbsp;procura esclarecer sobre los conceptos propagados por el sentido com\u00fan en relaci\u00f3n con el tema. (Texto en portugues)","og_url":"https:\/\/clam.org.br\/es\/noticias-clam\/mas-alla-del-sentido-comun\/370\/","og_site_name":"CLAM - ES","article_published_time":"2008-10-01T03:00:00+00:00","author":"fw2","twitter_card":"summary_large_image","twitter_misc":{"Escrito por":"fw2","Tiempo de lectura":"5 minutos"},"schema":{"@context":"https:\/\/schema.org","@graph":[{"@type":"WebPage","@id":"https:\/\/clam.org.br\/es\/noticias-clam\/mas-alla-del-sentido-comun\/370\/","url":"https:\/\/clam.org.br\/es\/noticias-clam\/mas-alla-del-sentido-comun\/370\/","name":"M\u00e1s all\u00e1 del sentido com\u00fan - CLAM - ES","isPartOf":{"@id":"https:\/\/clam.org.br\/es\/#website"},"datePublished":"2008-10-01T03:00:00+00:00","author":{"@id":"https:\/\/clam.org.br\/es\/#\/schema\/person\/fbd9a86032bf7479f94b0ded196f1010"},"breadcrumb":{"@id":"https:\/\/clam.org.br\/es\/noticias-clam\/mas-alla-del-sentido-comun\/370\/#breadcrumb"},"inLanguage":"es","potentialAction":[{"@type":"ReadAction","target":["https:\/\/clam.org.br\/es\/noticias-clam\/mas-alla-del-sentido-comun\/370\/"]}]},{"@type":"BreadcrumbList","@id":"https:\/\/clam.org.br\/es\/noticias-clam\/mas-alla-del-sentido-comun\/370\/#breadcrumb","itemListElement":[{"@type":"ListItem","position":1,"name":"In\u00edcio","item":"https:\/\/clam.org.br\/es\/"},{"@type":"ListItem","position":2,"name":"M\u00e1s all\u00e1 del sentido com\u00fan"}]},{"@type":"WebSite","@id":"https:\/\/clam.org.br\/es\/#website","url":"https:\/\/clam.org.br\/es\/","name":"CLAM - ES","description":"S\u00f3 mais um site CLAM - Centro Latino-Americano em Sexualidade e Direitos Humanos sites","potentialAction":[{"@type":"SearchAction","target":{"@type":"EntryPoint","urlTemplate":"https:\/\/clam.org.br\/es\/?s={search_term_string}"},"query-input":{"@type":"PropertyValueSpecification","valueRequired":true,"valueName":"search_term_string"}}],"inLanguage":"es"},{"@type":"Person","@id":"https:\/\/clam.org.br\/es\/#\/schema\/person\/fbd9a86032bf7479f94b0ded196f1010","name":"fw2","image":{"@type":"ImageObject","inLanguage":"es","@id":"https:\/\/clam.org.br\/es\/#\/schema\/person\/image\/","url":"https:\/\/secure.gravatar.com\/avatar\/c38472c0cdbde82d9b6fcc26adb3779d?s=96&d=mm&r=g","contentUrl":"https:\/\/secure.gravatar.com\/avatar\/c38472c0cdbde82d9b6fcc26adb3779d?s=96&d=mm&r=g","caption":"fw2"},"sameAs":["https:\/\/clam.fw2web.com.br"],"url":"https:\/\/clam.org.br\/es\/author\/fw2\/"}]}},"jetpack_featured_media_url":"","jetpack_sharing_enabled":true,"_links":{"self":[{"href":"https:\/\/clam.org.br\/es\/wp-json\/wp\/v2\/posts\/370","targetHints":{"allow":["GET"]}}],"collection":[{"href":"https:\/\/clam.org.br\/es\/wp-json\/wp\/v2\/posts"}],"about":[{"href":"https:\/\/clam.org.br\/es\/wp-json\/wp\/v2\/types\/post"}],"author":[{"embeddable":true,"href":"https:\/\/clam.org.br\/es\/wp-json\/wp\/v2\/users\/1"}],"replies":[{"embeddable":true,"href":"https:\/\/clam.org.br\/es\/wp-json\/wp\/v2\/comments?post=370"}],"version-history":[{"count":0,"href":"https:\/\/clam.org.br\/es\/wp-json\/wp\/v2\/posts\/370\/revisions"}],"wp:attachment":[{"href":"https:\/\/clam.org.br\/es\/wp-json\/wp\/v2\/media?parent=370"}],"wp:term":[{"taxonomy":"category","embeddable":true,"href":"https:\/\/clam.org.br\/es\/wp-json\/wp\/v2\/categories?post=370"},{"taxonomy":"post_tag","embeddable":true,"href":"https:\/\/clam.org.br\/es\/wp-json\/wp\/v2\/tags?post=370"}],"curies":[{"name":"wp","href":"https:\/\/api.w.org\/{rel}","templated":true}]}}