{"id":3703,"date":"2008-02-12T00:00:00","date_gmt":"2008-02-12T02:00:00","guid":{"rendered":"https:\/\/clam.fw2web.com.br\/es\/2008\/02\/12\/discuten-en-ciudad-de-mexico-legalizar-reasignaciones-de-genero\/"},"modified":"2023-06-14T07:54:56","modified_gmt":"2023-06-14T10:54:56","slug":"discuten-en-ciudad-de-mexico-legalizar-reasignaciones-de-genero","status":"publish","type":"post","link":"https:\/\/clam.org.br\/es\/en-los-medios\/discuten-en-ciudad-de-mexico-legalizar-reasignaciones-de-genero\/3703\/","title":{"rendered":"Discuten en ciudad de M\u00e9xico legalizar reasignaciones de g\u00e9nero"},"content":{"rendered":"<p><P>Diputados presentaron en la Asamblea Legislativa (congreso local) una iniciativa de ley que dar\u00eda luz verde al cambio legal de la identidad de g\u00e9nero de las personas transexuales en los documentos oficiales; asimismo, plantea que los hospitales p\u00fablicos realicen cirug\u00edas de reasignaci\u00f3n sexual a quien lo requiera. Una nota da cuenta del proceso y en un testimonio habla una pareja transexual que conf\u00eda en que la ley ser\u00e1 finalmente aprobada. <\/P> <P><a href=\"http:\/\/www.jornada.unam.mx\/2008\/02\/07\/ls-cara.html\" target=\"_blank\" rel=\"noopener\">Texto completo<\/A><\/P><\/p>\n","protected":false},"excerpt":{"rendered":"<p>Diputados presentaron en la Asamblea Legislativa (congreso local) una iniciativa de ley que dar\u00eda luz verde al cambio legal de la identidad de g\u00e9nero de las personas transexuales en los documentos oficiales; asimismo, plantea que los hospitales p\u00fablicos realicen cirug\u00edas de reasignaci\u00f3n sexual a quien lo requiera. Una nota da cuenta del proceso y en un testimonio habla una pareja transexual que conf\u00eda en que la ley ser\u00e1 finalmente aprobada.<\/p>\n","protected":false},"author":1,"featured_media":0,"comment_status":"open","ping_status":"open","sticky":false,"template":"","format":"standard","meta":{"_acf_changed":false,"site-sidebar-layout":"default","site-content-layout":"default","ast-global-header-display":"","ast-main-header-display":"","ast-hfb-above-header-display":"","ast-hfb-below-header-display":"","ast-hfb-mobile-header-display":"","site-post-title":"","ast-breadcrumbs-content":"","ast-featured-img":"","footer-sml-layout":"","theme-transparent-header-meta":"","adv-header-id-meta":"","stick-header-meta":"","header-above-stick-meta":"","header-main-stick-meta":"","header-below-stick-meta":"","_jetpack_memberships_contains_paid_content":false,"footnotes":""},"categories":[27],"tags":[],"class_list":["post-3703","post","type-post","status-publish","format-standard","hentry","category-en-los-medios"],"acf":[],"yoast_head":"<!-- This site is optimized with the Yoast SEO plugin v26.1.1 - https:\/\/yoast.com\/wordpress\/plugins\/seo\/ -->\n<title>Discuten en ciudad de M\u00e9xico legalizar reasignaciones de g\u00e9nero - CLAM - ES<\/title>\n<meta name=\"robots\" content=\"index, follow, max-snippet:-1, max-image-preview:large, max-video-preview:-1\" \/>\n<link rel=\"canonical\" href=\"https:\/\/clam.org.br\/es\/en-los-medios\/discuten-en-ciudad-de-mexico-legalizar-reasignaciones-de-genero\/3703\/\" \/>\n<meta property=\"og:locale\" content=\"es_ES\" \/>\n<meta property=\"og:type\" content=\"article\" \/>\n<meta property=\"og:title\" content=\"Discuten en ciudad de M\u00e9xico legalizar reasignaciones de g\u00e9nero - CLAM - ES\" \/>\n<meta property=\"og:description\" content=\"Diputados presentaron en la Asamblea Legislativa (congreso local) una iniciativa de ley que dar\u00eda luz verde al cambio legal de la identidad de g\u00e9nero de las personas transexuales en los documentos oficiales; asimismo, plantea que los hospitales p\u00fablicos realicen cirug\u00edas de reasignaci\u00f3n sexual a quien lo requiera. Una nota da cuenta del proceso y en un testimonio habla una pareja transexual que conf\u00eda en que la ley ser\u00e1 finalmente aprobada.\" \/>\n<meta property=\"og:url\" content=\"https:\/\/clam.org.br\/es\/en-los-medios\/discuten-en-ciudad-de-mexico-legalizar-reasignaciones-de-genero\/3703\/\" \/>\n<meta property=\"og:site_name\" content=\"CLAM - ES\" \/>\n<meta property=\"article:published_time\" content=\"2008-02-12T02:00:00+00:00\" \/>\n<meta property=\"article:modified_time\" content=\"2023-06-14T10:54:56+00:00\" \/>\n<meta name=\"author\" content=\"fw2\" \/>\n<meta name=\"twitter:card\" content=\"summary_large_image\" \/>\n<meta name=\"twitter:label1\" content=\"Escrito por\" \/>\n\t<meta name=\"twitter:data1\" content=\"fw2\" \/>\n<script type=\"application\/ld+json\" class=\"yoast-schema-graph\">{\"@context\":\"https:\/\/schema.org\",\"@graph\":[{\"@type\":\"WebPage\",\"@id\":\"https:\/\/clam.org.br\/es\/en-los-medios\/discuten-en-ciudad-de-mexico-legalizar-reasignaciones-de-genero\/3703\/\",\"url\":\"https:\/\/clam.org.br\/es\/en-los-medios\/discuten-en-ciudad-de-mexico-legalizar-reasignaciones-de-genero\/3703\/\",\"name\":\"Discuten en ciudad de M\u00e9xico legalizar reasignaciones de g\u00e9nero - CLAM - ES\",\"isPartOf\":{\"@id\":\"https:\/\/clam.org.br\/es\/#website\"},\"datePublished\":\"2008-02-12T02:00:00+00:00\",\"dateModified\":\"2023-06-14T10:54:56+00:00\",\"author\":{\"@id\":\"https:\/\/clam.org.br\/es\/#\/schema\/person\/fbd9a86032bf7479f94b0ded196f1010\"},\"breadcrumb\":{\"@id\":\"https:\/\/clam.org.br\/es\/en-los-medios\/discuten-en-ciudad-de-mexico-legalizar-reasignaciones-de-genero\/3703\/#breadcrumb\"},\"inLanguage\":\"es\",\"potentialAction\":[{\"@type\":\"ReadAction\",\"target\":[\"https:\/\/clam.org.br\/es\/en-los-medios\/discuten-en-ciudad-de-mexico-legalizar-reasignaciones-de-genero\/3703\/\"]}]},{\"@type\":\"BreadcrumbList\",\"@id\":\"https:\/\/clam.org.br\/es\/en-los-medios\/discuten-en-ciudad-de-mexico-legalizar-reasignaciones-de-genero\/3703\/#breadcrumb\",\"itemListElement\":[{\"@type\":\"ListItem\",\"position\":1,\"name\":\"In\u00edcio\",\"item\":\"https:\/\/clam.org.br\/es\/\"},{\"@type\":\"ListItem\",\"position\":2,\"name\":\"Discuten en ciudad de M\u00e9xico legalizar reasignaciones de g\u00e9nero\"}]},{\"@type\":\"WebSite\",\"@id\":\"https:\/\/clam.org.br\/es\/#website\",\"url\":\"https:\/\/clam.org.br\/es\/\",\"name\":\"CLAM - ES\",\"description\":\"S\u00f3 mais um site CLAM - Centro Latino-Americano em Sexualidade e Direitos Humanos sites\",\"potentialAction\":[{\"@type\":\"SearchAction\",\"target\":{\"@type\":\"EntryPoint\",\"urlTemplate\":\"https:\/\/clam.org.br\/es\/?s={search_term_string}\"},\"query-input\":{\"@type\":\"PropertyValueSpecification\",\"valueRequired\":true,\"valueName\":\"search_term_string\"}}],\"inLanguage\":\"es\"},{\"@type\":\"Person\",\"@id\":\"https:\/\/clam.org.br\/es\/#\/schema\/person\/fbd9a86032bf7479f94b0ded196f1010\",\"name\":\"fw2\",\"image\":{\"@type\":\"ImageObject\",\"inLanguage\":\"es\",\"@id\":\"https:\/\/clam.org.br\/es\/#\/schema\/person\/image\/\",\"url\":\"https:\/\/secure.gravatar.com\/avatar\/c38472c0cdbde82d9b6fcc26adb3779d?s=96&d=mm&r=g\",\"contentUrl\":\"https:\/\/secure.gravatar.com\/avatar\/c38472c0cdbde82d9b6fcc26adb3779d?s=96&d=mm&r=g\",\"caption\":\"fw2\"},\"sameAs\":[\"https:\/\/clam.fw2web.com.br\"],\"url\":\"https:\/\/clam.org.br\/es\/author\/fw2\/\"}]}<\/script>\n<!-- \/ Yoast SEO plugin. -->","yoast_head_json":{"title":"Discuten en ciudad de M\u00e9xico legalizar reasignaciones de g\u00e9nero - CLAM - ES","robots":{"index":"index","follow":"follow","max-snippet":"max-snippet:-1","max-image-preview":"max-image-preview:large","max-video-preview":"max-video-preview:-1"},"canonical":"https:\/\/clam.org.br\/es\/en-los-medios\/discuten-en-ciudad-de-mexico-legalizar-reasignaciones-de-genero\/3703\/","og_locale":"es_ES","og_type":"article","og_title":"Discuten en ciudad de M\u00e9xico legalizar reasignaciones de g\u00e9nero - CLAM - ES","og_description":"Diputados presentaron en la Asamblea Legislativa (congreso local) una iniciativa de ley que dar\u00eda luz verde al cambio legal de la identidad de g\u00e9nero de las personas transexuales en los documentos oficiales; asimismo, plantea que los hospitales p\u00fablicos realicen cirug\u00edas de reasignaci\u00f3n sexual a quien lo requiera. Una nota da cuenta del proceso y en un testimonio habla una pareja transexual que conf\u00eda en que la ley ser\u00e1 finalmente aprobada.","og_url":"https:\/\/clam.org.br\/es\/en-los-medios\/discuten-en-ciudad-de-mexico-legalizar-reasignaciones-de-genero\/3703\/","og_site_name":"CLAM - ES","article_published_time":"2008-02-12T02:00:00+00:00","article_modified_time":"2023-06-14T10:54:56+00:00","author":"fw2","twitter_card":"summary_large_image","twitter_misc":{"Escrito por":"fw2"},"schema":{"@context":"https:\/\/schema.org","@graph":[{"@type":"WebPage","@id":"https:\/\/clam.org.br\/es\/en-los-medios\/discuten-en-ciudad-de-mexico-legalizar-reasignaciones-de-genero\/3703\/","url":"https:\/\/clam.org.br\/es\/en-los-medios\/discuten-en-ciudad-de-mexico-legalizar-reasignaciones-de-genero\/3703\/","name":"Discuten en ciudad de M\u00e9xico legalizar reasignaciones de g\u00e9nero - CLAM - ES","isPartOf":{"@id":"https:\/\/clam.org.br\/es\/#website"},"datePublished":"2008-02-12T02:00:00+00:00","dateModified":"2023-06-14T10:54:56+00:00","author":{"@id":"https:\/\/clam.org.br\/es\/#\/schema\/person\/fbd9a86032bf7479f94b0ded196f1010"},"breadcrumb":{"@id":"https:\/\/clam.org.br\/es\/en-los-medios\/discuten-en-ciudad-de-mexico-legalizar-reasignaciones-de-genero\/3703\/#breadcrumb"},"inLanguage":"es","potentialAction":[{"@type":"ReadAction","target":["https:\/\/clam.org.br\/es\/en-los-medios\/discuten-en-ciudad-de-mexico-legalizar-reasignaciones-de-genero\/3703\/"]}]},{"@type":"BreadcrumbList","@id":"https:\/\/clam.org.br\/es\/en-los-medios\/discuten-en-ciudad-de-mexico-legalizar-reasignaciones-de-genero\/3703\/#breadcrumb","itemListElement":[{"@type":"ListItem","position":1,"name":"In\u00edcio","item":"https:\/\/clam.org.br\/es\/"},{"@type":"ListItem","position":2,"name":"Discuten en ciudad de M\u00e9xico legalizar reasignaciones de g\u00e9nero"}]},{"@type":"WebSite","@id":"https:\/\/clam.org.br\/es\/#website","url":"https:\/\/clam.org.br\/es\/","name":"CLAM - ES","description":"S\u00f3 mais um site CLAM - Centro Latino-Americano em Sexualidade e Direitos Humanos sites","potentialAction":[{"@type":"SearchAction","target":{"@type":"EntryPoint","urlTemplate":"https:\/\/clam.org.br\/es\/?s={search_term_string}"},"query-input":{"@type":"PropertyValueSpecification","valueRequired":true,"valueName":"search_term_string"}}],"inLanguage":"es"},{"@type":"Person","@id":"https:\/\/clam.org.br\/es\/#\/schema\/person\/fbd9a86032bf7479f94b0ded196f1010","name":"fw2","image":{"@type":"ImageObject","inLanguage":"es","@id":"https:\/\/clam.org.br\/es\/#\/schema\/person\/image\/","url":"https:\/\/secure.gravatar.com\/avatar\/c38472c0cdbde82d9b6fcc26adb3779d?s=96&d=mm&r=g","contentUrl":"https:\/\/secure.gravatar.com\/avatar\/c38472c0cdbde82d9b6fcc26adb3779d?s=96&d=mm&r=g","caption":"fw2"},"sameAs":["https:\/\/clam.fw2web.com.br"],"url":"https:\/\/clam.org.br\/es\/author\/fw2\/"}]}},"jetpack_featured_media_url":"","jetpack_sharing_enabled":true,"_links":{"self":[{"href":"https:\/\/clam.org.br\/es\/wp-json\/wp\/v2\/posts\/3703","targetHints":{"allow":["GET"]}}],"collection":[{"href":"https:\/\/clam.org.br\/es\/wp-json\/wp\/v2\/posts"}],"about":[{"href":"https:\/\/clam.org.br\/es\/wp-json\/wp\/v2\/types\/post"}],"author":[{"embeddable":true,"href":"https:\/\/clam.org.br\/es\/wp-json\/wp\/v2\/users\/1"}],"replies":[{"embeddable":true,"href":"https:\/\/clam.org.br\/es\/wp-json\/wp\/v2\/comments?post=3703"}],"version-history":[{"count":1,"href":"https:\/\/clam.org.br\/es\/wp-json\/wp\/v2\/posts\/3703\/revisions"}],"predecessor-version":[{"id":29202,"href":"https:\/\/clam.org.br\/es\/wp-json\/wp\/v2\/posts\/3703\/revisions\/29202"}],"wp:attachment":[{"href":"https:\/\/clam.org.br\/es\/wp-json\/wp\/v2\/media?parent=3703"}],"wp:term":[{"taxonomy":"category","embeddable":true,"href":"https:\/\/clam.org.br\/es\/wp-json\/wp\/v2\/categories?post=3703"},{"taxonomy":"post_tag","embeddable":true,"href":"https:\/\/clam.org.br\/es\/wp-json\/wp\/v2\/tags?post=3703"}],"curies":[{"name":"wp","href":"https:\/\/api.w.org\/{rel}","templated":true}]}}