{"id":3733,"date":"2008-02-27T00:00:00","date_gmt":"2008-02-27T03:00:00","guid":{"rendered":"https:\/\/clam.fw2web.com.br\/es\/2008\/02\/27\/ser-homosexual-en-america-latina\/"},"modified":"2023-06-14T07:55:13","modified_gmt":"2023-06-14T10:55:13","slug":"ser-homosexual-en-america-latina","status":"publish","type":"post","link":"https:\/\/clam.org.br\/es\/en-los-medios\/ser-homosexual-en-america-latina\/3733\/","title":{"rendered":"Ser homosexual en Am\u00e9rica Latina"},"content":{"rendered":"<p><P>Poseer una condici\u00f3n sexual diferente en Am\u00e9rica Latina no es algo menor.Considerando el hecho de que a la hora de hablar de derechos sociales parala comunidad, nos encontramos si no a a\u00f1os luz de los pa\u00edsesdesarrollados, por lo menos a una distancia significativa de alcanzar lasmetas necesarias para que las personas de distinta condici\u00f3n sexualpodamos vivir en la armon\u00eda plena para nuestro crecimiento personal, decaracter\u00edsticas tan dis\u00edmiles como lo es el desarrollo espiritual,emocional, social, mental y f\u00edsico que como personas de hecho, por nuestrasola condici\u00f3n de ser humano merecemos.<\/P> <P><a href=\"http:\/\/www.gaymagazine.cl\/psicologiasociedad\/?contenido=1507\" target=\"_blank\" rel=\"noopener\">Texto completo<\/A><\/P><\/p>\n","protected":false},"excerpt":{"rendered":"<p>Poseer una condici\u00f3n sexual diferente en Am\u00e9rica Latina no es algo menor.Considerando el hecho de que a la hora de hablar de derechos sociales parala comunidad, nos encontramos si no a a\u00f1os luz de los pa\u00edsesdesarrollados, por lo menos a una distancia significativa de alcanzar lasmetas necesarias para que las personas de distinta condici\u00f3n sexualpodamos vivir en la armon\u00eda plena para nuestro crecimiento personal, decaracter\u00edsticas tan dis\u00edmiles como lo es el desarrollo espiritual,emocional, social, mental y f\u00edsico que como personas de hecho, por nuestrasola condici\u00f3n de ser humano merecemos.<\/p>\n","protected":false},"author":1,"featured_media":0,"comment_status":"open","ping_status":"open","sticky":false,"template":"","format":"standard","meta":{"_acf_changed":false,"site-sidebar-layout":"default","site-content-layout":"default","ast-global-header-display":"","ast-main-header-display":"","ast-hfb-above-header-display":"","ast-hfb-below-header-display":"","ast-hfb-mobile-header-display":"","site-post-title":"","ast-breadcrumbs-content":"","ast-featured-img":"","footer-sml-layout":"","theme-transparent-header-meta":"","adv-header-id-meta":"","stick-header-meta":"","header-above-stick-meta":"","header-main-stick-meta":"","header-below-stick-meta":"","_jetpack_memberships_contains_paid_content":false,"footnotes":""},"categories":[27],"tags":[],"class_list":["post-3733","post","type-post","status-publish","format-standard","hentry","category-en-los-medios"],"acf":[],"yoast_head":"<!-- This site is optimized with the Yoast SEO plugin v26.1.1 - https:\/\/yoast.com\/wordpress\/plugins\/seo\/ -->\n<title>Ser homosexual en Am\u00e9rica Latina - CLAM - ES<\/title>\n<meta name=\"robots\" content=\"index, follow, max-snippet:-1, max-image-preview:large, max-video-preview:-1\" \/>\n<link rel=\"canonical\" href=\"https:\/\/clam.org.br\/es\/en-los-medios\/ser-homosexual-en-america-latina\/3733\/\" \/>\n<meta property=\"og:locale\" content=\"es_ES\" \/>\n<meta property=\"og:type\" content=\"article\" \/>\n<meta property=\"og:title\" content=\"Ser homosexual en Am\u00e9rica Latina - CLAM - ES\" \/>\n<meta property=\"og:description\" content=\"Poseer una condici\u00f3n sexual diferente en Am\u00e9rica Latina no es algo menor.Considerando el hecho de que a la hora de hablar de derechos sociales parala comunidad, nos encontramos si no a a\u00f1os luz de los pa\u00edsesdesarrollados, por lo menos a una distancia significativa de alcanzar lasmetas necesarias para que las personas de distinta condici\u00f3n sexualpodamos vivir en la armon\u00eda plena para nuestro crecimiento personal, decaracter\u00edsticas tan dis\u00edmiles como lo es el desarrollo espiritual,emocional, social, mental y f\u00edsico que como personas de hecho, por nuestrasola condici\u00f3n de ser humano merecemos.\" \/>\n<meta property=\"og:url\" content=\"https:\/\/clam.org.br\/es\/en-los-medios\/ser-homosexual-en-america-latina\/3733\/\" \/>\n<meta property=\"og:site_name\" content=\"CLAM - ES\" \/>\n<meta property=\"article:published_time\" content=\"2008-02-27T03:00:00+00:00\" \/>\n<meta property=\"article:modified_time\" content=\"2023-06-14T10:55:13+00:00\" \/>\n<meta name=\"author\" content=\"fw2\" \/>\n<meta name=\"twitter:card\" content=\"summary_large_image\" \/>\n<meta name=\"twitter:label1\" content=\"Escrito por\" \/>\n\t<meta name=\"twitter:data1\" content=\"fw2\" \/>\n\t<meta name=\"twitter:label2\" content=\"Tiempo de lectura\" \/>\n\t<meta name=\"twitter:data2\" content=\"1 minuto\" \/>\n<script type=\"application\/ld+json\" class=\"yoast-schema-graph\">{\"@context\":\"https:\/\/schema.org\",\"@graph\":[{\"@type\":\"WebPage\",\"@id\":\"https:\/\/clam.org.br\/es\/en-los-medios\/ser-homosexual-en-america-latina\/3733\/\",\"url\":\"https:\/\/clam.org.br\/es\/en-los-medios\/ser-homosexual-en-america-latina\/3733\/\",\"name\":\"Ser homosexual en Am\u00e9rica Latina - CLAM - ES\",\"isPartOf\":{\"@id\":\"https:\/\/clam.org.br\/es\/#website\"},\"datePublished\":\"2008-02-27T03:00:00+00:00\",\"dateModified\":\"2023-06-14T10:55:13+00:00\",\"author\":{\"@id\":\"https:\/\/clam.org.br\/es\/#\/schema\/person\/fbd9a86032bf7479f94b0ded196f1010\"},\"breadcrumb\":{\"@id\":\"https:\/\/clam.org.br\/es\/en-los-medios\/ser-homosexual-en-america-latina\/3733\/#breadcrumb\"},\"inLanguage\":\"es\",\"potentialAction\":[{\"@type\":\"ReadAction\",\"target\":[\"https:\/\/clam.org.br\/es\/en-los-medios\/ser-homosexual-en-america-latina\/3733\/\"]}]},{\"@type\":\"BreadcrumbList\",\"@id\":\"https:\/\/clam.org.br\/es\/en-los-medios\/ser-homosexual-en-america-latina\/3733\/#breadcrumb\",\"itemListElement\":[{\"@type\":\"ListItem\",\"position\":1,\"name\":\"In\u00edcio\",\"item\":\"https:\/\/clam.org.br\/es\/\"},{\"@type\":\"ListItem\",\"position\":2,\"name\":\"Ser homosexual en Am\u00e9rica Latina\"}]},{\"@type\":\"WebSite\",\"@id\":\"https:\/\/clam.org.br\/es\/#website\",\"url\":\"https:\/\/clam.org.br\/es\/\",\"name\":\"CLAM - ES\",\"description\":\"S\u00f3 mais um site CLAM - Centro Latino-Americano em Sexualidade e Direitos Humanos sites\",\"potentialAction\":[{\"@type\":\"SearchAction\",\"target\":{\"@type\":\"EntryPoint\",\"urlTemplate\":\"https:\/\/clam.org.br\/es\/?s={search_term_string}\"},\"query-input\":{\"@type\":\"PropertyValueSpecification\",\"valueRequired\":true,\"valueName\":\"search_term_string\"}}],\"inLanguage\":\"es\"},{\"@type\":\"Person\",\"@id\":\"https:\/\/clam.org.br\/es\/#\/schema\/person\/fbd9a86032bf7479f94b0ded196f1010\",\"name\":\"fw2\",\"image\":{\"@type\":\"ImageObject\",\"inLanguage\":\"es\",\"@id\":\"https:\/\/clam.org.br\/es\/#\/schema\/person\/image\/\",\"url\":\"https:\/\/secure.gravatar.com\/avatar\/c38472c0cdbde82d9b6fcc26adb3779d?s=96&d=mm&r=g\",\"contentUrl\":\"https:\/\/secure.gravatar.com\/avatar\/c38472c0cdbde82d9b6fcc26adb3779d?s=96&d=mm&r=g\",\"caption\":\"fw2\"},\"sameAs\":[\"https:\/\/clam.fw2web.com.br\"],\"url\":\"https:\/\/clam.org.br\/es\/author\/fw2\/\"}]}<\/script>\n<!-- \/ Yoast SEO plugin. -->","yoast_head_json":{"title":"Ser homosexual en Am\u00e9rica Latina - CLAM - ES","robots":{"index":"index","follow":"follow","max-snippet":"max-snippet:-1","max-image-preview":"max-image-preview:large","max-video-preview":"max-video-preview:-1"},"canonical":"https:\/\/clam.org.br\/es\/en-los-medios\/ser-homosexual-en-america-latina\/3733\/","og_locale":"es_ES","og_type":"article","og_title":"Ser homosexual en Am\u00e9rica Latina - CLAM - ES","og_description":"Poseer una condici\u00f3n sexual diferente en Am\u00e9rica Latina no es algo menor.Considerando el hecho de que a la hora de hablar de derechos sociales parala comunidad, nos encontramos si no a a\u00f1os luz de los pa\u00edsesdesarrollados, por lo menos a una distancia significativa de alcanzar lasmetas necesarias para que las personas de distinta condici\u00f3n sexualpodamos vivir en la armon\u00eda plena para nuestro crecimiento personal, decaracter\u00edsticas tan dis\u00edmiles como lo es el desarrollo espiritual,emocional, social, mental y f\u00edsico que como personas de hecho, por nuestrasola condici\u00f3n de ser humano merecemos.","og_url":"https:\/\/clam.org.br\/es\/en-los-medios\/ser-homosexual-en-america-latina\/3733\/","og_site_name":"CLAM - ES","article_published_time":"2008-02-27T03:00:00+00:00","article_modified_time":"2023-06-14T10:55:13+00:00","author":"fw2","twitter_card":"summary_large_image","twitter_misc":{"Escrito por":"fw2","Tiempo de lectura":"1 minuto"},"schema":{"@context":"https:\/\/schema.org","@graph":[{"@type":"WebPage","@id":"https:\/\/clam.org.br\/es\/en-los-medios\/ser-homosexual-en-america-latina\/3733\/","url":"https:\/\/clam.org.br\/es\/en-los-medios\/ser-homosexual-en-america-latina\/3733\/","name":"Ser homosexual en Am\u00e9rica Latina - CLAM - ES","isPartOf":{"@id":"https:\/\/clam.org.br\/es\/#website"},"datePublished":"2008-02-27T03:00:00+00:00","dateModified":"2023-06-14T10:55:13+00:00","author":{"@id":"https:\/\/clam.org.br\/es\/#\/schema\/person\/fbd9a86032bf7479f94b0ded196f1010"},"breadcrumb":{"@id":"https:\/\/clam.org.br\/es\/en-los-medios\/ser-homosexual-en-america-latina\/3733\/#breadcrumb"},"inLanguage":"es","potentialAction":[{"@type":"ReadAction","target":["https:\/\/clam.org.br\/es\/en-los-medios\/ser-homosexual-en-america-latina\/3733\/"]}]},{"@type":"BreadcrumbList","@id":"https:\/\/clam.org.br\/es\/en-los-medios\/ser-homosexual-en-america-latina\/3733\/#breadcrumb","itemListElement":[{"@type":"ListItem","position":1,"name":"In\u00edcio","item":"https:\/\/clam.org.br\/es\/"},{"@type":"ListItem","position":2,"name":"Ser homosexual en Am\u00e9rica Latina"}]},{"@type":"WebSite","@id":"https:\/\/clam.org.br\/es\/#website","url":"https:\/\/clam.org.br\/es\/","name":"CLAM - ES","description":"S\u00f3 mais um site CLAM - Centro Latino-Americano em Sexualidade e Direitos Humanos sites","potentialAction":[{"@type":"SearchAction","target":{"@type":"EntryPoint","urlTemplate":"https:\/\/clam.org.br\/es\/?s={search_term_string}"},"query-input":{"@type":"PropertyValueSpecification","valueRequired":true,"valueName":"search_term_string"}}],"inLanguage":"es"},{"@type":"Person","@id":"https:\/\/clam.org.br\/es\/#\/schema\/person\/fbd9a86032bf7479f94b0ded196f1010","name":"fw2","image":{"@type":"ImageObject","inLanguage":"es","@id":"https:\/\/clam.org.br\/es\/#\/schema\/person\/image\/","url":"https:\/\/secure.gravatar.com\/avatar\/c38472c0cdbde82d9b6fcc26adb3779d?s=96&d=mm&r=g","contentUrl":"https:\/\/secure.gravatar.com\/avatar\/c38472c0cdbde82d9b6fcc26adb3779d?s=96&d=mm&r=g","caption":"fw2"},"sameAs":["https:\/\/clam.fw2web.com.br"],"url":"https:\/\/clam.org.br\/es\/author\/fw2\/"}]}},"jetpack_featured_media_url":"","jetpack_sharing_enabled":true,"_links":{"self":[{"href":"https:\/\/clam.org.br\/es\/wp-json\/wp\/v2\/posts\/3733","targetHints":{"allow":["GET"]}}],"collection":[{"href":"https:\/\/clam.org.br\/es\/wp-json\/wp\/v2\/posts"}],"about":[{"href":"https:\/\/clam.org.br\/es\/wp-json\/wp\/v2\/types\/post"}],"author":[{"embeddable":true,"href":"https:\/\/clam.org.br\/es\/wp-json\/wp\/v2\/users\/1"}],"replies":[{"embeddable":true,"href":"https:\/\/clam.org.br\/es\/wp-json\/wp\/v2\/comments?post=3733"}],"version-history":[{"count":1,"href":"https:\/\/clam.org.br\/es\/wp-json\/wp\/v2\/posts\/3733\/revisions"}],"predecessor-version":[{"id":29232,"href":"https:\/\/clam.org.br\/es\/wp-json\/wp\/v2\/posts\/3733\/revisions\/29232"}],"wp:attachment":[{"href":"https:\/\/clam.org.br\/es\/wp-json\/wp\/v2\/media?parent=3733"}],"wp:term":[{"taxonomy":"category","embeddable":true,"href":"https:\/\/clam.org.br\/es\/wp-json\/wp\/v2\/categories?post=3733"},{"taxonomy":"post_tag","embeddable":true,"href":"https:\/\/clam.org.br\/es\/wp-json\/wp\/v2\/tags?post=3733"}],"curies":[{"name":"wp","href":"https:\/\/api.w.org\/{rel}","templated":true}]}}