{"id":3752,"date":"2008-03-03T00:00:00","date_gmt":"2008-03-03T03:00:00","guid":{"rendered":"https:\/\/clam.fw2web.com.br\/es\/2008\/03\/03\/por-primera-vez-el-sector-lgbt-hace-parte-de-un-consejo-territorial-de-planeacion\/"},"modified":"2023-06-14T07:55:21","modified_gmt":"2023-06-14T10:55:21","slug":"por-primera-vez-el-sector-lgbt-hace-parte-de-un-consejo-territorial-de-planeacion","status":"publish","type":"post","link":"https:\/\/clam.org.br\/es\/en-los-medios\/por-primera-vez-el-sector-lgbt-hace-parte-de-un-consejo-territorial-de-planeacion\/3752\/","title":{"rendered":"Por primera vez el sector LGBT hace parte de un consejo territorial de planeaci\u00f3n"},"content":{"rendered":"<p><P>Como un gran logro que permitir\u00e1 continuar marcando pautas reales de participaci\u00f3n pol\u00edtica del sector de las personas gays, lesbianas, bisexuales y trans en Colombia, se\u00f1ala el ciudadano gay de Medell\u00edn, periodista y Docente Universitario Manuel Jos\u00e9 Berm\u00fadez Andrade, la inclusi\u00f3n de un representante del sector en el Consejo Municipal de Planeaci\u00f3n de Medell\u00edn. La iniciativa fue enviada al Alcalde Alonso Salazar Jaramillo por La Mesa de trabajo LGBT de Medell\u00edn y Antioquia, conocida como Mesa Social LGBT, y de la cual es miembro fundador el ciudadano gay de Medell\u00edn, e inclu\u00eda como terna elegible a: Tatiana Hern\u00e1ndez de Amam &ndash;Asociaci\u00f3n de mujeres que aman a mujeres en Medell\u00edn, Manuel Jos\u00e9 Berm\u00fadez Andrade &ndash;el ciudadano gay de Medell\u00edn- y Hernando Mu\u00f1oz S\u00e1nchez de Colombia Diversa. Siendo seleccionado este \u00faltimo como consejero.<\/P> <P><a href=\"http:\/\/www.planetapaz.org\/planetainforma\/boletin.shtml?x=1064&amp;cmd%5B12%5D=c-1-%27191%27\" target=\"_blank\" rel=\"noopener\">Texto completo<\/A><\/P><\/p>\n","protected":false},"excerpt":{"rendered":"<p>Como un gran logro que permitir\u00e1 continuar marcando pautas reales de participaci\u00f3n pol\u00edtica del sector de las personas gays, lesbianas, bisexuales y trans en Colombia, se\u00f1ala el ciudadano gay de Medell\u00edn, periodista y Docente Universitario Manuel Jos\u00e9 Berm\u00fadez Andrade, la inclusi\u00f3n de un representante del sector en el Consejo Municipal de Planeaci\u00f3n de Medell\u00edn. La iniciativa fue enviada al Alcalde Alonso Salazar Jaramillo por La Mesa de trabajo LGBT de Medell\u00edn y Antioquia, conocida como Mesa Social LGBT, y de la cual es miembro fundador el ciudadano gay de Medell\u00edn, e inclu\u00eda como terna elegible a: Tatiana Hern\u00e1ndez de Amam &ndash;Asociaci\u00f3n de mujeres que aman a mujeres en Medell\u00edn, Manuel Jos\u00e9 Berm\u00fadez Andrade &ndash;el ciudadano gay de Medell\u00edn- y Hernando Mu\u00f1oz S\u00e1nchez de Colombia Diversa. Siendo seleccionado este \u00faltimo como consejero.<\/p>\n","protected":false},"author":1,"featured_media":0,"comment_status":"open","ping_status":"open","sticky":false,"template":"","format":"standard","meta":{"_acf_changed":false,"site-sidebar-layout":"default","site-content-layout":"default","ast-global-header-display":"","ast-main-header-display":"","ast-hfb-above-header-display":"","ast-hfb-below-header-display":"","ast-hfb-mobile-header-display":"","site-post-title":"","ast-breadcrumbs-content":"","ast-featured-img":"","footer-sml-layout":"","theme-transparent-header-meta":"","adv-header-id-meta":"","stick-header-meta":"","header-above-stick-meta":"","header-main-stick-meta":"","header-below-stick-meta":"","_jetpack_memberships_contains_paid_content":false,"footnotes":""},"categories":[27],"tags":[],"class_list":["post-3752","post","type-post","status-publish","format-standard","hentry","category-en-los-medios"],"acf":[],"yoast_head":"<!-- This site is optimized with the Yoast SEO plugin v26.1.1 - https:\/\/yoast.com\/wordpress\/plugins\/seo\/ -->\n<title>Por primera vez el sector LGBT hace parte de un consejo territorial de planeaci\u00f3n - CLAM - ES<\/title>\n<meta name=\"robots\" content=\"index, follow, max-snippet:-1, max-image-preview:large, max-video-preview:-1\" \/>\n<link rel=\"canonical\" href=\"https:\/\/clam.org.br\/es\/en-los-medios\/por-primera-vez-el-sector-lgbt-hace-parte-de-un-consejo-territorial-de-planeacion\/3752\/\" \/>\n<meta property=\"og:locale\" content=\"es_ES\" \/>\n<meta property=\"og:type\" content=\"article\" \/>\n<meta property=\"og:title\" content=\"Por primera vez el sector LGBT hace parte de un consejo territorial de planeaci\u00f3n - CLAM - ES\" \/>\n<meta property=\"og:description\" content=\"Como un gran logro que permitir\u00e1 continuar marcando pautas reales de participaci\u00f3n pol\u00edtica del sector de las personas gays, lesbianas, bisexuales y trans en Colombia, se\u00f1ala el ciudadano gay de Medell\u00edn, periodista y Docente Universitario Manuel Jos\u00e9 Berm\u00fadez Andrade, la inclusi\u00f3n de un representante del sector en el Consejo Municipal de Planeaci\u00f3n de Medell\u00edn. La iniciativa fue enviada al Alcalde Alonso Salazar Jaramillo por La Mesa de trabajo LGBT de Medell\u00edn y Antioquia, conocida como Mesa Social LGBT, y de la cual es miembro fundador el ciudadano gay de Medell\u00edn, e inclu\u00eda como terna elegible a: Tatiana Hern\u00e1ndez de Amam &ndash;Asociaci\u00f3n de mujeres que aman a mujeres en Medell\u00edn, Manuel Jos\u00e9 Berm\u00fadez Andrade &ndash;el ciudadano gay de Medell\u00edn- y Hernando Mu\u00f1oz S\u00e1nchez de Colombia Diversa. Siendo seleccionado este \u00faltimo como consejero.\" \/>\n<meta property=\"og:url\" content=\"https:\/\/clam.org.br\/es\/en-los-medios\/por-primera-vez-el-sector-lgbt-hace-parte-de-un-consejo-territorial-de-planeacion\/3752\/\" \/>\n<meta property=\"og:site_name\" content=\"CLAM - ES\" \/>\n<meta property=\"article:published_time\" content=\"2008-03-03T03:00:00+00:00\" \/>\n<meta property=\"article:modified_time\" content=\"2023-06-14T10:55:21+00:00\" \/>\n<meta name=\"author\" content=\"fw2\" \/>\n<meta name=\"twitter:card\" content=\"summary_large_image\" \/>\n<meta name=\"twitter:label1\" content=\"Escrito por\" \/>\n\t<meta name=\"twitter:data1\" content=\"fw2\" \/>\n\t<meta name=\"twitter:label2\" content=\"Tiempo de lectura\" \/>\n\t<meta name=\"twitter:data2\" content=\"1 minuto\" \/>\n<script type=\"application\/ld+json\" class=\"yoast-schema-graph\">{\"@context\":\"https:\/\/schema.org\",\"@graph\":[{\"@type\":\"WebPage\",\"@id\":\"https:\/\/clam.org.br\/es\/en-los-medios\/por-primera-vez-el-sector-lgbt-hace-parte-de-un-consejo-territorial-de-planeacion\/3752\/\",\"url\":\"https:\/\/clam.org.br\/es\/en-los-medios\/por-primera-vez-el-sector-lgbt-hace-parte-de-un-consejo-territorial-de-planeacion\/3752\/\",\"name\":\"Por primera vez el sector LGBT hace parte de un consejo territorial de planeaci\u00f3n - CLAM - ES\",\"isPartOf\":{\"@id\":\"https:\/\/clam.org.br\/es\/#website\"},\"datePublished\":\"2008-03-03T03:00:00+00:00\",\"dateModified\":\"2023-06-14T10:55:21+00:00\",\"author\":{\"@id\":\"https:\/\/clam.org.br\/es\/#\/schema\/person\/fbd9a86032bf7479f94b0ded196f1010\"},\"breadcrumb\":{\"@id\":\"https:\/\/clam.org.br\/es\/en-los-medios\/por-primera-vez-el-sector-lgbt-hace-parte-de-un-consejo-territorial-de-planeacion\/3752\/#breadcrumb\"},\"inLanguage\":\"es\",\"potentialAction\":[{\"@type\":\"ReadAction\",\"target\":[\"https:\/\/clam.org.br\/es\/en-los-medios\/por-primera-vez-el-sector-lgbt-hace-parte-de-un-consejo-territorial-de-planeacion\/3752\/\"]}]},{\"@type\":\"BreadcrumbList\",\"@id\":\"https:\/\/clam.org.br\/es\/en-los-medios\/por-primera-vez-el-sector-lgbt-hace-parte-de-un-consejo-territorial-de-planeacion\/3752\/#breadcrumb\",\"itemListElement\":[{\"@type\":\"ListItem\",\"position\":1,\"name\":\"In\u00edcio\",\"item\":\"https:\/\/clam.org.br\/es\/\"},{\"@type\":\"ListItem\",\"position\":2,\"name\":\"Por primera vez el sector LGBT hace parte de un consejo territorial de planeaci\u00f3n\"}]},{\"@type\":\"WebSite\",\"@id\":\"https:\/\/clam.org.br\/es\/#website\",\"url\":\"https:\/\/clam.org.br\/es\/\",\"name\":\"CLAM - ES\",\"description\":\"S\u00f3 mais um site CLAM - Centro Latino-Americano em Sexualidade e Direitos Humanos sites\",\"potentialAction\":[{\"@type\":\"SearchAction\",\"target\":{\"@type\":\"EntryPoint\",\"urlTemplate\":\"https:\/\/clam.org.br\/es\/?s={search_term_string}\"},\"query-input\":{\"@type\":\"PropertyValueSpecification\",\"valueRequired\":true,\"valueName\":\"search_term_string\"}}],\"inLanguage\":\"es\"},{\"@type\":\"Person\",\"@id\":\"https:\/\/clam.org.br\/es\/#\/schema\/person\/fbd9a86032bf7479f94b0ded196f1010\",\"name\":\"fw2\",\"image\":{\"@type\":\"ImageObject\",\"inLanguage\":\"es\",\"@id\":\"https:\/\/clam.org.br\/es\/#\/schema\/person\/image\/\",\"url\":\"https:\/\/secure.gravatar.com\/avatar\/c38472c0cdbde82d9b6fcc26adb3779d?s=96&d=mm&r=g\",\"contentUrl\":\"https:\/\/secure.gravatar.com\/avatar\/c38472c0cdbde82d9b6fcc26adb3779d?s=96&d=mm&r=g\",\"caption\":\"fw2\"},\"sameAs\":[\"https:\/\/clam.fw2web.com.br\"],\"url\":\"https:\/\/clam.org.br\/es\/author\/fw2\/\"}]}<\/script>\n<!-- \/ Yoast SEO plugin. -->","yoast_head_json":{"title":"Por primera vez el sector LGBT hace parte de un consejo territorial de planeaci\u00f3n - CLAM - ES","robots":{"index":"index","follow":"follow","max-snippet":"max-snippet:-1","max-image-preview":"max-image-preview:large","max-video-preview":"max-video-preview:-1"},"canonical":"https:\/\/clam.org.br\/es\/en-los-medios\/por-primera-vez-el-sector-lgbt-hace-parte-de-un-consejo-territorial-de-planeacion\/3752\/","og_locale":"es_ES","og_type":"article","og_title":"Por primera vez el sector LGBT hace parte de un consejo territorial de planeaci\u00f3n - CLAM - ES","og_description":"Como un gran logro que permitir\u00e1 continuar marcando pautas reales de participaci\u00f3n pol\u00edtica del sector de las personas gays, lesbianas, bisexuales y trans en Colombia, se\u00f1ala el ciudadano gay de Medell\u00edn, periodista y Docente Universitario Manuel Jos\u00e9 Berm\u00fadez Andrade, la inclusi\u00f3n de un representante del sector en el Consejo Municipal de Planeaci\u00f3n de Medell\u00edn. La iniciativa fue enviada al Alcalde Alonso Salazar Jaramillo por La Mesa de trabajo LGBT de Medell\u00edn y Antioquia, conocida como Mesa Social LGBT, y de la cual es miembro fundador el ciudadano gay de Medell\u00edn, e inclu\u00eda como terna elegible a: Tatiana Hern\u00e1ndez de Amam &ndash;Asociaci\u00f3n de mujeres que aman a mujeres en Medell\u00edn, Manuel Jos\u00e9 Berm\u00fadez Andrade &ndash;el ciudadano gay de Medell\u00edn- y Hernando Mu\u00f1oz S\u00e1nchez de Colombia Diversa. Siendo seleccionado este \u00faltimo como consejero.","og_url":"https:\/\/clam.org.br\/es\/en-los-medios\/por-primera-vez-el-sector-lgbt-hace-parte-de-un-consejo-territorial-de-planeacion\/3752\/","og_site_name":"CLAM - ES","article_published_time":"2008-03-03T03:00:00+00:00","article_modified_time":"2023-06-14T10:55:21+00:00","author":"fw2","twitter_card":"summary_large_image","twitter_misc":{"Escrito por":"fw2","Tiempo de lectura":"1 minuto"},"schema":{"@context":"https:\/\/schema.org","@graph":[{"@type":"WebPage","@id":"https:\/\/clam.org.br\/es\/en-los-medios\/por-primera-vez-el-sector-lgbt-hace-parte-de-un-consejo-territorial-de-planeacion\/3752\/","url":"https:\/\/clam.org.br\/es\/en-los-medios\/por-primera-vez-el-sector-lgbt-hace-parte-de-un-consejo-territorial-de-planeacion\/3752\/","name":"Por primera vez el sector LGBT hace parte de un consejo territorial de planeaci\u00f3n - CLAM - ES","isPartOf":{"@id":"https:\/\/clam.org.br\/es\/#website"},"datePublished":"2008-03-03T03:00:00+00:00","dateModified":"2023-06-14T10:55:21+00:00","author":{"@id":"https:\/\/clam.org.br\/es\/#\/schema\/person\/fbd9a86032bf7479f94b0ded196f1010"},"breadcrumb":{"@id":"https:\/\/clam.org.br\/es\/en-los-medios\/por-primera-vez-el-sector-lgbt-hace-parte-de-un-consejo-territorial-de-planeacion\/3752\/#breadcrumb"},"inLanguage":"es","potentialAction":[{"@type":"ReadAction","target":["https:\/\/clam.org.br\/es\/en-los-medios\/por-primera-vez-el-sector-lgbt-hace-parte-de-un-consejo-territorial-de-planeacion\/3752\/"]}]},{"@type":"BreadcrumbList","@id":"https:\/\/clam.org.br\/es\/en-los-medios\/por-primera-vez-el-sector-lgbt-hace-parte-de-un-consejo-territorial-de-planeacion\/3752\/#breadcrumb","itemListElement":[{"@type":"ListItem","position":1,"name":"In\u00edcio","item":"https:\/\/clam.org.br\/es\/"},{"@type":"ListItem","position":2,"name":"Por primera vez el sector LGBT hace parte de un consejo territorial de planeaci\u00f3n"}]},{"@type":"WebSite","@id":"https:\/\/clam.org.br\/es\/#website","url":"https:\/\/clam.org.br\/es\/","name":"CLAM - ES","description":"S\u00f3 mais um site CLAM - Centro Latino-Americano em Sexualidade e Direitos Humanos sites","potentialAction":[{"@type":"SearchAction","target":{"@type":"EntryPoint","urlTemplate":"https:\/\/clam.org.br\/es\/?s={search_term_string}"},"query-input":{"@type":"PropertyValueSpecification","valueRequired":true,"valueName":"search_term_string"}}],"inLanguage":"es"},{"@type":"Person","@id":"https:\/\/clam.org.br\/es\/#\/schema\/person\/fbd9a86032bf7479f94b0ded196f1010","name":"fw2","image":{"@type":"ImageObject","inLanguage":"es","@id":"https:\/\/clam.org.br\/es\/#\/schema\/person\/image\/","url":"https:\/\/secure.gravatar.com\/avatar\/c38472c0cdbde82d9b6fcc26adb3779d?s=96&d=mm&r=g","contentUrl":"https:\/\/secure.gravatar.com\/avatar\/c38472c0cdbde82d9b6fcc26adb3779d?s=96&d=mm&r=g","caption":"fw2"},"sameAs":["https:\/\/clam.fw2web.com.br"],"url":"https:\/\/clam.org.br\/es\/author\/fw2\/"}]}},"jetpack_featured_media_url":"","jetpack_sharing_enabled":true,"_links":{"self":[{"href":"https:\/\/clam.org.br\/es\/wp-json\/wp\/v2\/posts\/3752","targetHints":{"allow":["GET"]}}],"collection":[{"href":"https:\/\/clam.org.br\/es\/wp-json\/wp\/v2\/posts"}],"about":[{"href":"https:\/\/clam.org.br\/es\/wp-json\/wp\/v2\/types\/post"}],"author":[{"embeddable":true,"href":"https:\/\/clam.org.br\/es\/wp-json\/wp\/v2\/users\/1"}],"replies":[{"embeddable":true,"href":"https:\/\/clam.org.br\/es\/wp-json\/wp\/v2\/comments?post=3752"}],"version-history":[{"count":1,"href":"https:\/\/clam.org.br\/es\/wp-json\/wp\/v2\/posts\/3752\/revisions"}],"predecessor-version":[{"id":29251,"href":"https:\/\/clam.org.br\/es\/wp-json\/wp\/v2\/posts\/3752\/revisions\/29251"}],"wp:attachment":[{"href":"https:\/\/clam.org.br\/es\/wp-json\/wp\/v2\/media?parent=3752"}],"wp:term":[{"taxonomy":"category","embeddable":true,"href":"https:\/\/clam.org.br\/es\/wp-json\/wp\/v2\/categories?post=3752"},{"taxonomy":"post_tag","embeddable":true,"href":"https:\/\/clam.org.br\/es\/wp-json\/wp\/v2\/tags?post=3752"}],"curies":[{"name":"wp","href":"https:\/\/api.w.org\/{rel}","templated":true}]}}