{"id":3794,"date":"2008-03-25T00:00:00","date_gmt":"2008-03-25T03:00:00","guid":{"rendered":"https:\/\/clam.fw2web.com.br\/es\/2008\/03\/25\/mujeres-contra-el-rol-de-amas-de-casa\/"},"modified":"2023-06-14T07:55:40","modified_gmt":"2023-06-14T10:55:40","slug":"mujeres-contra-el-rol-de-amas-de-casa","status":"publish","type":"post","link":"https:\/\/clam.org.br\/es\/en-los-medios\/mujeres-contra-el-rol-de-amas-de-casa\/3794\/","title":{"rendered":"Mujeres, contra el rol de amas de casa"},"content":{"rendered":"<p><P>En M\u00e9xico, la mayor\u00eda de la poblaci\u00f3n de mujeres no est\u00e1 de acuerdo en que el hombre sea el \u00fanico responsables de mantener el hogar, lo cual revela el creciente inter\u00e9s de este sector social por romper con el rol de amas de casa y compartir la responsabilidad de los gastos de la familia con su pareja, se\u00f1ala un an\u00e1lisis del Instituto de las Mujeres (Inmujeres). <\/P> <P><a href=\"http:\/\/www.jornada.unam.mx\/2008\/03\/23\/index.php?section=politica&amp;article=018n1pol\" target=\"_blank\" rel=\"noopener\">Texto completo<\/A><\/P><\/p>\n","protected":false},"excerpt":{"rendered":"<p>En M\u00e9xico, la mayor\u00eda de la poblaci\u00f3n de mujeres no est\u00e1 de acuerdo en que el hombre sea el \u00fanico responsables de mantener el hogar, lo cual revela el creciente inter\u00e9s de este sector social por romper con el rol de amas de casa y compartir la responsabilidad de los gastos de la familia con su pareja, se\u00f1ala un an\u00e1lisis del Instituto de las Mujeres (Inmujeres).<\/p>\n","protected":false},"author":1,"featured_media":0,"comment_status":"open","ping_status":"open","sticky":false,"template":"","format":"standard","meta":{"_acf_changed":false,"site-sidebar-layout":"default","site-content-layout":"default","ast-global-header-display":"","ast-main-header-display":"","ast-hfb-above-header-display":"","ast-hfb-below-header-display":"","ast-hfb-mobile-header-display":"","site-post-title":"","ast-breadcrumbs-content":"","ast-featured-img":"","footer-sml-layout":"","theme-transparent-header-meta":"","adv-header-id-meta":"","stick-header-meta":"","header-above-stick-meta":"","header-main-stick-meta":"","header-below-stick-meta":"","_jetpack_memberships_contains_paid_content":false,"footnotes":""},"categories":[27],"tags":[],"class_list":["post-3794","post","type-post","status-publish","format-standard","hentry","category-en-los-medios"],"acf":[],"yoast_head":"<!-- This site is optimized with the Yoast SEO plugin v26.1.1 - https:\/\/yoast.com\/wordpress\/plugins\/seo\/ -->\n<title>Mujeres, contra el rol de amas de casa - CLAM - ES<\/title>\n<meta name=\"robots\" content=\"index, follow, max-snippet:-1, max-image-preview:large, max-video-preview:-1\" \/>\n<link rel=\"canonical\" href=\"https:\/\/clam.org.br\/es\/en-los-medios\/mujeres-contra-el-rol-de-amas-de-casa\/3794\/\" \/>\n<meta property=\"og:locale\" content=\"es_ES\" \/>\n<meta property=\"og:type\" content=\"article\" \/>\n<meta property=\"og:title\" content=\"Mujeres, contra el rol de amas de casa - CLAM - ES\" \/>\n<meta property=\"og:description\" content=\"En M\u00e9xico, la mayor\u00eda de la poblaci\u00f3n de mujeres no est\u00e1 de acuerdo en que el hombre sea el \u00fanico responsables de mantener el hogar, lo cual revela el creciente inter\u00e9s de este sector social por romper con el rol de amas de casa y compartir la responsabilidad de los gastos de la familia con su pareja, se\u00f1ala un an\u00e1lisis del Instituto de las Mujeres (Inmujeres).\" \/>\n<meta property=\"og:url\" content=\"https:\/\/clam.org.br\/es\/en-los-medios\/mujeres-contra-el-rol-de-amas-de-casa\/3794\/\" \/>\n<meta property=\"og:site_name\" content=\"CLAM - ES\" \/>\n<meta property=\"article:published_time\" content=\"2008-03-25T03:00:00+00:00\" \/>\n<meta property=\"article:modified_time\" content=\"2023-06-14T10:55:40+00:00\" \/>\n<meta name=\"author\" content=\"fw2\" \/>\n<meta name=\"twitter:card\" content=\"summary_large_image\" \/>\n<meta name=\"twitter:label1\" content=\"Escrito por\" \/>\n\t<meta name=\"twitter:data1\" content=\"fw2\" \/>\n<script type=\"application\/ld+json\" class=\"yoast-schema-graph\">{\"@context\":\"https:\/\/schema.org\",\"@graph\":[{\"@type\":\"WebPage\",\"@id\":\"https:\/\/clam.org.br\/es\/en-los-medios\/mujeres-contra-el-rol-de-amas-de-casa\/3794\/\",\"url\":\"https:\/\/clam.org.br\/es\/en-los-medios\/mujeres-contra-el-rol-de-amas-de-casa\/3794\/\",\"name\":\"Mujeres, contra el rol de amas de casa - CLAM - ES\",\"isPartOf\":{\"@id\":\"https:\/\/clam.org.br\/es\/#website\"},\"datePublished\":\"2008-03-25T03:00:00+00:00\",\"dateModified\":\"2023-06-14T10:55:40+00:00\",\"author\":{\"@id\":\"https:\/\/clam.org.br\/es\/#\/schema\/person\/fbd9a86032bf7479f94b0ded196f1010\"},\"breadcrumb\":{\"@id\":\"https:\/\/clam.org.br\/es\/en-los-medios\/mujeres-contra-el-rol-de-amas-de-casa\/3794\/#breadcrumb\"},\"inLanguage\":\"es\",\"potentialAction\":[{\"@type\":\"ReadAction\",\"target\":[\"https:\/\/clam.org.br\/es\/en-los-medios\/mujeres-contra-el-rol-de-amas-de-casa\/3794\/\"]}]},{\"@type\":\"BreadcrumbList\",\"@id\":\"https:\/\/clam.org.br\/es\/en-los-medios\/mujeres-contra-el-rol-de-amas-de-casa\/3794\/#breadcrumb\",\"itemListElement\":[{\"@type\":\"ListItem\",\"position\":1,\"name\":\"In\u00edcio\",\"item\":\"https:\/\/clam.org.br\/es\/\"},{\"@type\":\"ListItem\",\"position\":2,\"name\":\"Mujeres, contra el rol de amas de casa\"}]},{\"@type\":\"WebSite\",\"@id\":\"https:\/\/clam.org.br\/es\/#website\",\"url\":\"https:\/\/clam.org.br\/es\/\",\"name\":\"CLAM - ES\",\"description\":\"S\u00f3 mais um site CLAM - Centro Latino-Americano em Sexualidade e Direitos Humanos sites\",\"potentialAction\":[{\"@type\":\"SearchAction\",\"target\":{\"@type\":\"EntryPoint\",\"urlTemplate\":\"https:\/\/clam.org.br\/es\/?s={search_term_string}\"},\"query-input\":{\"@type\":\"PropertyValueSpecification\",\"valueRequired\":true,\"valueName\":\"search_term_string\"}}],\"inLanguage\":\"es\"},{\"@type\":\"Person\",\"@id\":\"https:\/\/clam.org.br\/es\/#\/schema\/person\/fbd9a86032bf7479f94b0ded196f1010\",\"name\":\"fw2\",\"image\":{\"@type\":\"ImageObject\",\"inLanguage\":\"es\",\"@id\":\"https:\/\/clam.org.br\/es\/#\/schema\/person\/image\/\",\"url\":\"https:\/\/secure.gravatar.com\/avatar\/c38472c0cdbde82d9b6fcc26adb3779d?s=96&d=mm&r=g\",\"contentUrl\":\"https:\/\/secure.gravatar.com\/avatar\/c38472c0cdbde82d9b6fcc26adb3779d?s=96&d=mm&r=g\",\"caption\":\"fw2\"},\"sameAs\":[\"https:\/\/clam.fw2web.com.br\"],\"url\":\"https:\/\/clam.org.br\/es\/author\/fw2\/\"}]}<\/script>\n<!-- \/ Yoast SEO plugin. -->","yoast_head_json":{"title":"Mujeres, contra el rol de amas de casa - CLAM - ES","robots":{"index":"index","follow":"follow","max-snippet":"max-snippet:-1","max-image-preview":"max-image-preview:large","max-video-preview":"max-video-preview:-1"},"canonical":"https:\/\/clam.org.br\/es\/en-los-medios\/mujeres-contra-el-rol-de-amas-de-casa\/3794\/","og_locale":"es_ES","og_type":"article","og_title":"Mujeres, contra el rol de amas de casa - CLAM - ES","og_description":"En M\u00e9xico, la mayor\u00eda de la poblaci\u00f3n de mujeres no est\u00e1 de acuerdo en que el hombre sea el \u00fanico responsables de mantener el hogar, lo cual revela el creciente inter\u00e9s de este sector social por romper con el rol de amas de casa y compartir la responsabilidad de los gastos de la familia con su pareja, se\u00f1ala un an\u00e1lisis del Instituto de las Mujeres (Inmujeres).","og_url":"https:\/\/clam.org.br\/es\/en-los-medios\/mujeres-contra-el-rol-de-amas-de-casa\/3794\/","og_site_name":"CLAM - ES","article_published_time":"2008-03-25T03:00:00+00:00","article_modified_time":"2023-06-14T10:55:40+00:00","author":"fw2","twitter_card":"summary_large_image","twitter_misc":{"Escrito por":"fw2"},"schema":{"@context":"https:\/\/schema.org","@graph":[{"@type":"WebPage","@id":"https:\/\/clam.org.br\/es\/en-los-medios\/mujeres-contra-el-rol-de-amas-de-casa\/3794\/","url":"https:\/\/clam.org.br\/es\/en-los-medios\/mujeres-contra-el-rol-de-amas-de-casa\/3794\/","name":"Mujeres, contra el rol de amas de casa - CLAM - ES","isPartOf":{"@id":"https:\/\/clam.org.br\/es\/#website"},"datePublished":"2008-03-25T03:00:00+00:00","dateModified":"2023-06-14T10:55:40+00:00","author":{"@id":"https:\/\/clam.org.br\/es\/#\/schema\/person\/fbd9a86032bf7479f94b0ded196f1010"},"breadcrumb":{"@id":"https:\/\/clam.org.br\/es\/en-los-medios\/mujeres-contra-el-rol-de-amas-de-casa\/3794\/#breadcrumb"},"inLanguage":"es","potentialAction":[{"@type":"ReadAction","target":["https:\/\/clam.org.br\/es\/en-los-medios\/mujeres-contra-el-rol-de-amas-de-casa\/3794\/"]}]},{"@type":"BreadcrumbList","@id":"https:\/\/clam.org.br\/es\/en-los-medios\/mujeres-contra-el-rol-de-amas-de-casa\/3794\/#breadcrumb","itemListElement":[{"@type":"ListItem","position":1,"name":"In\u00edcio","item":"https:\/\/clam.org.br\/es\/"},{"@type":"ListItem","position":2,"name":"Mujeres, contra el rol de amas de casa"}]},{"@type":"WebSite","@id":"https:\/\/clam.org.br\/es\/#website","url":"https:\/\/clam.org.br\/es\/","name":"CLAM - ES","description":"S\u00f3 mais um site CLAM - Centro Latino-Americano em Sexualidade e Direitos Humanos sites","potentialAction":[{"@type":"SearchAction","target":{"@type":"EntryPoint","urlTemplate":"https:\/\/clam.org.br\/es\/?s={search_term_string}"},"query-input":{"@type":"PropertyValueSpecification","valueRequired":true,"valueName":"search_term_string"}}],"inLanguage":"es"},{"@type":"Person","@id":"https:\/\/clam.org.br\/es\/#\/schema\/person\/fbd9a86032bf7479f94b0ded196f1010","name":"fw2","image":{"@type":"ImageObject","inLanguage":"es","@id":"https:\/\/clam.org.br\/es\/#\/schema\/person\/image\/","url":"https:\/\/secure.gravatar.com\/avatar\/c38472c0cdbde82d9b6fcc26adb3779d?s=96&d=mm&r=g","contentUrl":"https:\/\/secure.gravatar.com\/avatar\/c38472c0cdbde82d9b6fcc26adb3779d?s=96&d=mm&r=g","caption":"fw2"},"sameAs":["https:\/\/clam.fw2web.com.br"],"url":"https:\/\/clam.org.br\/es\/author\/fw2\/"}]}},"jetpack_featured_media_url":"","jetpack_sharing_enabled":true,"_links":{"self":[{"href":"https:\/\/clam.org.br\/es\/wp-json\/wp\/v2\/posts\/3794","targetHints":{"allow":["GET"]}}],"collection":[{"href":"https:\/\/clam.org.br\/es\/wp-json\/wp\/v2\/posts"}],"about":[{"href":"https:\/\/clam.org.br\/es\/wp-json\/wp\/v2\/types\/post"}],"author":[{"embeddable":true,"href":"https:\/\/clam.org.br\/es\/wp-json\/wp\/v2\/users\/1"}],"replies":[{"embeddable":true,"href":"https:\/\/clam.org.br\/es\/wp-json\/wp\/v2\/comments?post=3794"}],"version-history":[{"count":1,"href":"https:\/\/clam.org.br\/es\/wp-json\/wp\/v2\/posts\/3794\/revisions"}],"predecessor-version":[{"id":29293,"href":"https:\/\/clam.org.br\/es\/wp-json\/wp\/v2\/posts\/3794\/revisions\/29293"}],"wp:attachment":[{"href":"https:\/\/clam.org.br\/es\/wp-json\/wp\/v2\/media?parent=3794"}],"wp:term":[{"taxonomy":"category","embeddable":true,"href":"https:\/\/clam.org.br\/es\/wp-json\/wp\/v2\/categories?post=3794"},{"taxonomy":"post_tag","embeddable":true,"href":"https:\/\/clam.org.br\/es\/wp-json\/wp\/v2\/tags?post=3794"}],"curies":[{"name":"wp","href":"https:\/\/api.w.org\/{rel}","templated":true}]}}