{"id":411,"date":"2009-03-05T00:00:00","date_gmt":"2009-03-05T03:00:00","guid":{"rendered":"https:\/\/clam.org.br\/es\/2009\/03\/05\/escrituras-de-la-intersexualidad\/"},"modified":"2009-03-05T00:00:00","modified_gmt":"2009-03-05T03:00:00","slug":"escrituras-de-la-intersexualidad","status":"publish","type":"post","link":"https:\/\/clam.org.br\/es\/noticias-clam\/escrituras-de-la-intersexualidad\/411\/","title":{"rendered":"Escrituras de la intersexualidad"},"content":{"rendered":"<p>Anarr\u00e9s Editorial anuncia la publicaci\u00f3n de su libro electr\u00f3nico <I>Interdicciones. Escrituras de la intersexualidad en castellano.<\/I> Editado por Mauro Cabral, este libro re\u00fane art\u00edculos, entrevistas, textos period\u00edsticos y una breve gu\u00eda de actividades, destinada a aproximar las cuestiones intersex a todo tipo de p\u00fablicos.<BR>  <P>La publicaci\u00f3n de Interdicciones surgi\u00f3 como una respuesta posible a cuatro interrogantes: \u00bfC\u00f3mo hablar de intersexualidad desde la perspectiva de los derechos sexuales? \u00bfC\u00f3mo hablar de intersexualidad en castellano? \u00bfC\u00f3mo hablar de intersexualidad? \u00bfC\u00f3mo hablar -en una lengua <I>generizada<\/I> y dar espacio, al mismo tiempo, a lo que la cuestiona, la perturba, la traiciona, la estremece?<BR>  <P><a href=\"http:\/\/www.mulabi.org\/Interdicciones2.pdf\" target=\"_blank\" rel=\"noopener\">Para acceder al texto completo de Interdicciones haga click aqu\u00ed <\/A><\/P> <P>Anarr\u00e9s Editorial es un proyecto de Mulabi, el Espacio Latinoamericano de Sexualidades y Derechos.<BR> <\/P> <P><B>\u00cdndice<\/B>  <P>Presentaci\u00f3n<BR>  <P>Acerca de este libro<BR>  <P>Asterisco<BR>  <P><B>Articulaciones<\/B>  <P>Pobreza y condici\u00f3n intersexual en M\u00e9xico: reflexiones y preguntas en torno al dispositivo m\u00e9dico. Eva Alc\u00e1ntara Zavala<BR>  <P>Ahora, es toda una mujer: un an\u00e1lisis del caso de Edinanci Silva en los medios latinoamericanos. Isadora Lins Fran\u00e7a<BR>  <P>La regulaci\u00f3n biom\u00e9dica de la intersexualidad. Un abordaje de las representaciones socioculturales dominantes. Luciana Lavigne<BR>  <P>La experiencia intersexual en el contexto espa\u00f1ol. Tensiones, negociaciones y microrresistencias. Nuria Gr\u00e9gori Flor<BR>  <P>Confesiones corporales: algunas narrativas sociom\u00e9dicas sobre los cuerpos intersex. Paula Sandrine Machado<BR>  <P><B>Versiones <\/B>Mauro Cabral Apertura<BR>  <P>C\u00f3mo la que m\u00e1s<BR>  <P>No Saber &ndash;acerca de XXY<BR>  <P>Hay que cortar<BR>  <P>Umbrales y fallos<BR>  <P>Experiencias de la luz<BR>  <P>Feliz feliz en tu d\u00eda<BR>  <P>Hoy, en este mundo<BR>  <P><B>Conversaciones<\/B>  <P>Con voz propia<BR>  <P>Conversaci\u00f3n con Natasha Jim\u00e9nez<BR>  <P>Una cuesti\u00f3n \u00e9tica<BR>  <P>Conversaci\u00f3n con Marcelo Silberkasten<BR>  <P>Los l\u00edmites del silencio.<BR>  <P>Conversaci\u00f3n con Juan Carlos Jorge<BR>  <P><B>Operaciones<\/B>  <P><\/B>Operaciones I<\/B>  <P>Escucha y no cuestiones Nerea Miralles Aguilar<BR>  <P>Intersex en el programa de la tarde frente a su cirujano (2008) Leonor Silvestri<BR>  <P>Las innombradas Area Trans e Intersex &#8211; IGLHRC<BR>  <P>Caracoles JuanManuel Burgos<BR>  <P><B>Operaciones II<BR>  <P>Operaciones III <\/B><\/P><\/p>\n","protected":false},"excerpt":{"rendered":"<p><EM>Interdicciones<\/EM>, libro editado por Mauro Cabral, re\u00fane art\u00edculos, entrevistas, textos period\u00edsticos y una breve gu\u00eda de actividades, destinada a aproximar las cuestiones intersex a todo tipo de p\u00fablicos. Entre y haga download del texto completo.<\/p>\n","protected":false},"author":1,"featured_media":0,"comment_status":"open","ping_status":"open","sticky":false,"template":"","format":"standard","meta":{"_acf_changed":false,"site-sidebar-layout":"default","site-content-layout":"default","ast-global-header-display":"","ast-main-header-display":"","ast-hfb-above-header-display":"","ast-hfb-below-header-display":"","ast-hfb-mobile-header-display":"","site-post-title":"","ast-breadcrumbs-content":"","ast-featured-img":"","footer-sml-layout":"","theme-transparent-header-meta":"","adv-header-id-meta":"","stick-header-meta":"","header-above-stick-meta":"","header-main-stick-meta":"","header-below-stick-meta":"","_jetpack_memberships_contains_paid_content":false,"footnotes":""},"categories":[7],"tags":[],"class_list":["post-411","post","type-post","status-publish","format-standard","hentry","category-noticias-clam"],"acf":[],"yoast_head":"<!-- This site is optimized with the Yoast SEO plugin v26.1.1 - https:\/\/yoast.com\/wordpress\/plugins\/seo\/ -->\n<title>Escrituras de la intersexualidad - CLAM - ES<\/title>\n<meta name=\"robots\" content=\"index, follow, max-snippet:-1, max-image-preview:large, max-video-preview:-1\" \/>\n<link rel=\"canonical\" href=\"https:\/\/clam.org.br\/es\/noticias-clam\/escrituras-de-la-intersexualidad\/411\/\" \/>\n<meta property=\"og:locale\" content=\"es_ES\" \/>\n<meta property=\"og:type\" content=\"article\" \/>\n<meta property=\"og:title\" content=\"Escrituras de la intersexualidad - CLAM - ES\" \/>\n<meta property=\"og:description\" content=\"Interdicciones, libro editado por Mauro Cabral, re\u00fane art\u00edculos, entrevistas, textos period\u00edsticos y una breve gu\u00eda de actividades, destinada a aproximar las cuestiones intersex a todo tipo de p\u00fablicos. Entre y haga download del texto completo.\" \/>\n<meta property=\"og:url\" content=\"https:\/\/clam.org.br\/es\/noticias-clam\/escrituras-de-la-intersexualidad\/411\/\" \/>\n<meta property=\"og:site_name\" content=\"CLAM - ES\" \/>\n<meta property=\"article:published_time\" content=\"2009-03-05T03:00:00+00:00\" \/>\n<meta name=\"author\" content=\"fw2\" \/>\n<meta name=\"twitter:card\" content=\"summary_large_image\" \/>\n<meta name=\"twitter:label1\" content=\"Escrito por\" \/>\n\t<meta name=\"twitter:data1\" content=\"fw2\" \/>\n\t<meta name=\"twitter:label2\" content=\"Tiempo de lectura\" \/>\n\t<meta name=\"twitter:data2\" content=\"2 minutos\" \/>\n<script type=\"application\/ld+json\" class=\"yoast-schema-graph\">{\"@context\":\"https:\/\/schema.org\",\"@graph\":[{\"@type\":\"WebPage\",\"@id\":\"https:\/\/clam.org.br\/es\/noticias-clam\/escrituras-de-la-intersexualidad\/411\/\",\"url\":\"https:\/\/clam.org.br\/es\/noticias-clam\/escrituras-de-la-intersexualidad\/411\/\",\"name\":\"Escrituras de la intersexualidad - CLAM - ES\",\"isPartOf\":{\"@id\":\"https:\/\/clam.org.br\/es\/#website\"},\"datePublished\":\"2009-03-05T03:00:00+00:00\",\"author\":{\"@id\":\"https:\/\/clam.org.br\/es\/#\/schema\/person\/fbd9a86032bf7479f94b0ded196f1010\"},\"breadcrumb\":{\"@id\":\"https:\/\/clam.org.br\/es\/noticias-clam\/escrituras-de-la-intersexualidad\/411\/#breadcrumb\"},\"inLanguage\":\"es\",\"potentialAction\":[{\"@type\":\"ReadAction\",\"target\":[\"https:\/\/clam.org.br\/es\/noticias-clam\/escrituras-de-la-intersexualidad\/411\/\"]}]},{\"@type\":\"BreadcrumbList\",\"@id\":\"https:\/\/clam.org.br\/es\/noticias-clam\/escrituras-de-la-intersexualidad\/411\/#breadcrumb\",\"itemListElement\":[{\"@type\":\"ListItem\",\"position\":1,\"name\":\"In\u00edcio\",\"item\":\"https:\/\/clam.org.br\/es\/\"},{\"@type\":\"ListItem\",\"position\":2,\"name\":\"Escrituras de la intersexualidad\"}]},{\"@type\":\"WebSite\",\"@id\":\"https:\/\/clam.org.br\/es\/#website\",\"url\":\"https:\/\/clam.org.br\/es\/\",\"name\":\"CLAM - ES\",\"description\":\"S\u00f3 mais um site CLAM - Centro Latino-Americano em Sexualidade e Direitos Humanos sites\",\"potentialAction\":[{\"@type\":\"SearchAction\",\"target\":{\"@type\":\"EntryPoint\",\"urlTemplate\":\"https:\/\/clam.org.br\/es\/?s={search_term_string}\"},\"query-input\":{\"@type\":\"PropertyValueSpecification\",\"valueRequired\":true,\"valueName\":\"search_term_string\"}}],\"inLanguage\":\"es\"},{\"@type\":\"Person\",\"@id\":\"https:\/\/clam.org.br\/es\/#\/schema\/person\/fbd9a86032bf7479f94b0ded196f1010\",\"name\":\"fw2\",\"image\":{\"@type\":\"ImageObject\",\"inLanguage\":\"es\",\"@id\":\"https:\/\/clam.org.br\/es\/#\/schema\/person\/image\/\",\"url\":\"https:\/\/secure.gravatar.com\/avatar\/c38472c0cdbde82d9b6fcc26adb3779d?s=96&d=mm&r=g\",\"contentUrl\":\"https:\/\/secure.gravatar.com\/avatar\/c38472c0cdbde82d9b6fcc26adb3779d?s=96&d=mm&r=g\",\"caption\":\"fw2\"},\"sameAs\":[\"https:\/\/clam.fw2web.com.br\"],\"url\":\"https:\/\/clam.org.br\/es\/author\/fw2\/\"}]}<\/script>\n<!-- \/ Yoast SEO plugin. -->","yoast_head_json":{"title":"Escrituras de la intersexualidad - CLAM - ES","robots":{"index":"index","follow":"follow","max-snippet":"max-snippet:-1","max-image-preview":"max-image-preview:large","max-video-preview":"max-video-preview:-1"},"canonical":"https:\/\/clam.org.br\/es\/noticias-clam\/escrituras-de-la-intersexualidad\/411\/","og_locale":"es_ES","og_type":"article","og_title":"Escrituras de la intersexualidad - CLAM - ES","og_description":"Interdicciones, libro editado por Mauro Cabral, re\u00fane art\u00edculos, entrevistas, textos period\u00edsticos y una breve gu\u00eda de actividades, destinada a aproximar las cuestiones intersex a todo tipo de p\u00fablicos. Entre y haga download del texto completo.","og_url":"https:\/\/clam.org.br\/es\/noticias-clam\/escrituras-de-la-intersexualidad\/411\/","og_site_name":"CLAM - ES","article_published_time":"2009-03-05T03:00:00+00:00","author":"fw2","twitter_card":"summary_large_image","twitter_misc":{"Escrito por":"fw2","Tiempo de lectura":"2 minutos"},"schema":{"@context":"https:\/\/schema.org","@graph":[{"@type":"WebPage","@id":"https:\/\/clam.org.br\/es\/noticias-clam\/escrituras-de-la-intersexualidad\/411\/","url":"https:\/\/clam.org.br\/es\/noticias-clam\/escrituras-de-la-intersexualidad\/411\/","name":"Escrituras de la intersexualidad - CLAM - ES","isPartOf":{"@id":"https:\/\/clam.org.br\/es\/#website"},"datePublished":"2009-03-05T03:00:00+00:00","author":{"@id":"https:\/\/clam.org.br\/es\/#\/schema\/person\/fbd9a86032bf7479f94b0ded196f1010"},"breadcrumb":{"@id":"https:\/\/clam.org.br\/es\/noticias-clam\/escrituras-de-la-intersexualidad\/411\/#breadcrumb"},"inLanguage":"es","potentialAction":[{"@type":"ReadAction","target":["https:\/\/clam.org.br\/es\/noticias-clam\/escrituras-de-la-intersexualidad\/411\/"]}]},{"@type":"BreadcrumbList","@id":"https:\/\/clam.org.br\/es\/noticias-clam\/escrituras-de-la-intersexualidad\/411\/#breadcrumb","itemListElement":[{"@type":"ListItem","position":1,"name":"In\u00edcio","item":"https:\/\/clam.org.br\/es\/"},{"@type":"ListItem","position":2,"name":"Escrituras de la intersexualidad"}]},{"@type":"WebSite","@id":"https:\/\/clam.org.br\/es\/#website","url":"https:\/\/clam.org.br\/es\/","name":"CLAM - ES","description":"S\u00f3 mais um site CLAM - Centro Latino-Americano em Sexualidade e Direitos Humanos sites","potentialAction":[{"@type":"SearchAction","target":{"@type":"EntryPoint","urlTemplate":"https:\/\/clam.org.br\/es\/?s={search_term_string}"},"query-input":{"@type":"PropertyValueSpecification","valueRequired":true,"valueName":"search_term_string"}}],"inLanguage":"es"},{"@type":"Person","@id":"https:\/\/clam.org.br\/es\/#\/schema\/person\/fbd9a86032bf7479f94b0ded196f1010","name":"fw2","image":{"@type":"ImageObject","inLanguage":"es","@id":"https:\/\/clam.org.br\/es\/#\/schema\/person\/image\/","url":"https:\/\/secure.gravatar.com\/avatar\/c38472c0cdbde82d9b6fcc26adb3779d?s=96&d=mm&r=g","contentUrl":"https:\/\/secure.gravatar.com\/avatar\/c38472c0cdbde82d9b6fcc26adb3779d?s=96&d=mm&r=g","caption":"fw2"},"sameAs":["https:\/\/clam.fw2web.com.br"],"url":"https:\/\/clam.org.br\/es\/author\/fw2\/"}]}},"jetpack_featured_media_url":"","jetpack_sharing_enabled":true,"_links":{"self":[{"href":"https:\/\/clam.org.br\/es\/wp-json\/wp\/v2\/posts\/411","targetHints":{"allow":["GET"]}}],"collection":[{"href":"https:\/\/clam.org.br\/es\/wp-json\/wp\/v2\/posts"}],"about":[{"href":"https:\/\/clam.org.br\/es\/wp-json\/wp\/v2\/types\/post"}],"author":[{"embeddable":true,"href":"https:\/\/clam.org.br\/es\/wp-json\/wp\/v2\/users\/1"}],"replies":[{"embeddable":true,"href":"https:\/\/clam.org.br\/es\/wp-json\/wp\/v2\/comments?post=411"}],"version-history":[{"count":0,"href":"https:\/\/clam.org.br\/es\/wp-json\/wp\/v2\/posts\/411\/revisions"}],"wp:attachment":[{"href":"https:\/\/clam.org.br\/es\/wp-json\/wp\/v2\/media?parent=411"}],"wp:term":[{"taxonomy":"category","embeddable":true,"href":"https:\/\/clam.org.br\/es\/wp-json\/wp\/v2\/categories?post=411"},{"taxonomy":"post_tag","embeddable":true,"href":"https:\/\/clam.org.br\/es\/wp-json\/wp\/v2\/tags?post=411"}],"curies":[{"name":"wp","href":"https:\/\/api.w.org\/{rel}","templated":true}]}}