{"id":415,"date":"2009-03-11T00:00:00","date_gmt":"2009-03-11T03:00:00","guid":{"rendered":"https:\/\/clam.org.br\/es\/2009\/03\/11\/diversidad-como-valor\/"},"modified":"2009-03-11T00:00:00","modified_gmt":"2009-03-11T03:00:00","slug":"diversidad-como-valor","status":"publish","type":"post","link":"https:\/\/clam.org.br\/es\/noticias-clam\/diversidad-como-valor\/415\/","title":{"rendered":"Diversidad como valor"},"content":{"rendered":"<p>Pesquisa da UNESCO sobre juventude e sexualidade realizada com 16.422 estudantes, 3.099 professores e 4.532 pais de alunos de escolas p\u00fablicas e privadas em 12 capitais brasileiras, em 2005, mostrou que um em cada quatro alunos n\u00e3o gostaria de ter um colega homossexual em sala de aula &ndash; 41% dos meninos afirmaram n\u00e3o tolerar colegas gays ou l\u00e9sbicas. A homofobia tamb\u00e9m existe entre os pais. Em Fortaleza (CE), 48% mencionaram que n\u00e3o gostariam que seus filhos estudassem com homossexuais, em Porto Alegre (RS) este \u00edndice foi de 22%. Os dados da pesquisa mostraram tamb\u00e9m que 2,3% dos professores n\u00e3o gostariam de ter alunos homossexuais. A pesquisa mostrou tamb\u00e9m que a gravidez em adolescentes ainda \u00e9 tabu no pa\u00eds &#8211; dos&nbsp;estudantes de 10 a 24 anos ouvidos, entre 2,2% e 4,7% afirmaram que n\u00e3o gostariam de ter como colegas de classe m\u00e3es solteiras &#8211; e que&nbsp;muitas vezes os professores n\u00e3o apenas silenciam, mas colaboram ativamente na reprodu\u00e7\u00e3o da discrimina\u00e7\u00e3o.<EM> <\/EM> <P>&ldquo;Na maioria dos casos, quando os professores se deparam com &lsquo;problemas&rsquo; como um aluno homossexual ou uma aluna gr\u00e1vida &ndash; \u00e9 assim que muitos v\u00eaem &ndash;, eles logo encaminham estes estudantes para o psic\u00f3logo da escola. O grande desafio \u00e9 fazer os professores compreenderem que eles devem lidar com essas quest\u00f5es sim. Eles t\u00eam o compromisso de formar um cidad\u00e3o, portanto devem se comprometer com esses temas&rdquo;, analisa a antrop\u00f3loga Fab\u00edola Rohden (CLAM\/IMS), coordenadora do curso <a href=\"http:\/\/www.clam.org.br\/gde\/\" target=\"_blank\" rel=\"noopener\">G\u00eanero e Diversidade na Escola<\/A>, curso semi-presencial de forma\u00e7\u00e3o de educadores\/as nas tem\u00e1ticas de g\u00eanero, sexualidade, diversidade sexual, gravidez na adolesc\u00eancia, igualdade \u00e9tnico-racial e participa\u00e7\u00e3o juvenil.<BR>  <P>Em 2006, o projeto foi realizado em seis munic\u00edpios de diferentes regi\u00f5es do pa\u00eds &ndash; Niter\u00f3i e Nova Igua\u00e7u (RJ), Salvador (BA), Maring\u00e1 (PR), Porto Velho (RO) e Dourados (MS) -, em uma parceria do CLAM (respons\u00e1vel pelo conte\u00fado do curso e treinamento dos professores) com o governo federal e o British Council. Agora, em 2009, o curso ser\u00e1 realizado em 15 cidades do Estado do Rio de Janeiro, em parceria com as Secretaria de Estado de Educa\u00e7\u00e3o. Tendo 110 tutores &ndash; mestrandos e doutorandos que ser\u00e3o os &ldquo;professores online&rdquo; &ndash; o curso espera contar com a participa\u00e7\u00e3o de 3 mil profissionais da educa\u00e7\u00e3o das redes estadual e municipal do Estado.<BR>  <P>&ldquo;A id\u00e9ia \u00e9 sensibilizar esses professores em g\u00eanero, sexualidade e ra\u00e7a\/etnia e ampliar sua compreens\u00e3o sobre os processos de preconceito existentes na sociedade, como a homofobia, o racismo e o sexismo. Pretendemos ir al\u00e9m do paradigma da toler\u00e2ncia, mostrando como a escola pode desconstruir estere\u00f3tipos e preconceitos. Para isso, nosso m\u00e9todo \u00e9 discutir como o preconceito tem feito pessoas sofrerem dentro da escola. O curso \u00e9 um convite ao debate e \u00e0 reflex\u00e3o&rdquo;, avalia Fab\u00edola Rohden.<BR>  <P>O curso foi aplicado no Chile em 2007, em parceria com o Centro de Estudos para o Desenvolvimento da Mulher, oferecido a alunos\/as de Pedagogia da Universidade Arturo Prat. Este ano, al\u00e9m da Universidade do Estado do Rio de Janeiro (UERJ), 19 universidades v\u00e3o aplic\u00e1-lo em diferentes regi\u00f5es.<BR>  <P>A educadora Bel Santos, coordenadora de conte\u00fado do curso, lembra que &ldquo;ao mesmo tempo em que a escola recebe as mazelas da sociedade &ndash; como a viol\u00eancia, por exemplo &#8211;&nbsp;ela tamb\u00e9m \u00e9 um espa\u00e7o que tem o potencial para construir outro cen\u00e1rio. Os professores precisam entender que ter diversidade na escola n\u00e3o \u00e9 um problema, e sim, um valor&rdquo;, diz ela.<BR> <\/P> <P>Para ela, n\u00e3o ser\u00e1 apenas a inclus\u00e3o das palavras gay, l\u00e9sbica, negro e mulher nos livros did\u00e1ticos que vai garantir a transversalidade de temas na escola. A educadora alerta para algo muito comum nas escolas. &ldquo;Muitas vezes, perde-se o foco da discuss\u00e3o e a responsabilidade da agress\u00e3o e da discrimina\u00e7\u00e3o recai sobre o discriminado. J\u00e1 ouvi por parte de alunos e professores que fulano n\u00e3o foi agredido por ser gay, mas sim por andar rebolando. O foco sai sobre a homofobia e recai sobre o comportamento do discriminado&rdquo;, afirma.<\/P> <P>Ela paroblematiza o fato de&nbsp;alguns professores n\u00e3o considerarem&nbsp;as brincadeiras como&nbsp;manifesta\u00e7\u00f5es de agress\u00e3o, naturalizando e banalizando express\u00f5es de preconceito. \u00abDizer para um aluno <EM>&#8216;n\u00e3o liga para isso&#8217;<\/EM> \u00e9 muito pouco para quem est\u00e1 sendo chamado de &#8216;mariquinhas'\u00bb, ressalta.&nbsp;<BR> <\/P> <P>Na quarta-feira, 11 de mar\u00e7o, o curso ser\u00e1 oficialmente lan\u00e7ado no Rio de Janeiro, atrav\u00e9s de uma cerim\u00f4nia na UERJ com a presen\u00e7a do reitor da universidade, prof. Ricardo Vieiralves, da Secret\u00e1ria de Educa\u00e7\u00e3o do Estado, Teresa Porto, e as Secret\u00e1rias de Educa\u00e7\u00e3o dos munic\u00edpios em que o curso ser\u00e1 ministrado.<BR>  <P>Al\u00e9m disso, ser\u00e3o lan\u00e7adas as publica\u00e7\u00f5es &ldquo;Os desafios da transversalidade em uma experi\u00eancia de forma\u00e7\u00e3o on-line: Curso G\u00eanero e Diversidade na Escola&rdquo;, organizado por Fab\u00edola Rohden, Leila Ara\u00fajo e Andreia Barreto, e &ldquo;G\u00eanero e Diversidade na Escola: forma\u00e7\u00e3o de professores em g\u00eanero, sexualidade, orienta\u00e7\u00e3o sexual e rela\u00e7\u00f5es \u00e9tnico-raciais&rdquo;, organizado por Maria Elisabete Pereira, Fab\u00edola Rohden, Maria Elisa Brandt, Leila Ara\u00fajo, Gra\u00e7a Ohana, Andreia Barreto e Roberta Kacowicz.<BR>  <P><<coldoc_gde_.pdf | Clique aqui e fa\u00e7a o download do documento &ldquo;Os desafios da transversalidade em uma experi\u00eancia de forma\u00e7\u00e3o on-line: Curso G\u00eanero e Diversidade na Escola&rdquo; | | | _blank>><BR>  <P><<GDE.pdf | Clique aqui para fazer o download da publica\u00e7\u00e3o &ldquo;G\u00eanero e Diversidade na Escola: forma\u00e7\u00e3o de professores em g\u00eanero, sexualidade, orienta\u00e7\u00e3o sexual e rela\u00e7\u00f5es \u00e9tnico-raciais&rdquo; | | | _blank>><\/P><\/p>\n","protected":false},"excerpt":{"rendered":"<p>Durante el curso <EM>G\u00e9nero y Diversidad&nbsp;en la&nbsp;Escuela<\/EM>, educadoras debaten sobre los modos en que los profesores deben comprometerse con temas como orientaci\u00f3n sexual y embarazo en la adolescencia y garantizar su transversalidad en el aula.<EM> (Texto en portugu\u00e9s)<\/EM><\/p>\n","protected":false},"author":1,"featured_media":0,"comment_status":"open","ping_status":"open","sticky":false,"template":"","format":"standard","meta":{"_acf_changed":false,"site-sidebar-layout":"default","site-content-layout":"default","ast-global-header-display":"","ast-main-header-display":"","ast-hfb-above-header-display":"","ast-hfb-below-header-display":"","ast-hfb-mobile-header-display":"","site-post-title":"","ast-breadcrumbs-content":"","ast-featured-img":"","footer-sml-layout":"","theme-transparent-header-meta":"","adv-header-id-meta":"","stick-header-meta":"","header-above-stick-meta":"","header-main-stick-meta":"","header-below-stick-meta":"","_jetpack_memberships_contains_paid_content":false,"footnotes":""},"categories":[7],"tags":[],"class_list":["post-415","post","type-post","status-publish","format-standard","hentry","category-noticias-clam"],"acf":[],"yoast_head":"<!-- This site is optimized with the Yoast SEO plugin v26.1.1 - https:\/\/yoast.com\/wordpress\/plugins\/seo\/ -->\n<title>Diversidad como valor - CLAM - ES<\/title>\n<meta name=\"robots\" content=\"index, follow, max-snippet:-1, max-image-preview:large, max-video-preview:-1\" \/>\n<link rel=\"canonical\" href=\"https:\/\/clam.org.br\/es\/noticias-clam\/diversidad-como-valor\/415\/\" \/>\n<meta property=\"og:locale\" content=\"es_ES\" \/>\n<meta property=\"og:type\" content=\"article\" \/>\n<meta property=\"og:title\" content=\"Diversidad como valor - CLAM - ES\" \/>\n<meta property=\"og:description\" content=\"Durante el curso G\u00e9nero y Diversidad&nbsp;en la&nbsp;Escuela, educadoras debaten sobre los modos en que los profesores deben comprometerse con temas como orientaci\u00f3n sexual y embarazo en la adolescencia y garantizar su transversalidad en el aula. (Texto en portugu\u00e9s)\" \/>\n<meta property=\"og:url\" content=\"https:\/\/clam.org.br\/es\/noticias-clam\/diversidad-como-valor\/415\/\" \/>\n<meta property=\"og:site_name\" content=\"CLAM - ES\" \/>\n<meta property=\"article:published_time\" content=\"2009-03-11T03:00:00+00:00\" \/>\n<meta name=\"author\" content=\"fw2\" \/>\n<meta name=\"twitter:card\" content=\"summary_large_image\" \/>\n<meta name=\"twitter:label1\" content=\"Escrito por\" \/>\n\t<meta name=\"twitter:data1\" content=\"fw2\" \/>\n\t<meta name=\"twitter:label2\" content=\"Tiempo de lectura\" \/>\n\t<meta name=\"twitter:data2\" content=\"5 minutos\" \/>\n<script type=\"application\/ld+json\" class=\"yoast-schema-graph\">{\"@context\":\"https:\/\/schema.org\",\"@graph\":[{\"@type\":\"WebPage\",\"@id\":\"https:\/\/clam.org.br\/es\/noticias-clam\/diversidad-como-valor\/415\/\",\"url\":\"https:\/\/clam.org.br\/es\/noticias-clam\/diversidad-como-valor\/415\/\",\"name\":\"Diversidad como valor - CLAM - ES\",\"isPartOf\":{\"@id\":\"https:\/\/clam.org.br\/es\/#website\"},\"datePublished\":\"2009-03-11T03:00:00+00:00\",\"author\":{\"@id\":\"https:\/\/clam.org.br\/es\/#\/schema\/person\/fbd9a86032bf7479f94b0ded196f1010\"},\"breadcrumb\":{\"@id\":\"https:\/\/clam.org.br\/es\/noticias-clam\/diversidad-como-valor\/415\/#breadcrumb\"},\"inLanguage\":\"es\",\"potentialAction\":[{\"@type\":\"ReadAction\",\"target\":[\"https:\/\/clam.org.br\/es\/noticias-clam\/diversidad-como-valor\/415\/\"]}]},{\"@type\":\"BreadcrumbList\",\"@id\":\"https:\/\/clam.org.br\/es\/noticias-clam\/diversidad-como-valor\/415\/#breadcrumb\",\"itemListElement\":[{\"@type\":\"ListItem\",\"position\":1,\"name\":\"In\u00edcio\",\"item\":\"https:\/\/clam.org.br\/es\/\"},{\"@type\":\"ListItem\",\"position\":2,\"name\":\"Diversidad como valor\"}]},{\"@type\":\"WebSite\",\"@id\":\"https:\/\/clam.org.br\/es\/#website\",\"url\":\"https:\/\/clam.org.br\/es\/\",\"name\":\"CLAM - ES\",\"description\":\"S\u00f3 mais um site CLAM - Centro Latino-Americano em Sexualidade e Direitos Humanos sites\",\"potentialAction\":[{\"@type\":\"SearchAction\",\"target\":{\"@type\":\"EntryPoint\",\"urlTemplate\":\"https:\/\/clam.org.br\/es\/?s={search_term_string}\"},\"query-input\":{\"@type\":\"PropertyValueSpecification\",\"valueRequired\":true,\"valueName\":\"search_term_string\"}}],\"inLanguage\":\"es\"},{\"@type\":\"Person\",\"@id\":\"https:\/\/clam.org.br\/es\/#\/schema\/person\/fbd9a86032bf7479f94b0ded196f1010\",\"name\":\"fw2\",\"image\":{\"@type\":\"ImageObject\",\"inLanguage\":\"es\",\"@id\":\"https:\/\/clam.org.br\/es\/#\/schema\/person\/image\/\",\"url\":\"https:\/\/secure.gravatar.com\/avatar\/c38472c0cdbde82d9b6fcc26adb3779d?s=96&d=mm&r=g\",\"contentUrl\":\"https:\/\/secure.gravatar.com\/avatar\/c38472c0cdbde82d9b6fcc26adb3779d?s=96&d=mm&r=g\",\"caption\":\"fw2\"},\"sameAs\":[\"https:\/\/clam.fw2web.com.br\"],\"url\":\"https:\/\/clam.org.br\/es\/author\/fw2\/\"}]}<\/script>\n<!-- \/ Yoast SEO plugin. -->","yoast_head_json":{"title":"Diversidad como valor - CLAM - ES","robots":{"index":"index","follow":"follow","max-snippet":"max-snippet:-1","max-image-preview":"max-image-preview:large","max-video-preview":"max-video-preview:-1"},"canonical":"https:\/\/clam.org.br\/es\/noticias-clam\/diversidad-como-valor\/415\/","og_locale":"es_ES","og_type":"article","og_title":"Diversidad como valor - CLAM - ES","og_description":"Durante el curso G\u00e9nero y Diversidad&nbsp;en la&nbsp;Escuela, educadoras debaten sobre los modos en que los profesores deben comprometerse con temas como orientaci\u00f3n sexual y embarazo en la adolescencia y garantizar su transversalidad en el aula. (Texto en portugu\u00e9s)","og_url":"https:\/\/clam.org.br\/es\/noticias-clam\/diversidad-como-valor\/415\/","og_site_name":"CLAM - ES","article_published_time":"2009-03-11T03:00:00+00:00","author":"fw2","twitter_card":"summary_large_image","twitter_misc":{"Escrito por":"fw2","Tiempo de lectura":"5 minutos"},"schema":{"@context":"https:\/\/schema.org","@graph":[{"@type":"WebPage","@id":"https:\/\/clam.org.br\/es\/noticias-clam\/diversidad-como-valor\/415\/","url":"https:\/\/clam.org.br\/es\/noticias-clam\/diversidad-como-valor\/415\/","name":"Diversidad como valor - CLAM - ES","isPartOf":{"@id":"https:\/\/clam.org.br\/es\/#website"},"datePublished":"2009-03-11T03:00:00+00:00","author":{"@id":"https:\/\/clam.org.br\/es\/#\/schema\/person\/fbd9a86032bf7479f94b0ded196f1010"},"breadcrumb":{"@id":"https:\/\/clam.org.br\/es\/noticias-clam\/diversidad-como-valor\/415\/#breadcrumb"},"inLanguage":"es","potentialAction":[{"@type":"ReadAction","target":["https:\/\/clam.org.br\/es\/noticias-clam\/diversidad-como-valor\/415\/"]}]},{"@type":"BreadcrumbList","@id":"https:\/\/clam.org.br\/es\/noticias-clam\/diversidad-como-valor\/415\/#breadcrumb","itemListElement":[{"@type":"ListItem","position":1,"name":"In\u00edcio","item":"https:\/\/clam.org.br\/es\/"},{"@type":"ListItem","position":2,"name":"Diversidad como valor"}]},{"@type":"WebSite","@id":"https:\/\/clam.org.br\/es\/#website","url":"https:\/\/clam.org.br\/es\/","name":"CLAM - ES","description":"S\u00f3 mais um site CLAM - Centro Latino-Americano em Sexualidade e Direitos Humanos sites","potentialAction":[{"@type":"SearchAction","target":{"@type":"EntryPoint","urlTemplate":"https:\/\/clam.org.br\/es\/?s={search_term_string}"},"query-input":{"@type":"PropertyValueSpecification","valueRequired":true,"valueName":"search_term_string"}}],"inLanguage":"es"},{"@type":"Person","@id":"https:\/\/clam.org.br\/es\/#\/schema\/person\/fbd9a86032bf7479f94b0ded196f1010","name":"fw2","image":{"@type":"ImageObject","inLanguage":"es","@id":"https:\/\/clam.org.br\/es\/#\/schema\/person\/image\/","url":"https:\/\/secure.gravatar.com\/avatar\/c38472c0cdbde82d9b6fcc26adb3779d?s=96&d=mm&r=g","contentUrl":"https:\/\/secure.gravatar.com\/avatar\/c38472c0cdbde82d9b6fcc26adb3779d?s=96&d=mm&r=g","caption":"fw2"},"sameAs":["https:\/\/clam.fw2web.com.br"],"url":"https:\/\/clam.org.br\/es\/author\/fw2\/"}]}},"jetpack_featured_media_url":"","jetpack_sharing_enabled":true,"_links":{"self":[{"href":"https:\/\/clam.org.br\/es\/wp-json\/wp\/v2\/posts\/415","targetHints":{"allow":["GET"]}}],"collection":[{"href":"https:\/\/clam.org.br\/es\/wp-json\/wp\/v2\/posts"}],"about":[{"href":"https:\/\/clam.org.br\/es\/wp-json\/wp\/v2\/types\/post"}],"author":[{"embeddable":true,"href":"https:\/\/clam.org.br\/es\/wp-json\/wp\/v2\/users\/1"}],"replies":[{"embeddable":true,"href":"https:\/\/clam.org.br\/es\/wp-json\/wp\/v2\/comments?post=415"}],"version-history":[{"count":0,"href":"https:\/\/clam.org.br\/es\/wp-json\/wp\/v2\/posts\/415\/revisions"}],"wp:attachment":[{"href":"https:\/\/clam.org.br\/es\/wp-json\/wp\/v2\/media?parent=415"}],"wp:term":[{"taxonomy":"category","embeddable":true,"href":"https:\/\/clam.org.br\/es\/wp-json\/wp\/v2\/categories?post=415"},{"taxonomy":"post_tag","embeddable":true,"href":"https:\/\/clam.org.br\/es\/wp-json\/wp\/v2\/tags?post=415"}],"curies":[{"name":"wp","href":"https:\/\/api.w.org\/{rel}","templated":true}]}}