{"id":477,"date":"2009-10-06T00:00:00","date_gmt":"2009-10-06T03:00:00","guid":{"rendered":"https:\/\/clam.org.br\/es\/2009\/10\/06\/comunicacion-sin-discriminacion\/"},"modified":"2009-10-06T00:00:00","modified_gmt":"2009-10-06T03:00:00","slug":"comunicacion-sin-discriminacion","status":"publish","type":"post","link":"https:\/\/clam.org.br\/es\/noticias-clam\/comunicacion-sin-discriminacion\/477\/","title":{"rendered":"Comunicaci\u00f3n sin discriminaci\u00f3n"},"content":{"rendered":"<p>&ldquo;Por uma Comunica\u00e7\u00e3o n\u00e3o discriminat\u00f3ria&rdquo; foi o tema do IV Encontro Regional para o Fortalecimento da Equidade de G\u00eanero, evento sediado na Petrobr\u00e1s, no dia 25 de setembro, no Rio de Janeiro, que objetivou lan\u00e7ar um olhar sobre a participa\u00e7\u00e3o feminina nos quadros de trabalho e na implanta\u00e7\u00e3o do Programa Pr\u00f3-Equidade de G\u00eanero em seis empresas estatais: Banco do Brasil, Caixa Econ\u00f4mica Federal, Embrapa, Serpro, Eletronorte, al\u00e9m da anfitri\u00e3 Petrobr\u00e1s. O Programa, iniciativa do governo federal coordenada pela Secretaria Especial de Pol\u00edticas para as Mulheres (SPM), visa promover a igualdade de oportunidades entre homens e mulheres em organiza\u00e7\u00f5es p\u00fablicas e privadas.<BR>  <P>Longe ainda do ideal da equidade de g\u00eanero &ndash; especialmente nos cargos de chefia &ndash; a Petrobr\u00e1s somente h\u00e1 pouco tempo realizou uma mudan\u00e7a significativa nos crach\u00e1s de suas engenheiras. &ldquo;Ao longo de seus mais de 50 anos, parecia n\u00e3o haver a participa\u00e7\u00e3o de mulheres na \u00e1rea, uma vez que a identifica\u00e7\u00e3o nos crach\u00e1s dizia &#8216;engenheiro&#8217;, mesmo quando este era ostentado por uma mulher&rdquo;, lembrou Wania Sant&rsquo;Anna, da Comiss\u00e3o de Diversidade da Empresa. H\u00e1 alguns anos,&nbsp;ela foi a respons\u00e1vel pela renova\u00e7\u00e3o do banco de imagens da companhia petrol\u00edfera brasileira. At\u00e9 ent\u00e3o, as mulheres representavam apenas 10% desse banco de imagens, o que n\u00e3o condizia com a presen\u00e7a das 8 mil funcion\u00e1rias que a empresa det\u00e9m em seus quadros, segundo levantamento feito em 2008.<BR>  <P>&ldquo;O acervo fotogr\u00e1fico n\u00e3o refletia o avan\u00e7o da participa\u00e7\u00e3o feminina na Petrobr\u00e1s, da\u00ed nossa id\u00e9ia de renovar o banco e dar visibilidade \u00e0 for\u00e7a de trabalho das mulheres na empresa&rdquo;, afirmou Wania.<BR>  <P>No Banco do Brasil, a for\u00e7a de trabalho feminina representa 38% de um total de 94 mil funcion\u00e1rios (as). Deste percentual, ainda muito minorit\u00e1rio em rela\u00e7\u00e3o aos homens (que s\u00e3o 62%), 36% ocupam fun\u00e7\u00f5es comissionadas. As porcentagens v\u00e3o afunilando ainda mais quando se examina a distribui\u00e7\u00e3o feminina por tipo de comiss\u00e3o: as mulheres ocupam 44% dos cargos operacionais; 34% dos cargos da \u00e1rea t\u00e9cnica e apenas 30% na \u00e1rea gerencial, onde elas t\u00eam menor participa\u00e7\u00e3o.<BR>  <P>Na Caixa Econ\u00f4mica Federal, as mulheres representam apenas 21% dos cargos de decis\u00e3o, apesar de serem 50% do quadro de funcion\u00e1rios (as). A empresa lan\u00e7ou recentemente a Cartilha Pr\u00f3-Equidade de G\u00eanero, distribu\u00edda a todos(as) os (as) funcion\u00e1rios (as), enfocando assuntos como TPM (tens\u00e3o pr\u00e9-menstrual) e menstrua\u00e7\u00e3o. &ldquo;Fazer cada trabalhador conhecer o corpo do outro e seus processos \u00e9 fundamental nas rela\u00e7\u00f5es de trabalho&rdquo;, avaliou a consultora da presid\u00eancia da Caixa, Roseli de Moraes, durante o Encontro.<BR>  <P>Na Eletronorte, empresa geradora de energia subsidi\u00e1ria da estatal Eletrobr\u00e1s, 81% da for\u00e7a de trabalho \u00e9 composta por homens e 19% por mulheres. S\u00e3o 84% de gerentes homens e 16% de gerentes mulheres. O baixo percentual de mulheres \u00e9 creditado ao fato de se tratar de uma empresa de engenharia, tradicionalmente caracterizada por uma maior presen\u00e7a masculina. Na Embrapa (Empresa Brasileira de Pesquisa Agropecu\u00e1ria) o quadro \u00e9 parecido, por tamb\u00e9m se tratar de uma \u00e1rea ainda pouco freq\u00fcentada por mulheres.<BR>  <P>No Serpro, empresa p\u00fablica de tecnologia da informa\u00e7\u00e3o respons\u00e1vel por uma gama de servi\u00e7os, como o cadastramento de pessoas f\u00edsicas (CPF), a fun\u00e7\u00e3o de digitadora era, antes do processo de informatiza\u00e7\u00e3o, uma fun\u00e7\u00e3o desempenhada preferencialmente por mulheres. A carga hor\u00e1ria, de 6 horas di\u00e1rias, era ideal para que estas pudessem trabalhar e cuidar da casa. Hoje em dia, a fun\u00e7\u00e3o est\u00e1 reduzida na empresa.<BR>  <P><I>&ldquo;M\u00eddia inclusiva, isso \u00e9 poss\u00edvel?&rdquo;<\/I>  <P>Muitas a\u00e7\u00f5es na \u00e1rea de Comunica\u00e7\u00e3o, idealizadas no \u00e2mbito do Programa Pr\u00f3-Eq\u00fcidade de G\u00eanero, t\u00eam sido desenvolvidas por estas empresas no sentido de diminuir a discrep\u00e2ncia em rela\u00e7\u00e3o ao n\u00famero de homens e mulheres em seus quadros trabalhistas. O evento sediado pela Petrobr\u00e1s foi uma delas. Por isso, contou com a presen\u00e7a de profissionais de Comunica\u00e7\u00e3o que trabalham com as tem\u00e1ticas de g\u00eanero, m\u00eddia, educa\u00e7\u00e3o e consumo, como a soci\u00f3loga feminista F\u00e1tima Jord\u00e3o, diretora do Instituto Patr\u00edcia Galv\u00e3o e do Cultura Data, da TV Cultura. Para ela, a Comunica\u00e7\u00e3o est\u00e1 caminhando para uma dire\u00e7\u00e3o mais \u00e9tica e menos discriminat\u00f3ria.<BR>  <P>&ldquo;V\u00e1rias barreiras discriminat\u00f3rias t\u00eam sido quebradas, mas o preconceito continua sendo uma amea\u00e7a a uma sociabilidade civilizat\u00f3ria neste pa\u00eds&rdquo;, afirmou a soci\u00f3loga no Painel <I>&ldquo;M\u00eddia Inclusiva, isso \u00e9 poss\u00edvel?&rdquo;<\/I>. A especialista analisou alguns casos recentes que repercutiram na m\u00eddia nacional. O primeiro deles, ainda na ordem do dia, foi a declara\u00e7\u00e3o do governador do estado do Mato Grosso do Sul, Andr\u00e9 Puccinelli (PMDB), em rela\u00e7\u00e3o ao ministro do Meio Ambiente, Carlos Minc. Irritado com projeto do Minist\u00e9rio, Andr\u00e9 Puccinelli teria chamado o ministro de &ldquo;<I>veado que fuma maconha&rdquo;<\/I> e que <I>\u00abo estupraria em pra\u00e7a p\u00fablica\u00bb<\/I>, coment\u00e1rio que foi depois reiterado diante da imprensa, <a href=\"http:\/\/www.estadao.com.br\/noticias\/nacional,governador-de-ms-chama-carlos-minc-de-viado-e-maconheiro-,439251,0.htm\" target=\"_blank\" rel=\"noopener\">segundo a grande imprensa<\/A>. Em nota, Puccinelli disse que as cr\u00edticas \u00abse restringem a debate t\u00e9cnico\u00bb.<BR>  <P>&ldquo;Ao fazer tais declara\u00e7\u00f5es e amea\u00e7as, o governador n\u00e3o est\u00e1 somente cometendo uma falta de decoro. Ele est\u00e1 expressando uma sensa\u00e7\u00e3o de impunidade que o deixou \u00e0 vontade para dizer essas coisas. Isso \u00e9 uma amea\u00e7a a uma exist\u00eancia civilizada&rdquo;, avaliou F\u00e1tima, que tamb\u00e9m analisou o caso Elo\u00e1, a jovem que foi mantida ref\u00e9m por seu ex-namorado por dias, morrendo assassinada durante a tentativa de seu resgate pela pol\u00edcia.<BR>  <P>&ldquo;Ele (o rapaz) estava exercendo sua titularidade e senhorio em rela\u00e7\u00e3o \u00e0 jovem, que j\u00e1 n\u00e3o era mais sua namorada, mas esta an\u00e1lise passou despercebida nas coberturas da grande imprensa. A Comunica\u00e7\u00e3o tamb\u00e9m tem seu papel no processo de oculta\u00e7\u00e3o e manuten\u00e7\u00e3o da assimetria de g\u00eanero&rdquo;, disse ela, citando como exemplo a cobertura da imprensa \u00e0s poss\u00edveis candidatas \u00e0 presid\u00eancia da Rep\u00fablica. &ldquo;H\u00e1 mat\u00e9rias jornal\u00edsticas, com grande espa\u00e7o em importantes ve\u00edculos, enfocando os atributos sexuais das candidatas&rdquo;, exemplificou.<BR>  <P>Contudo, a soci\u00f3loga acredita que, apesar das representa\u00e7\u00f5es iconogr\u00e1ficas da mulher nos diversos canais de comunica\u00e7\u00e3o, mudan\u00e7as est\u00e3o sendo introduzidas nos sistemas de informa\u00e7\u00e3o. &ldquo;A programa\u00e7\u00e3o da TV Cultura, do Canal Brasil e do Canal Futura mostra possibilidades de comunica\u00e7\u00e3o sem discrimina\u00e7\u00e3o&rdquo;, finalizou, citando uma frase de Franz Kafka. &rdquo;As sereias t\u00eam uma arma muito mais poderosa do que o seu canto: o seu sil\u00eancio&rdquo;. <\/P><\/p>\n","protected":false},"excerpt":{"rendered":"<p>En evento organizado por la&nbsp;empresa Petrobr\u00e1s en Rio de Janeiro, funcionarias de seis instituciones estatales brasile\u00f1as evaluaron la presencia femenina en los recursos humanos de sus compa\u00f1\u00edas y la representaci\u00f3n de la mujer en los medios de comunicaci\u00f3n. (Texto en portugu\u00e9s)<\/p>\n","protected":false},"author":1,"featured_media":0,"comment_status":"open","ping_status":"open","sticky":false,"template":"","format":"standard","meta":{"_acf_changed":false,"site-sidebar-layout":"default","site-content-layout":"default","ast-global-header-display":"","ast-main-header-display":"","ast-hfb-above-header-display":"","ast-hfb-below-header-display":"","ast-hfb-mobile-header-display":"","site-post-title":"","ast-breadcrumbs-content":"","ast-featured-img":"","footer-sml-layout":"","theme-transparent-header-meta":"","adv-header-id-meta":"","stick-header-meta":"","header-above-stick-meta":"","header-main-stick-meta":"","header-below-stick-meta":"","_jetpack_memberships_contains_paid_content":false,"footnotes":""},"categories":[7],"tags":[],"class_list":["post-477","post","type-post","status-publish","format-standard","hentry","category-noticias-clam"],"acf":[],"yoast_head":"<!-- This site is optimized with the Yoast SEO plugin v26.1.1 - https:\/\/yoast.com\/wordpress\/plugins\/seo\/ -->\n<title>Comunicaci\u00f3n sin discriminaci\u00f3n - CLAM - ES<\/title>\n<meta name=\"robots\" content=\"index, follow, max-snippet:-1, max-image-preview:large, max-video-preview:-1\" \/>\n<link rel=\"canonical\" href=\"https:\/\/clam.org.br\/es\/noticias-clam\/comunicacion-sin-discriminacion\/477\/\" \/>\n<meta property=\"og:locale\" content=\"es_ES\" \/>\n<meta property=\"og:type\" content=\"article\" \/>\n<meta property=\"og:title\" content=\"Comunicaci\u00f3n sin discriminaci\u00f3n - CLAM - ES\" \/>\n<meta property=\"og:description\" content=\"En evento organizado por la&nbsp;empresa Petrobr\u00e1s en Rio de Janeiro, funcionarias de seis instituciones estatales brasile\u00f1as evaluaron la presencia femenina en los recursos humanos de sus compa\u00f1\u00edas y la representaci\u00f3n de la mujer en los medios de comunicaci\u00f3n. (Texto en portugu\u00e9s)\" \/>\n<meta property=\"og:url\" content=\"https:\/\/clam.org.br\/es\/noticias-clam\/comunicacion-sin-discriminacion\/477\/\" \/>\n<meta property=\"og:site_name\" content=\"CLAM - ES\" \/>\n<meta property=\"article:published_time\" content=\"2009-10-06T03:00:00+00:00\" \/>\n<meta name=\"author\" content=\"fw2\" \/>\n<meta name=\"twitter:card\" content=\"summary_large_image\" \/>\n<meta name=\"twitter:label1\" content=\"Escrito por\" \/>\n\t<meta name=\"twitter:data1\" content=\"fw2\" \/>\n\t<meta name=\"twitter:label2\" content=\"Tiempo de lectura\" \/>\n\t<meta name=\"twitter:data2\" content=\"6 minutos\" \/>\n<script type=\"application\/ld+json\" class=\"yoast-schema-graph\">{\"@context\":\"https:\/\/schema.org\",\"@graph\":[{\"@type\":\"WebPage\",\"@id\":\"https:\/\/clam.org.br\/es\/noticias-clam\/comunicacion-sin-discriminacion\/477\/\",\"url\":\"https:\/\/clam.org.br\/es\/noticias-clam\/comunicacion-sin-discriminacion\/477\/\",\"name\":\"Comunicaci\u00f3n sin discriminaci\u00f3n - CLAM - ES\",\"isPartOf\":{\"@id\":\"https:\/\/clam.org.br\/es\/#website\"},\"datePublished\":\"2009-10-06T03:00:00+00:00\",\"author\":{\"@id\":\"https:\/\/clam.org.br\/es\/#\/schema\/person\/fbd9a86032bf7479f94b0ded196f1010\"},\"breadcrumb\":{\"@id\":\"https:\/\/clam.org.br\/es\/noticias-clam\/comunicacion-sin-discriminacion\/477\/#breadcrumb\"},\"inLanguage\":\"es\",\"potentialAction\":[{\"@type\":\"ReadAction\",\"target\":[\"https:\/\/clam.org.br\/es\/noticias-clam\/comunicacion-sin-discriminacion\/477\/\"]}]},{\"@type\":\"BreadcrumbList\",\"@id\":\"https:\/\/clam.org.br\/es\/noticias-clam\/comunicacion-sin-discriminacion\/477\/#breadcrumb\",\"itemListElement\":[{\"@type\":\"ListItem\",\"position\":1,\"name\":\"In\u00edcio\",\"item\":\"https:\/\/clam.org.br\/es\/\"},{\"@type\":\"ListItem\",\"position\":2,\"name\":\"Comunicaci\u00f3n sin discriminaci\u00f3n\"}]},{\"@type\":\"WebSite\",\"@id\":\"https:\/\/clam.org.br\/es\/#website\",\"url\":\"https:\/\/clam.org.br\/es\/\",\"name\":\"CLAM - ES\",\"description\":\"S\u00f3 mais um site CLAM - Centro Latino-Americano em Sexualidade e Direitos Humanos sites\",\"potentialAction\":[{\"@type\":\"SearchAction\",\"target\":{\"@type\":\"EntryPoint\",\"urlTemplate\":\"https:\/\/clam.org.br\/es\/?s={search_term_string}\"},\"query-input\":{\"@type\":\"PropertyValueSpecification\",\"valueRequired\":true,\"valueName\":\"search_term_string\"}}],\"inLanguage\":\"es\"},{\"@type\":\"Person\",\"@id\":\"https:\/\/clam.org.br\/es\/#\/schema\/person\/fbd9a86032bf7479f94b0ded196f1010\",\"name\":\"fw2\",\"image\":{\"@type\":\"ImageObject\",\"inLanguage\":\"es\",\"@id\":\"https:\/\/clam.org.br\/es\/#\/schema\/person\/image\/\",\"url\":\"https:\/\/secure.gravatar.com\/avatar\/c38472c0cdbde82d9b6fcc26adb3779d?s=96&d=mm&r=g\",\"contentUrl\":\"https:\/\/secure.gravatar.com\/avatar\/c38472c0cdbde82d9b6fcc26adb3779d?s=96&d=mm&r=g\",\"caption\":\"fw2\"},\"sameAs\":[\"https:\/\/clam.fw2web.com.br\"],\"url\":\"https:\/\/clam.org.br\/es\/author\/fw2\/\"}]}<\/script>\n<!-- \/ Yoast SEO plugin. -->","yoast_head_json":{"title":"Comunicaci\u00f3n sin discriminaci\u00f3n - CLAM - ES","robots":{"index":"index","follow":"follow","max-snippet":"max-snippet:-1","max-image-preview":"max-image-preview:large","max-video-preview":"max-video-preview:-1"},"canonical":"https:\/\/clam.org.br\/es\/noticias-clam\/comunicacion-sin-discriminacion\/477\/","og_locale":"es_ES","og_type":"article","og_title":"Comunicaci\u00f3n sin discriminaci\u00f3n - CLAM - ES","og_description":"En evento organizado por la&nbsp;empresa Petrobr\u00e1s en Rio de Janeiro, funcionarias de seis instituciones estatales brasile\u00f1as evaluaron la presencia femenina en los recursos humanos de sus compa\u00f1\u00edas y la representaci\u00f3n de la mujer en los medios de comunicaci\u00f3n. (Texto en portugu\u00e9s)","og_url":"https:\/\/clam.org.br\/es\/noticias-clam\/comunicacion-sin-discriminacion\/477\/","og_site_name":"CLAM - ES","article_published_time":"2009-10-06T03:00:00+00:00","author":"fw2","twitter_card":"summary_large_image","twitter_misc":{"Escrito por":"fw2","Tiempo de lectura":"6 minutos"},"schema":{"@context":"https:\/\/schema.org","@graph":[{"@type":"WebPage","@id":"https:\/\/clam.org.br\/es\/noticias-clam\/comunicacion-sin-discriminacion\/477\/","url":"https:\/\/clam.org.br\/es\/noticias-clam\/comunicacion-sin-discriminacion\/477\/","name":"Comunicaci\u00f3n sin discriminaci\u00f3n - CLAM - ES","isPartOf":{"@id":"https:\/\/clam.org.br\/es\/#website"},"datePublished":"2009-10-06T03:00:00+00:00","author":{"@id":"https:\/\/clam.org.br\/es\/#\/schema\/person\/fbd9a86032bf7479f94b0ded196f1010"},"breadcrumb":{"@id":"https:\/\/clam.org.br\/es\/noticias-clam\/comunicacion-sin-discriminacion\/477\/#breadcrumb"},"inLanguage":"es","potentialAction":[{"@type":"ReadAction","target":["https:\/\/clam.org.br\/es\/noticias-clam\/comunicacion-sin-discriminacion\/477\/"]}]},{"@type":"BreadcrumbList","@id":"https:\/\/clam.org.br\/es\/noticias-clam\/comunicacion-sin-discriminacion\/477\/#breadcrumb","itemListElement":[{"@type":"ListItem","position":1,"name":"In\u00edcio","item":"https:\/\/clam.org.br\/es\/"},{"@type":"ListItem","position":2,"name":"Comunicaci\u00f3n sin discriminaci\u00f3n"}]},{"@type":"WebSite","@id":"https:\/\/clam.org.br\/es\/#website","url":"https:\/\/clam.org.br\/es\/","name":"CLAM - ES","description":"S\u00f3 mais um site CLAM - Centro Latino-Americano em Sexualidade e Direitos Humanos sites","potentialAction":[{"@type":"SearchAction","target":{"@type":"EntryPoint","urlTemplate":"https:\/\/clam.org.br\/es\/?s={search_term_string}"},"query-input":{"@type":"PropertyValueSpecification","valueRequired":true,"valueName":"search_term_string"}}],"inLanguage":"es"},{"@type":"Person","@id":"https:\/\/clam.org.br\/es\/#\/schema\/person\/fbd9a86032bf7479f94b0ded196f1010","name":"fw2","image":{"@type":"ImageObject","inLanguage":"es","@id":"https:\/\/clam.org.br\/es\/#\/schema\/person\/image\/","url":"https:\/\/secure.gravatar.com\/avatar\/c38472c0cdbde82d9b6fcc26adb3779d?s=96&d=mm&r=g","contentUrl":"https:\/\/secure.gravatar.com\/avatar\/c38472c0cdbde82d9b6fcc26adb3779d?s=96&d=mm&r=g","caption":"fw2"},"sameAs":["https:\/\/clam.fw2web.com.br"],"url":"https:\/\/clam.org.br\/es\/author\/fw2\/"}]}},"jetpack_featured_media_url":"","jetpack_sharing_enabled":true,"_links":{"self":[{"href":"https:\/\/clam.org.br\/es\/wp-json\/wp\/v2\/posts\/477","targetHints":{"allow":["GET"]}}],"collection":[{"href":"https:\/\/clam.org.br\/es\/wp-json\/wp\/v2\/posts"}],"about":[{"href":"https:\/\/clam.org.br\/es\/wp-json\/wp\/v2\/types\/post"}],"author":[{"embeddable":true,"href":"https:\/\/clam.org.br\/es\/wp-json\/wp\/v2\/users\/1"}],"replies":[{"embeddable":true,"href":"https:\/\/clam.org.br\/es\/wp-json\/wp\/v2\/comments?post=477"}],"version-history":[{"count":0,"href":"https:\/\/clam.org.br\/es\/wp-json\/wp\/v2\/posts\/477\/revisions"}],"wp:attachment":[{"href":"https:\/\/clam.org.br\/es\/wp-json\/wp\/v2\/media?parent=477"}],"wp:term":[{"taxonomy":"category","embeddable":true,"href":"https:\/\/clam.org.br\/es\/wp-json\/wp\/v2\/categories?post=477"},{"taxonomy":"post_tag","embeddable":true,"href":"https:\/\/clam.org.br\/es\/wp-json\/wp\/v2\/tags?post=477"}],"curies":[{"name":"wp","href":"https:\/\/api.w.org\/{rel}","templated":true}]}}