{"id":478,"date":"2009-10-06T00:00:00","date_gmt":"2009-10-06T03:00:00","guid":{"rendered":"https:\/\/clam.org.br\/es\/2009\/10\/06\/aborto-legal-para-no-morir\/"},"modified":"2009-10-06T00:00:00","modified_gmt":"2009-10-06T03:00:00","slug":"aborto-legal-para-no-morir","status":"publish","type":"post","link":"https:\/\/clam.org.br\/es\/noticias-clam\/aborto-legal-para-no-morir\/478\/","title":{"rendered":"Aborto legal para no morir"},"content":{"rendered":"<p>Pese a que en el Per\u00fa m\u00e1s de mil mujeres interrumpen cada d\u00eda embarazos no deseados en forma insegura, y que es el segundo en Sudam\u00e9rica con las m\u00e1s elevadas tasas de muerte materna en gran parte debido al aborto s\u00e9ptico, el Estado peruano se mantiene insensible frente a la a demanda de adopci\u00f3n del aborto terap\u00e9utico, legal desde 1924, pero inaccesible para las mujeres, particularmente para las m\u00e1s pobres.<BR>  <P>Con motivo del D\u00eda por la Despenalizaci\u00f3n del Aborto en Am\u00e9rica Latina y el Caribe, diferentes instituciones y organizaciones peruanas de defensa de los derechos de las mujeres reiteraron p\u00fablicamente su exigencia de aprobaci\u00f3n de un protocolo nacional que regule el aborto legal en los establecimientos p\u00fablicos de salud, por ser los que est\u00e1n al alcance de la mayor\u00eda de la poblaci\u00f3n que vive en situaci\u00f3n de pobreza.<BR>  <P>&ldquo;La atenci\u00f3n del aborto terap\u00e9utico sigue bajo candado en el actual gobierno, pese a que su legalidad data en el pa\u00eds desde 1924, cuando fue establecido en el art\u00edculo 19 del C\u00f3digo Penal a fin de preservar la vida de gestantes en riesgo de morir o de sufrir da\u00f1os permanentes en su salud f\u00edsica o mental&rdquo;, se\u00f1ala un comunicado emitido recientemente por el Colectivo 28 de septiembre, agrupaci\u00f3n integrada por diferentes instituciones, organizaciones y personas que promueven los derechos sexuales y reproductivos de las mujeres.<BR>  <P>La abogada Jeannete Llaja, directora del Estudio para la Defensa de los Derechos de la Mujer y una de las voceras del Colectivo.denunci\u00f3 que, a pesar de los compromisos internacionales de derechos humanos suscritos por el Per\u00fa, en la actualidad no existen condiciones para que las mujeres con embarazos riesgosos para su vida y salud ejerzan su derecho de solicitar su interrupci\u00f3n legal.<BR>  <P>&ldquo;Los representantes del Estado en lugar de asumir su obligaci\u00f3n de proteger los derechos de las mujeres, evaden sus responsabilidades por presiones de tipo confesional que no s\u00f3lo afectan el principio de laicidad del Estado sino que vulneran los derechos humanos de las mujeres&rdquo;, precis\u00f3.<BR>  <P>Llaja record\u00f3 que en octubre del 2005, el Comit\u00e9 de Derechos Humanos de Naciones Unidas fall\u00f3 a favor de la joven K.L., a quien en el a\u00f1o 2001 se le neg\u00f3 el acceso al aborto terap\u00e9utico en un hospital p\u00fablico y exhort\u00f3 al Estado a tomar las medidas que eviten casos similares. A partir de esa recomendaci\u00f3n se generaron sucesivos intentos desde el sector Salud, en coordinaci\u00f3n con la sociedad civil, para aprobar un protocolo que regule la interrupci\u00f3n legal del embarazo, estableciendo las entidades cl\u00ednicas que ameritaban este procedimiento y precisando las medidas t\u00e9cnicas y administrativas del caso.<BR>  <P>Lamentablemente estos avances fueron bloqueados por presiones de la jerarqu\u00eda cat\u00f3lica opuesta al reconocimiento de los derechos sexuales y reproductivos, pese al respaldo creciente que ha ido alcanzando la exigencia de atenci\u00f3n al aborto legal entre los gremios de profesionales de salud, los medios de comunicaci\u00f3n y la opini\u00f3n p\u00fablica en general.<BR>  <P>Pilar Arce, especialista en derechos sexuales y reproductivos del Centro de la Mujer Peruana Flora Trist\u00e1n, declar\u00f3 que el clamor de un protocolo nacional que norme el aborto terap\u00e9utico ha sido asumido tambi\u00e9n por los operadores de salud, especialmente m\u00e9dicos ginec\u00f3logos y obstetras, que por su pr\u00e1ctica cotidiana son conscientes del drama que viven las mujeres y se sienten identificados con su rol de brindar una atenci\u00f3n de calidad.<BR>  <P>&ldquo;Los profesionales de la salud requieren del respaldo de un protocolo para actuar con eficiencia y libertad&rdquo;, indic\u00f3 la activista. Arce coment\u00f3 tambi\u00e9n que los cuerpos m\u00e9dicos de diversos hospitales p\u00fablicos de Lima y del interior del pa\u00eds est\u00e1n avanzando en elaborar y aprobar sus propios protocolos para poder cumplir con su rol de salvar vidas y ofrecer una atenci\u00f3n humanizada y de calidad a las mujeres.<BR>  <P>Por su parte, Susana Ch\u00e1vez, representante del Centro de Promoci\u00f3n y Defensa de los Derechos Sexuales y Reproductivos (PROMSEX), llam\u00f3 la atenci\u00f3n sobre la necesidad de despenalizar el aborto por las causales de violencia sexual y por malformaciones del feto incompatibles con la vida. Se\u00f1al\u00f3 que esa demanda responde al drama que sufren muchas mujeres al ser obligadas a llevar a t\u00e9rmino embarazos productos de una violaci\u00f3n, o gestaciones de fetos que no tienen posibilidad de vida fuera del \u00fatero.<BR>  <P>Seg\u00fan Ch\u00e1vez, al no adoptar las medidas necesarias para poner fin al sufrimiento de las mujeres que atraviesan por las situaciones descritas, el Estado est\u00e1 incurriendo en una grave violaci\u00f3n de sus derechos humanos, lo que menoscaba el orden democr\u00e1tico.<BR>  <P><B><I>Creciente respaldo social a la libre decisi\u00f3n de las mujeres<\/B><\/I>  <P>No obstante, sectores cada vez m\u00e1s amplios de la sociedad han ido reconociendo el derecho de las mujeres a tomar decisiones sobre los asuntos concernientes a su cuerpo y a su salud sexual y reproductiva, a contracorriente de la sujeci\u00f3n del Estado y de posiciones religiosas ultraconservadoras.<BR>  <P>Seg\u00fan estudios sucesivos del Grupo de Opini\u00f3n P\u00fablica de la Universidad de Lima, en los \u00faltimos seis a\u00f1os se ha elevado en diez puntos porcentuales la aprobaci\u00f3n ciudadana respecto del aborto por violaci\u00f3n: en 2008 estuvo en 38% y en 2009 lleg\u00f3 al 48,2%. Asimismo, tambi\u00e9n se ha registrado un notable incremento de opiniones favorables al aborto terap\u00e9utico: mientras en el a\u00f1o 2002 lo aprobaba el 50,8%, en el 2008 este respaldo se increment\u00f3 al 68%.<BR>  <P>Aun cuando el tema del aborto contin\u00faa siendo materia de controversia, es evidente que se ha avanzado en el reconocimiento del derecho de las peruanas a decidir sobre su maternidad, particularmente en circunstancias extremas como la imposici\u00f3n de embarazos a trav\u00e9s de la violencia, o cuando la gestaci\u00f3n puede amenazar la vida de la madre o afectar su integridad f\u00edsica y mental. En tal sentido, la reafirmaci\u00f3n del principio de Estado laico es una de las principales apuestas para las organizaciones de mujeres que luchan por los derechos sexuales y reproductivos, en la perspectiva de impedir m\u00e1s interferencias religiosas en las pol\u00edticas p\u00fablicas. .<\/P><\/p>\n","protected":false},"excerpt":{"rendered":"<p>El aborto terap\u00e9utico, legalizado en el Per\u00fa desde 1924, continua inaccesible para las mujeres. En el pa\u00eds con las segundas tasas m\u00e1s altas de muerte materna en Sudam\u00e9rica, organizaciones exigen la aprobaci\u00f3n de un protocolo nacional que lo regularice.<\/p>\n","protected":false},"author":1,"featured_media":0,"comment_status":"open","ping_status":"open","sticky":false,"template":"","format":"standard","meta":{"_acf_changed":false,"site-sidebar-layout":"default","site-content-layout":"default","ast-global-header-display":"","ast-main-header-display":"","ast-hfb-above-header-display":"","ast-hfb-below-header-display":"","ast-hfb-mobile-header-display":"","site-post-title":"","ast-breadcrumbs-content":"","ast-featured-img":"","footer-sml-layout":"","theme-transparent-header-meta":"","adv-header-id-meta":"","stick-header-meta":"","header-above-stick-meta":"","header-main-stick-meta":"","header-below-stick-meta":"","_jetpack_memberships_contains_paid_content":false,"footnotes":""},"categories":[7],"tags":[],"class_list":["post-478","post","type-post","status-publish","format-standard","hentry","category-noticias-clam"],"acf":[],"yoast_head":"<!-- This site is optimized with the Yoast SEO plugin v26.1.1 - https:\/\/yoast.com\/wordpress\/plugins\/seo\/ -->\n<title>Aborto legal para no morir - CLAM - ES<\/title>\n<meta name=\"robots\" content=\"index, follow, max-snippet:-1, max-image-preview:large, max-video-preview:-1\" \/>\n<link rel=\"canonical\" href=\"https:\/\/clam.org.br\/es\/noticias-clam\/aborto-legal-para-no-morir\/478\/\" \/>\n<meta property=\"og:locale\" content=\"es_ES\" \/>\n<meta property=\"og:type\" content=\"article\" \/>\n<meta property=\"og:title\" content=\"Aborto legal para no morir - CLAM - ES\" \/>\n<meta property=\"og:description\" content=\"El aborto terap\u00e9utico, legalizado en el Per\u00fa desde 1924, continua inaccesible para las mujeres. En el pa\u00eds con las segundas tasas m\u00e1s altas de muerte materna en Sudam\u00e9rica, organizaciones exigen la aprobaci\u00f3n de un protocolo nacional que lo regularice.\" \/>\n<meta property=\"og:url\" content=\"https:\/\/clam.org.br\/es\/noticias-clam\/aborto-legal-para-no-morir\/478\/\" \/>\n<meta property=\"og:site_name\" content=\"CLAM - ES\" \/>\n<meta property=\"article:published_time\" content=\"2009-10-06T03:00:00+00:00\" \/>\n<meta name=\"author\" content=\"fw2\" \/>\n<meta name=\"twitter:card\" content=\"summary_large_image\" \/>\n<meta name=\"twitter:label1\" content=\"Escrito por\" \/>\n\t<meta name=\"twitter:data1\" content=\"fw2\" \/>\n\t<meta name=\"twitter:label2\" content=\"Tiempo de lectura\" \/>\n\t<meta name=\"twitter:data2\" content=\"5 minutos\" \/>\n<script type=\"application\/ld+json\" class=\"yoast-schema-graph\">{\"@context\":\"https:\/\/schema.org\",\"@graph\":[{\"@type\":\"WebPage\",\"@id\":\"https:\/\/clam.org.br\/es\/noticias-clam\/aborto-legal-para-no-morir\/478\/\",\"url\":\"https:\/\/clam.org.br\/es\/noticias-clam\/aborto-legal-para-no-morir\/478\/\",\"name\":\"Aborto legal para no morir - CLAM - ES\",\"isPartOf\":{\"@id\":\"https:\/\/clam.org.br\/es\/#website\"},\"datePublished\":\"2009-10-06T03:00:00+00:00\",\"author\":{\"@id\":\"https:\/\/clam.org.br\/es\/#\/schema\/person\/fbd9a86032bf7479f94b0ded196f1010\"},\"breadcrumb\":{\"@id\":\"https:\/\/clam.org.br\/es\/noticias-clam\/aborto-legal-para-no-morir\/478\/#breadcrumb\"},\"inLanguage\":\"es\",\"potentialAction\":[{\"@type\":\"ReadAction\",\"target\":[\"https:\/\/clam.org.br\/es\/noticias-clam\/aborto-legal-para-no-morir\/478\/\"]}]},{\"@type\":\"BreadcrumbList\",\"@id\":\"https:\/\/clam.org.br\/es\/noticias-clam\/aborto-legal-para-no-morir\/478\/#breadcrumb\",\"itemListElement\":[{\"@type\":\"ListItem\",\"position\":1,\"name\":\"In\u00edcio\",\"item\":\"https:\/\/clam.org.br\/es\/\"},{\"@type\":\"ListItem\",\"position\":2,\"name\":\"Aborto legal para no morir\"}]},{\"@type\":\"WebSite\",\"@id\":\"https:\/\/clam.org.br\/es\/#website\",\"url\":\"https:\/\/clam.org.br\/es\/\",\"name\":\"CLAM - ES\",\"description\":\"S\u00f3 mais um site CLAM - Centro Latino-Americano em Sexualidade e Direitos Humanos sites\",\"potentialAction\":[{\"@type\":\"SearchAction\",\"target\":{\"@type\":\"EntryPoint\",\"urlTemplate\":\"https:\/\/clam.org.br\/es\/?s={search_term_string}\"},\"query-input\":{\"@type\":\"PropertyValueSpecification\",\"valueRequired\":true,\"valueName\":\"search_term_string\"}}],\"inLanguage\":\"es\"},{\"@type\":\"Person\",\"@id\":\"https:\/\/clam.org.br\/es\/#\/schema\/person\/fbd9a86032bf7479f94b0ded196f1010\",\"name\":\"fw2\",\"image\":{\"@type\":\"ImageObject\",\"inLanguage\":\"es\",\"@id\":\"https:\/\/clam.org.br\/es\/#\/schema\/person\/image\/\",\"url\":\"https:\/\/secure.gravatar.com\/avatar\/c38472c0cdbde82d9b6fcc26adb3779d?s=96&d=mm&r=g\",\"contentUrl\":\"https:\/\/secure.gravatar.com\/avatar\/c38472c0cdbde82d9b6fcc26adb3779d?s=96&d=mm&r=g\",\"caption\":\"fw2\"},\"sameAs\":[\"https:\/\/clam.fw2web.com.br\"],\"url\":\"https:\/\/clam.org.br\/es\/author\/fw2\/\"}]}<\/script>\n<!-- \/ Yoast SEO plugin. -->","yoast_head_json":{"title":"Aborto legal para no morir - CLAM - ES","robots":{"index":"index","follow":"follow","max-snippet":"max-snippet:-1","max-image-preview":"max-image-preview:large","max-video-preview":"max-video-preview:-1"},"canonical":"https:\/\/clam.org.br\/es\/noticias-clam\/aborto-legal-para-no-morir\/478\/","og_locale":"es_ES","og_type":"article","og_title":"Aborto legal para no morir - CLAM - ES","og_description":"El aborto terap\u00e9utico, legalizado en el Per\u00fa desde 1924, continua inaccesible para las mujeres. En el pa\u00eds con las segundas tasas m\u00e1s altas de muerte materna en Sudam\u00e9rica, organizaciones exigen la aprobaci\u00f3n de un protocolo nacional que lo regularice.","og_url":"https:\/\/clam.org.br\/es\/noticias-clam\/aborto-legal-para-no-morir\/478\/","og_site_name":"CLAM - ES","article_published_time":"2009-10-06T03:00:00+00:00","author":"fw2","twitter_card":"summary_large_image","twitter_misc":{"Escrito por":"fw2","Tiempo de lectura":"5 minutos"},"schema":{"@context":"https:\/\/schema.org","@graph":[{"@type":"WebPage","@id":"https:\/\/clam.org.br\/es\/noticias-clam\/aborto-legal-para-no-morir\/478\/","url":"https:\/\/clam.org.br\/es\/noticias-clam\/aborto-legal-para-no-morir\/478\/","name":"Aborto legal para no morir - CLAM - ES","isPartOf":{"@id":"https:\/\/clam.org.br\/es\/#website"},"datePublished":"2009-10-06T03:00:00+00:00","author":{"@id":"https:\/\/clam.org.br\/es\/#\/schema\/person\/fbd9a86032bf7479f94b0ded196f1010"},"breadcrumb":{"@id":"https:\/\/clam.org.br\/es\/noticias-clam\/aborto-legal-para-no-morir\/478\/#breadcrumb"},"inLanguage":"es","potentialAction":[{"@type":"ReadAction","target":["https:\/\/clam.org.br\/es\/noticias-clam\/aborto-legal-para-no-morir\/478\/"]}]},{"@type":"BreadcrumbList","@id":"https:\/\/clam.org.br\/es\/noticias-clam\/aborto-legal-para-no-morir\/478\/#breadcrumb","itemListElement":[{"@type":"ListItem","position":1,"name":"In\u00edcio","item":"https:\/\/clam.org.br\/es\/"},{"@type":"ListItem","position":2,"name":"Aborto legal para no morir"}]},{"@type":"WebSite","@id":"https:\/\/clam.org.br\/es\/#website","url":"https:\/\/clam.org.br\/es\/","name":"CLAM - ES","description":"S\u00f3 mais um site CLAM - Centro Latino-Americano em Sexualidade e Direitos Humanos sites","potentialAction":[{"@type":"SearchAction","target":{"@type":"EntryPoint","urlTemplate":"https:\/\/clam.org.br\/es\/?s={search_term_string}"},"query-input":{"@type":"PropertyValueSpecification","valueRequired":true,"valueName":"search_term_string"}}],"inLanguage":"es"},{"@type":"Person","@id":"https:\/\/clam.org.br\/es\/#\/schema\/person\/fbd9a86032bf7479f94b0ded196f1010","name":"fw2","image":{"@type":"ImageObject","inLanguage":"es","@id":"https:\/\/clam.org.br\/es\/#\/schema\/person\/image\/","url":"https:\/\/secure.gravatar.com\/avatar\/c38472c0cdbde82d9b6fcc26adb3779d?s=96&d=mm&r=g","contentUrl":"https:\/\/secure.gravatar.com\/avatar\/c38472c0cdbde82d9b6fcc26adb3779d?s=96&d=mm&r=g","caption":"fw2"},"sameAs":["https:\/\/clam.fw2web.com.br"],"url":"https:\/\/clam.org.br\/es\/author\/fw2\/"}]}},"jetpack_featured_media_url":"","jetpack_sharing_enabled":true,"_links":{"self":[{"href":"https:\/\/clam.org.br\/es\/wp-json\/wp\/v2\/posts\/478","targetHints":{"allow":["GET"]}}],"collection":[{"href":"https:\/\/clam.org.br\/es\/wp-json\/wp\/v2\/posts"}],"about":[{"href":"https:\/\/clam.org.br\/es\/wp-json\/wp\/v2\/types\/post"}],"author":[{"embeddable":true,"href":"https:\/\/clam.org.br\/es\/wp-json\/wp\/v2\/users\/1"}],"replies":[{"embeddable":true,"href":"https:\/\/clam.org.br\/es\/wp-json\/wp\/v2\/comments?post=478"}],"version-history":[{"count":0,"href":"https:\/\/clam.org.br\/es\/wp-json\/wp\/v2\/posts\/478\/revisions"}],"wp:attachment":[{"href":"https:\/\/clam.org.br\/es\/wp-json\/wp\/v2\/media?parent=478"}],"wp:term":[{"taxonomy":"category","embeddable":true,"href":"https:\/\/clam.org.br\/es\/wp-json\/wp\/v2\/categories?post=478"},{"taxonomy":"post_tag","embeddable":true,"href":"https:\/\/clam.org.br\/es\/wp-json\/wp\/v2\/tags?post=478"}],"curies":[{"name":"wp","href":"https:\/\/api.w.org\/{rel}","templated":true}]}}