{"id":579,"date":"2010-09-29T00:00:00","date_gmt":"2010-09-29T03:00:00","guid":{"rendered":"https:\/\/clam.org.br\/es\/2010\/09\/29\/que-piensan-ellos-sobre-el-aborto\/"},"modified":"2010-09-29T00:00:00","modified_gmt":"2010-09-29T03:00:00","slug":"que-piensan-ellos-sobre-el-aborto","status":"publish","type":"post","link":"https:\/\/clam.org.br\/es\/noticias-clam\/que-piensan-ellos-sobre-el-aborto\/579\/","title":{"rendered":"\u00bfQu\u00e9 piensan ellos sobre el aborto?"},"content":{"rendered":"<p>O dia 28 de setembro (Dia pela Descriminaliza\u00e7\u00e3o do Aborto na Am\u00e9rica Latina e Caribe) \u00e9 marcado por diversos eventos que colocam em destaque a luta das mulheres latino-americanas pelo direito de interromper uma gravidez n\u00e3o planejada. No Brasil &ndash; onde o argumento central de quem \u00e9 contr\u00e1rio \u00e0 legaliza\u00e7\u00e3o do aborto \u00e9 que a vida humana come\u00e7a no momento da concep\u00e7\u00e3o e que, portanto, interromper uma gravidez \u00e9 um crime contra a vida &ndash; a pr\u00e1tica s\u00f3 \u00e9 permitida legalmente em duas circunst\u00e2ncias: em caso de estupro ou risco de morte para a mulher. Atualmente, tramita no Supremo Tribunal Federal (STF) uma a\u00e7\u00e3o que prop\u00f5e a descriminaliza\u00e7\u00e3o da interrup\u00e7\u00e3o da gravidez em caso de anencefalia (aus\u00eancia de c\u00e9rebro no feto). \u00c0s v\u00e9speras das elei\u00e7\u00f5es presidenciais, buscamos analisar, com base no que tem sido publicado pela grande imprensa, o que pensam os principais candidatos sobre o tema, especialmente em um ano em que pela primeira vez a corrida pelo cargo m\u00e1ximo da na\u00e7\u00e3o tem duas mulheres entre seus protagonistas.<BR>  <P>L\u00edder nas pesquisas com aproximadamente 50% dos votos, a candidata do Partido dos Trabalhadores (PT), Dilma Rousseff, em entrevista ao jornal O Estado de S\u00e3o Paulo, defendeu que o governo cumpra a lei e fa\u00e7a o procedimento em estabelecimentos p\u00fablicos de sa\u00fade nos casos estabelecidos por lei.<BR>  <P><I>\u00abO que n\u00f3s defendemos \u00e9 o cumprimento estrito da lei, que prev\u00ea casos em que o aborto deve ser feito e provido pelo Estado\u00bb<\/I>, afirmou a candidata, ressaltando que mulheres com melhores condi\u00e7\u00f5es fazem abortos em cl\u00ednicas, enquanto as menos favorecidas acabam recorrendo a t\u00e9cnicas perigosas, como o uso de agulhas de tric\u00f4.<I>\u00abN\u00e3o conhe\u00e7o nenhuma mulher que ache aborto uma coisa maravilhosa. N\u00e3o se deve tratar a quest\u00e3o como religiosa ou de foro \u00edntimo, mas de sa\u00fade p\u00fablica\u00bb<\/I>, afirmou.<BR>  <P>A candidata, por\u00e9m, parece n\u00e3o defender publicamente uma mudan\u00e7a na lei, para que se abram mais permissivos legais. Segundo declarou, o aborto para ser poss\u00edvel tem de estar previsto em lei. <I>\u00abMudan\u00e7a \u00e9 um processo que tem que ser discutido com a sociedade e tem que ver o que um governo far\u00e1\u00bb.<\/I>  <P>A discuss\u00e3o sobre o tema em sociedade \u00e9 uma posi\u00e7\u00e3o tamb\u00e9m sustentada pela candidata do Partido Verde (PV), Marina Silva, com a diferen\u00e7a que esta defende plebiscito sobre o tema, assim como sobre a legaliza\u00e7\u00e3o das drogas. Em <U><a href=\"http:\/\/www.clam.org.br\/publique\/cgi\/cgilua.exe\/sys\/start.htm?UserActiveTemplate=%5FBR&amp;infoid=7290&amp;sid=43\" target=\"_blank\" rel=\"noopener\">entrevista exclusiva concedida ao CLAM<\/A><\/U> &ndash; para a qual os outros dois principais candidatos tamb\u00e9m foram convidados, mas n\u00e3o responderam &ndash; a candidata afirmou:<BR>  <P><I>&ldquo; Sei que essas situa\u00e7\u00f5es acontecem em momentos de muito sofrimento e desamparo e n\u00e3o podem ser reduzidas e tratadas de forma simplista e manique\u00edsta. Tamb\u00e9m n\u00e3o acho que o \u00fanico argumento que deve ser levado em considera\u00e7\u00e3o para decidir esse assunto seja o moral. H\u00e1 quest\u00f5es \u00e9ticas, filos\u00f3ficas e de direito que precisam ser debatidas. Por isso, entendo que o Estado deve oferecer \u00e0s mulheres toda a informa\u00e7\u00e3o e cuidado necess\u00e1rios dentro do que esteja previsto pela lei. \u00c9 um debate e a decis\u00e3o sobre essa quest\u00e3o n\u00e3o ser\u00e1 tomada pelo Presidente da Rep\u00fablica. Essa \u00e9 uma responsabilidade do Congresso Nacional, mas considero que uma quest\u00e3o t\u00e3o complexa e importante como essa deve ser decidida diretamente pela sociedade, por meio de um plebiscito&rdquo;<\/I>, disse Marina.<BR>  <P>&#65279; Segundo colocado nas pesquisas, o candidato \u00e0 Presid\u00eancia pelo Partido da Social Democracia Brasileira (PSDB), Jos\u00e9 Serra, de acordo com o jornal O Estado de S\u00e3o Paulo, afirmou-se contra a descriminaliza\u00e7\u00e3o do aborto e de mudan\u00e7as na lei &ndash; baseada no C\u00f3digo Penal formulado em 1940 &ndash;, ap\u00f3s entrevista a um programa do canal Sistema Brasileiro de Televis\u00e3o.<BR>  <P><I>\u00abEu n\u00e3o sou a favor do aborto. N\u00e3o sou a favor de mexer na legisla\u00e7\u00e3o. Agora, qualquer deputado pode fazer isso. Como governo, eu n\u00e3o vou tomar essa iniciativa\u00bb<\/I>, declarou.<BR>  <P>Para ele, a libera\u00e7\u00e3o promoveria uma \u00abcarnificina\u00bb no Pa\u00eds e prejudicaria programas de preven\u00e7\u00e3o \u00e0 gravidez indesejada. <I>\u00abDificultaria o trabalho de preven\u00e7\u00e3o, como no caso da gravidez na adolesc\u00eancia, que \u00e9 um assunto muito grave. Vai (ter) gravidez para todo o lado porque (a mulher) vai para o SUS (Sistema \u00danico de Sa\u00fade) e faz o aborto\u00bb<\/I>, disse, em sabatina no jornal Folha de S\u00e3o Paulo no dia 21 de junho.<BR>  <P>Candidato com menos de 1% das inten\u00e7\u00f5es de votos, segundo as pesquisas, Pl\u00ednio Arruda Sampaio, do Partido Socialismo e Liberdade (PSOL), parece ser o \u00fanico que defende a descriminaliza\u00e7\u00e3o da pr\u00e1tica do aborto publicamente. Em artigo publicado em seu website oficial, o candidato afirma:<BR>  <P><I>&ldquo;Como candidato a um posto de comando na estrutura de poder do Estado, minha posi\u00e7\u00e3o precisa levar em conta a dimens\u00e3o social e pol\u00edtica do problema e o car\u00e1ter da sociedade em que vivo &ndash; uma sociedade plural. Nesta condi\u00e7\u00e3o, sou obrigado a cumprir a lei estabelecida e a contribuir, como minha opini\u00e3o, para a formula\u00e7\u00e3o de uma lei que responda ao consenso \u00e9tico da sociedade sobre o assunto. Segundo as estat\u00edsticas centenas milhares de mulheres morrem ou sofrem danos f\u00edsicos psicol\u00f3gicos graves em raz\u00e3o da ocorr\u00eancia de um milh\u00e3o e quatrocentos mil abortos clandestinos todos os anos. Trata-se, portanto, de um s\u00e9rio problema de sa\u00fade p\u00fablica. As medidas que o Estado brasileiro adotou para fazer frente a esse problema dividem hoje a sociedade: descriminaliza\u00e7\u00e3o e legaliza\u00e7\u00e3o constituem as reivindica\u00e7\u00f5es principais. Apoio o movimento em favor da descriminaliza\u00e7\u00e0o do aborto porque, evidentemente, a lei atual demonstrou ser, n\u00e3o apenas ineficaz, mas claramente perniciosa, uma vez que obriga as mulheres a recorrer a pessoas despreparadas e inescrupulosas para interromper uma gravidez indesejada. Em uma sociedade pluralista, o Estado n\u00e3o tem o direito de impor uma convic\u00e7\u00e3o fundada na f\u00e9 de uma parcela da sociedade a pessoas que t\u00eam convic\u00e7\u00e3o diferente&rdquo;<\/I>.<BR>  <P><B>Posi\u00e7\u00f5es mais favor\u00e1veis<\/B>  <P>Apesar das posi\u00e7\u00f5es conservadoras a respeito do aborto expressas pela maioria dos candidatos, no tocante a outros temas tidos como &ldquo;pol\u00eamicos&rdquo;, as opini\u00f5es parecem ser mais favor\u00e1veis.<BR>  <P>O candidato do PSDB \u00e0 Presid\u00eancia, Jos\u00e9 Serra, afirmou ao jornal Folha de S\u00e3o Paulo ser a favor da uni\u00e3o civil e da ado\u00e7\u00e3o de crian\u00e7as por casais homossexuais. <I>\u00abTem tanto problema grave de crian\u00e7as abandonadas no Brasil. Isso vale para qualquer tipo de casal, qualquer tipo de pessoa. N\u00e3o vejo por que n\u00e3o aprovar isso\u00bb<\/I>, disse ele durante sabatina da Folha.<BR>  <P>Durante sua participa\u00e7\u00e3o no programa \u00abRoda Viva\u00bb, transmitido pela TV Cultura no dia 28 de junho, a candidata do PT, Dilma Rousseff, afirmou: <I>\u00abSou a favor da uni\u00e3o civil. Acho que a quest\u00e3o do casamento \u00e9 religiosa. Eu, como indiv\u00edduo, jamais me posicionaria sobre o que uma religi\u00e3o deve ou n\u00e3o fazer. Temos que respeitar. No entanto, direito \u00e0 heran\u00e7a e a receber a aposentadoria do parceiro s\u00e3o direitos civis b\u00e1sicos e devem ser reconhecidos de forma civil\u00bb.<\/I>  <P>Posi\u00e7\u00e3o semelhante a da candidata Marina Silva (PV). <EM>&ldquo;Sou favor\u00e1vel ao direito \u00e0 heran\u00e7a, ao plano de sa\u00fade conjunto, ao acompanhamento em caso de deslocamento para outra cidade para cumprir fun\u00e7\u00e3o p\u00fablica, ao acompanhamento em caso de interna\u00e7\u00e3o, entre outros. Como presidente, trabalharei para que todas as pessoas tenham acesso a pol\u00edticas p\u00fablicas que assegurem condi\u00e7\u00f5es de vida dignas, independente de credo, ra\u00e7a ou condi\u00e7\u00e3o sexual&rdquo;<\/EM>, sustenta, em <U><a href=\"http:\/\/www.clam.org.br\/publique\/cgi\/cgilua.exe\/sys\/start.htm?UserActiveTemplate=%5FBR&amp;infoid=7290&amp;sid=43\" target=\"_blank\" rel=\"noopener\">entrevista concedida ao CLAM<\/A><\/U>.<BR>  <P>Em artigo publicado na revista Carta Capital a respeito da luta contra a homofobia e da necessidade de se enfrentar os preconceitos arraigados na sociedade, Pl\u00ednio Arruda Sampaio (PSOL) observou: <I>&ldquo;A Constitui\u00e7\u00e3o brasileira assegura que todo brasileiro seja tratado como igual. A atividade sexual sempre foi objeto de aten\u00e7\u00e3o por parte das religi\u00f5es e dos integrantes da classe dominante, como formas de controle da sexualidade que levam \u00e0 domina\u00e7\u00e3o e \u00e0 opress\u00e3o. Isto n\u00e3o \u00e9 aceit\u00e1vel porque est\u00e1 na raiz do preconceito e da discrimina\u00e7\u00e3o (&#8230;) Preconceitos e discrimina\u00e7\u00f5es s\u00e3o comportamentos longamente arraigados e dif\u00edceis de extirpar. Aqui no Brasil j\u00e1 caminhamos bastante no que se refere \u00e0 orienta\u00e7\u00e3o das pessoas em rela\u00e7\u00e3o ao sexo, mais ainda h\u00e1 muito que fazer (&#8230;)E quem se prop\u00f5e a debater os rumos do pa\u00eds e governar o povo brasileiro n\u00e3o pode se chocar com preceitos b\u00e1sicos do humanismo, submetendo-se \u00e0 hipocrisia&rdquo;.<\/I>  <P>Questionado sobre o chamado &ldquo;casamento gay&rdquo; em sabatina na Rede Record de Televis\u00e3o, o candidato sustentou que, embora cat\u00f3lico, defende a separa\u00e7\u00e3o entre a uni\u00e3o civil e religiosa, dizendo-se favor\u00e1vel ao casamento civil entre duas pessoas do mesmo sexo. <I>&ldquo;O quadro pode ser regulamentado pela lei civil. \u00c9 um casamento civil leg\u00edtimo. Essas pessoas t\u00eam uma vida comum, t\u00eam gastos, constroem um patrim\u00f4nio&rdquo;<\/I>.<BR>  <P>No dia 19 de maio, a convite das organiza\u00e7\u00f5es gays brasileiras, Pl\u00ednio Arruda Sampaio foi o \u00fanico candidato presente na I Marcha Nacional Contra a Homofobia, em Bras\u00edlia, que reuniu cerca de duas mil pessoas. Os participantes defendiam a aprova\u00e7\u00e3o pelo Congresso Nacional de projetos que criminalizam a homofobia no pais (PL 122) e legalizam a uni\u00e3o civil entre pessoas do mesmo sexo e a ado\u00e7\u00e3o de crian\u00e7as por casais homossexuais. <\/P><\/p>\n","protected":false},"excerpt":{"rendered":"<p>El 28 de septiembre (D\u00eda por la Despenalizaci\u00f3n del Aborto en Am\u00e9rica Latina y el Caribe), mujeres de todo Brasil se re\u00fanen en eventos organizados por agrupaciones feministas para luchar por el derecho de interrumpir un embarazo indeseado. \u00bfPero qu\u00e9 piensan los principales candidatos a la presidencia del pa\u00eds sobre el tema? <I>(Texto en portugu\u00e9s)<\/I><\/p>\n","protected":false},"author":1,"featured_media":0,"comment_status":"open","ping_status":"open","sticky":false,"template":"","format":"standard","meta":{"_acf_changed":false,"site-sidebar-layout":"default","site-content-layout":"default","ast-global-header-display":"","ast-main-header-display":"","ast-hfb-above-header-display":"","ast-hfb-below-header-display":"","ast-hfb-mobile-header-display":"","site-post-title":"","ast-breadcrumbs-content":"","ast-featured-img":"","footer-sml-layout":"","theme-transparent-header-meta":"","adv-header-id-meta":"","stick-header-meta":"","header-above-stick-meta":"","header-main-stick-meta":"","header-below-stick-meta":"","_jetpack_memberships_contains_paid_content":false,"footnotes":""},"categories":[7],"tags":[],"class_list":["post-579","post","type-post","status-publish","format-standard","hentry","category-noticias-clam"],"acf":[],"yoast_head":"<!-- This site is optimized with the Yoast SEO plugin v26.1.1 - https:\/\/yoast.com\/wordpress\/plugins\/seo\/ -->\n<title>\u00bfQu\u00e9 piensan ellos sobre el aborto? - CLAM - ES<\/title>\n<meta name=\"robots\" content=\"index, follow, max-snippet:-1, max-image-preview:large, max-video-preview:-1\" \/>\n<link rel=\"canonical\" href=\"https:\/\/clam.org.br\/es\/noticias-clam\/que-piensan-ellos-sobre-el-aborto\/579\/\" \/>\n<meta property=\"og:locale\" content=\"es_ES\" \/>\n<meta property=\"og:type\" content=\"article\" \/>\n<meta property=\"og:title\" content=\"\u00bfQu\u00e9 piensan ellos sobre el aborto? - CLAM - ES\" \/>\n<meta property=\"og:description\" content=\"El 28 de septiembre (D\u00eda por la Despenalizaci\u00f3n del Aborto en Am\u00e9rica Latina y el Caribe), mujeres de todo Brasil se re\u00fanen en eventos organizados por agrupaciones feministas para luchar por el derecho de interrumpir un embarazo indeseado. \u00bfPero qu\u00e9 piensan los principales candidatos a la presidencia del pa\u00eds sobre el tema? (Texto en portugu\u00e9s)\" \/>\n<meta property=\"og:url\" content=\"https:\/\/clam.org.br\/es\/noticias-clam\/que-piensan-ellos-sobre-el-aborto\/579\/\" \/>\n<meta property=\"og:site_name\" content=\"CLAM - ES\" \/>\n<meta property=\"article:published_time\" content=\"2010-09-29T03:00:00+00:00\" \/>\n<meta name=\"author\" content=\"fw2\" \/>\n<meta name=\"twitter:card\" content=\"summary_large_image\" \/>\n<meta name=\"twitter:label1\" content=\"Escrito por\" \/>\n\t<meta name=\"twitter:data1\" content=\"fw2\" \/>\n\t<meta name=\"twitter:label2\" content=\"Tiempo de lectura\" \/>\n\t<meta name=\"twitter:data2\" content=\"8 minutos\" \/>\n<script type=\"application\/ld+json\" class=\"yoast-schema-graph\">{\"@context\":\"https:\/\/schema.org\",\"@graph\":[{\"@type\":\"WebPage\",\"@id\":\"https:\/\/clam.org.br\/es\/noticias-clam\/que-piensan-ellos-sobre-el-aborto\/579\/\",\"url\":\"https:\/\/clam.org.br\/es\/noticias-clam\/que-piensan-ellos-sobre-el-aborto\/579\/\",\"name\":\"\u00bfQu\u00e9 piensan ellos sobre el aborto? - CLAM - ES\",\"isPartOf\":{\"@id\":\"https:\/\/clam.org.br\/es\/#website\"},\"datePublished\":\"2010-09-29T03:00:00+00:00\",\"author\":{\"@id\":\"https:\/\/clam.org.br\/es\/#\/schema\/person\/fbd9a86032bf7479f94b0ded196f1010\"},\"breadcrumb\":{\"@id\":\"https:\/\/clam.org.br\/es\/noticias-clam\/que-piensan-ellos-sobre-el-aborto\/579\/#breadcrumb\"},\"inLanguage\":\"es\",\"potentialAction\":[{\"@type\":\"ReadAction\",\"target\":[\"https:\/\/clam.org.br\/es\/noticias-clam\/que-piensan-ellos-sobre-el-aborto\/579\/\"]}]},{\"@type\":\"BreadcrumbList\",\"@id\":\"https:\/\/clam.org.br\/es\/noticias-clam\/que-piensan-ellos-sobre-el-aborto\/579\/#breadcrumb\",\"itemListElement\":[{\"@type\":\"ListItem\",\"position\":1,\"name\":\"In\u00edcio\",\"item\":\"https:\/\/clam.org.br\/es\/\"},{\"@type\":\"ListItem\",\"position\":2,\"name\":\"\u00bfQu\u00e9 piensan ellos sobre el aborto?\"}]},{\"@type\":\"WebSite\",\"@id\":\"https:\/\/clam.org.br\/es\/#website\",\"url\":\"https:\/\/clam.org.br\/es\/\",\"name\":\"CLAM - ES\",\"description\":\"S\u00f3 mais um site CLAM - Centro Latino-Americano em Sexualidade e Direitos Humanos sites\",\"potentialAction\":[{\"@type\":\"SearchAction\",\"target\":{\"@type\":\"EntryPoint\",\"urlTemplate\":\"https:\/\/clam.org.br\/es\/?s={search_term_string}\"},\"query-input\":{\"@type\":\"PropertyValueSpecification\",\"valueRequired\":true,\"valueName\":\"search_term_string\"}}],\"inLanguage\":\"es\"},{\"@type\":\"Person\",\"@id\":\"https:\/\/clam.org.br\/es\/#\/schema\/person\/fbd9a86032bf7479f94b0ded196f1010\",\"name\":\"fw2\",\"image\":{\"@type\":\"ImageObject\",\"inLanguage\":\"es\",\"@id\":\"https:\/\/clam.org.br\/es\/#\/schema\/person\/image\/\",\"url\":\"https:\/\/secure.gravatar.com\/avatar\/c38472c0cdbde82d9b6fcc26adb3779d?s=96&d=mm&r=g\",\"contentUrl\":\"https:\/\/secure.gravatar.com\/avatar\/c38472c0cdbde82d9b6fcc26adb3779d?s=96&d=mm&r=g\",\"caption\":\"fw2\"},\"sameAs\":[\"https:\/\/clam.fw2web.com.br\"],\"url\":\"https:\/\/clam.org.br\/es\/author\/fw2\/\"}]}<\/script>\n<!-- \/ Yoast SEO plugin. -->","yoast_head_json":{"title":"\u00bfQu\u00e9 piensan ellos sobre el aborto? - CLAM - ES","robots":{"index":"index","follow":"follow","max-snippet":"max-snippet:-1","max-image-preview":"max-image-preview:large","max-video-preview":"max-video-preview:-1"},"canonical":"https:\/\/clam.org.br\/es\/noticias-clam\/que-piensan-ellos-sobre-el-aborto\/579\/","og_locale":"es_ES","og_type":"article","og_title":"\u00bfQu\u00e9 piensan ellos sobre el aborto? - CLAM - ES","og_description":"El 28 de septiembre (D\u00eda por la Despenalizaci\u00f3n del Aborto en Am\u00e9rica Latina y el Caribe), mujeres de todo Brasil se re\u00fanen en eventos organizados por agrupaciones feministas para luchar por el derecho de interrumpir un embarazo indeseado. \u00bfPero qu\u00e9 piensan los principales candidatos a la presidencia del pa\u00eds sobre el tema? (Texto en portugu\u00e9s)","og_url":"https:\/\/clam.org.br\/es\/noticias-clam\/que-piensan-ellos-sobre-el-aborto\/579\/","og_site_name":"CLAM - ES","article_published_time":"2010-09-29T03:00:00+00:00","author":"fw2","twitter_card":"summary_large_image","twitter_misc":{"Escrito por":"fw2","Tiempo de lectura":"8 minutos"},"schema":{"@context":"https:\/\/schema.org","@graph":[{"@type":"WebPage","@id":"https:\/\/clam.org.br\/es\/noticias-clam\/que-piensan-ellos-sobre-el-aborto\/579\/","url":"https:\/\/clam.org.br\/es\/noticias-clam\/que-piensan-ellos-sobre-el-aborto\/579\/","name":"\u00bfQu\u00e9 piensan ellos sobre el aborto? - CLAM - ES","isPartOf":{"@id":"https:\/\/clam.org.br\/es\/#website"},"datePublished":"2010-09-29T03:00:00+00:00","author":{"@id":"https:\/\/clam.org.br\/es\/#\/schema\/person\/fbd9a86032bf7479f94b0ded196f1010"},"breadcrumb":{"@id":"https:\/\/clam.org.br\/es\/noticias-clam\/que-piensan-ellos-sobre-el-aborto\/579\/#breadcrumb"},"inLanguage":"es","potentialAction":[{"@type":"ReadAction","target":["https:\/\/clam.org.br\/es\/noticias-clam\/que-piensan-ellos-sobre-el-aborto\/579\/"]}]},{"@type":"BreadcrumbList","@id":"https:\/\/clam.org.br\/es\/noticias-clam\/que-piensan-ellos-sobre-el-aborto\/579\/#breadcrumb","itemListElement":[{"@type":"ListItem","position":1,"name":"In\u00edcio","item":"https:\/\/clam.org.br\/es\/"},{"@type":"ListItem","position":2,"name":"\u00bfQu\u00e9 piensan ellos sobre el aborto?"}]},{"@type":"WebSite","@id":"https:\/\/clam.org.br\/es\/#website","url":"https:\/\/clam.org.br\/es\/","name":"CLAM - ES","description":"S\u00f3 mais um site CLAM - Centro Latino-Americano em Sexualidade e Direitos Humanos sites","potentialAction":[{"@type":"SearchAction","target":{"@type":"EntryPoint","urlTemplate":"https:\/\/clam.org.br\/es\/?s={search_term_string}"},"query-input":{"@type":"PropertyValueSpecification","valueRequired":true,"valueName":"search_term_string"}}],"inLanguage":"es"},{"@type":"Person","@id":"https:\/\/clam.org.br\/es\/#\/schema\/person\/fbd9a86032bf7479f94b0ded196f1010","name":"fw2","image":{"@type":"ImageObject","inLanguage":"es","@id":"https:\/\/clam.org.br\/es\/#\/schema\/person\/image\/","url":"https:\/\/secure.gravatar.com\/avatar\/c38472c0cdbde82d9b6fcc26adb3779d?s=96&d=mm&r=g","contentUrl":"https:\/\/secure.gravatar.com\/avatar\/c38472c0cdbde82d9b6fcc26adb3779d?s=96&d=mm&r=g","caption":"fw2"},"sameAs":["https:\/\/clam.fw2web.com.br"],"url":"https:\/\/clam.org.br\/es\/author\/fw2\/"}]}},"jetpack_featured_media_url":"","jetpack_sharing_enabled":true,"_links":{"self":[{"href":"https:\/\/clam.org.br\/es\/wp-json\/wp\/v2\/posts\/579","targetHints":{"allow":["GET"]}}],"collection":[{"href":"https:\/\/clam.org.br\/es\/wp-json\/wp\/v2\/posts"}],"about":[{"href":"https:\/\/clam.org.br\/es\/wp-json\/wp\/v2\/types\/post"}],"author":[{"embeddable":true,"href":"https:\/\/clam.org.br\/es\/wp-json\/wp\/v2\/users\/1"}],"replies":[{"embeddable":true,"href":"https:\/\/clam.org.br\/es\/wp-json\/wp\/v2\/comments?post=579"}],"version-history":[{"count":0,"href":"https:\/\/clam.org.br\/es\/wp-json\/wp\/v2\/posts\/579\/revisions"}],"wp:attachment":[{"href":"https:\/\/clam.org.br\/es\/wp-json\/wp\/v2\/media?parent=579"}],"wp:term":[{"taxonomy":"category","embeddable":true,"href":"https:\/\/clam.org.br\/es\/wp-json\/wp\/v2\/categories?post=579"},{"taxonomy":"post_tag","embeddable":true,"href":"https:\/\/clam.org.br\/es\/wp-json\/wp\/v2\/tags?post=579"}],"curies":[{"name":"wp","href":"https:\/\/api.w.org\/{rel}","templated":true}]}}