{"id":585,"date":"2010-09-29T00:00:00","date_gmt":"2010-09-29T03:00:00","guid":{"rendered":"https:\/\/clam.org.br\/es\/2010\/09\/29\/vea-las-244-candidaturas-aliadas-a-la-causa-lgbt\/"},"modified":"2010-09-29T00:00:00","modified_gmt":"2010-09-29T03:00:00","slug":"vea-las-244-candidaturas-aliadas-a-la-causa-lgbt","status":"publish","type":"post","link":"https:\/\/clam.org.br\/es\/noticias-clam\/vea-las-244-candidaturas-aliadas-a-la-causa-lgbt\/585\/","title":{"rendered":"Vea las 244 candidaturas aliadas a la causa LGBT"},"content":{"rendered":"<p>\u00c0s v\u00e9speras das elei\u00e7\u00f5es de 3 de outubro, a Associa\u00e7\u00e3o Brasileira de Gays, L\u00e9sbicas, Bissexuais e Transg\u00eaneros (ABGLT) divulga lista atualizada de candidatos(as) aderidos(as) \u00e0 campanha &ldquo;Voto contra a Homofobia, Defendo a Cidadania&rdquo;. Veja as listas dos nomes dos(as) candidatos(as), de acordo com os cargos a que concorrem. At\u00e9 o momento, 244 candidatos(as) a cargos que v\u00e3o desde presidente da rep\u00fablica at\u00e9 deputado estadual, j\u00e1 integraram a campanha lan\u00e7ada em 29 de julho, n\u00famero que supera os(as) 223 candidatos(as) favor\u00e1veis \u00e0 causa LGBT nas elei\u00e7\u00f5es municipais de 2008.<BR>  <P>Dos 244 candidatos, 15 s\u00e3o gays assumidos, 3 s\u00e3o l\u00e9sbicas, 1 \u00e9 bissexual, 2 s\u00e3o travestis, 2 s\u00e3o transexuais e 1 \u00e9 drag queen\/ transg\u00eanero.<BR>  <P>Clique <U><<Presidente_ABGLT.pdf | aqui | | | _blank>><\/U> para ler a lista de candidatos(as) \u00e0 Presid\u00eancia da Rep\u00fablica que aderiram \u00e0 campanha<BR>  <P>Clique <U><<Senador_ABGLT.pdf | aqui | | | _blank>><\/U> para ler a lista de candidatos(as) ao Senado que aderiram \u00e0 campanha<BR>  <P>Clique <U><<Governador_ABGLT.pdf | aqui | | | _blank>><\/U> para ler a lista de candidatos(as) aos governos dos estados que aderiram \u00e0 campanha<BR>  <P>Clique <U><<Dep_Federal_ABGLT.pdf | aqui | | | _blank>><\/U> para ler a lista de candidatos(as) \u00e0 C\u00e2mara Federal que aderiram \u00e0 campanha<BR>  <P>Clique <U><<Dep_Estadual_ABGLT.pdf | aqui | | | _blank>><\/U> para ler a lista de candidatos(as) \u00e0s Assembl\u00e9ias Legislativas Estaduais que aderiram \u00e0 campanha<BR>  <P>Os Termos de Compromisso para candidatos(as) que querem firmar seu compromisso com a popula\u00e7\u00e3o LGBT est\u00e3o dispon\u00edveis em <U><a href=\"http:\/\/www.abglt.org.br\/port\/eleicoes2010_downloads.php\" target=\"_blank\" rel=\"noopener\">http:\/\/www.abglt.org.br\/port\/eleicoes2010_downloads.php<\/A><\/U>  <P>No Legislativo, a campanha pede principalmente o compromisso com a apresenta\u00e7\u00e3o e aprova\u00e7\u00e3o de projetos de lei que promovam os direitos das pessoas LGBT, com \u00eanfase no combate \u00e0 discrimina\u00e7\u00e3o, o reconhecimento legal das uni\u00f5es est\u00e1veis entre pessoas do mesmo sexo, e o uso do nome social de travestis e transexuais (o nome pelo qual escolhem ser chamadas, que condiz com sua identidade de g\u00eanero, muitas vezes diferente do nome de registro civil).<BR>  <P>No Executivo, destaca-se o compromisso com a implementa\u00e7\u00e3o das decis\u00f5es da 1\u00aa Confer\u00eancia Nacional LGBT e das Confer\u00eancias Estaduais LGBT (2008). Nos estados, a \u00eanfase est\u00e1 na cria\u00e7\u00e3o de coordenadorias de pol\u00edticas para LGBT como parte da estrutura dos governos, a elabora\u00e7\u00e3o e implementa\u00e7\u00e3o de planos estaduais de promo\u00e7\u00e3o da cidadania e direitos humanos de LGBT, baseados nas resolu\u00e7\u00f5es das confer\u00eancias estaduais LGBT, e a cria\u00e7\u00e3o de conselhos estaduais de promo\u00e7\u00e3o da cidadania e direitos humanos de LGBT, como uma inst\u00e2ncia de controle social.<BR>  <P>Tamb\u00e9m \u00e9 uma reivindica\u00e7\u00e3o da ABGLT a defesa do Estado Laico, sendo o Estado em que n\u00e3o h\u00e1 nenhuma religi\u00e3o oficial, as manifesta\u00e7\u00f5es religiosas s\u00e3o respeitadas, mas n\u00e3o devem interferir nas decis\u00f5es governamentais.<BR>  <P>(fonte: Associa\u00e7\u00e3o Brasileira de L\u00e9sbicas, Gays, Bissexuais, Travestis e Transexuais &ndash; ABGLT)<\/P><\/p>\n","protected":false},"excerpt":{"rendered":"<p>En las v\u00edsperas de las elecciones del 3 de octubre, la Asociaci\u00f3n Brasile\u00f1a de Gays, Lesbianas, Bisexuales, Travestis y Transexuales (ABGLT) divulga la lista actualizada de candidatos(as) adheridos(as) a la campa\u00f1a \u00abVoto contra la Homofobia, Defiendo la Ciudadan\u00eda\u00bb y que firmaron un T\u00e9rmino de Compromiso con la ciudadan\u00eda LGBT. Vea las listas con los nombres de los(as) candidatos(as), de acuerdo con los cargos a los que se postularon. <EM>(Texto en portugu\u00e9s)<\/EM><\/p>\n","protected":false},"author":1,"featured_media":0,"comment_status":"open","ping_status":"open","sticky":false,"template":"","format":"standard","meta":{"_acf_changed":false,"site-sidebar-layout":"default","site-content-layout":"default","ast-global-header-display":"","ast-main-header-display":"","ast-hfb-above-header-display":"","ast-hfb-below-header-display":"","ast-hfb-mobile-header-display":"","site-post-title":"","ast-breadcrumbs-content":"","ast-featured-img":"","footer-sml-layout":"","theme-transparent-header-meta":"","adv-header-id-meta":"","stick-header-meta":"","header-above-stick-meta":"","header-main-stick-meta":"","header-below-stick-meta":"","_jetpack_memberships_contains_paid_content":false,"footnotes":""},"categories":[7],"tags":[],"class_list":["post-585","post","type-post","status-publish","format-standard","hentry","category-noticias-clam"],"acf":[],"yoast_head":"<!-- This site is optimized with the Yoast SEO plugin v26.1.1 - https:\/\/yoast.com\/wordpress\/plugins\/seo\/ -->\n<title>Vea las 244 candidaturas aliadas a la causa LGBT - CLAM - ES<\/title>\n<meta name=\"robots\" content=\"index, follow, max-snippet:-1, max-image-preview:large, max-video-preview:-1\" \/>\n<link rel=\"canonical\" href=\"https:\/\/clam.org.br\/es\/noticias-clam\/vea-las-244-candidaturas-aliadas-a-la-causa-lgbt\/585\/\" \/>\n<meta property=\"og:locale\" content=\"es_ES\" \/>\n<meta property=\"og:type\" content=\"article\" \/>\n<meta property=\"og:title\" content=\"Vea las 244 candidaturas aliadas a la causa LGBT - CLAM - ES\" \/>\n<meta property=\"og:description\" content=\"En las v\u00edsperas de las elecciones del 3 de octubre, la Asociaci\u00f3n Brasile\u00f1a de Gays, Lesbianas, Bisexuales, Travestis y Transexuales (ABGLT) divulga la lista actualizada de candidatos(as) adheridos(as) a la campa\u00f1a &quot;Voto contra la Homofobia, Defiendo la Ciudadan\u00eda&quot; y que firmaron un T\u00e9rmino de Compromiso con la ciudadan\u00eda LGBT. Vea las listas con los nombres de los(as) candidatos(as), de acuerdo con los cargos a los que se postularon. (Texto en portugu\u00e9s)\" \/>\n<meta property=\"og:url\" content=\"https:\/\/clam.org.br\/es\/noticias-clam\/vea-las-244-candidaturas-aliadas-a-la-causa-lgbt\/585\/\" \/>\n<meta property=\"og:site_name\" content=\"CLAM - ES\" \/>\n<meta property=\"article:published_time\" content=\"2010-09-29T03:00:00+00:00\" \/>\n<meta name=\"author\" content=\"fw2\" \/>\n<meta name=\"twitter:card\" content=\"summary_large_image\" \/>\n<meta name=\"twitter:label1\" content=\"Escrito por\" \/>\n\t<meta name=\"twitter:data1\" content=\"fw2\" \/>\n\t<meta name=\"twitter:label2\" content=\"Tiempo de lectura\" \/>\n\t<meta name=\"twitter:data2\" content=\"2 minutos\" \/>\n<script type=\"application\/ld+json\" class=\"yoast-schema-graph\">{\"@context\":\"https:\/\/schema.org\",\"@graph\":[{\"@type\":\"WebPage\",\"@id\":\"https:\/\/clam.org.br\/es\/noticias-clam\/vea-las-244-candidaturas-aliadas-a-la-causa-lgbt\/585\/\",\"url\":\"https:\/\/clam.org.br\/es\/noticias-clam\/vea-las-244-candidaturas-aliadas-a-la-causa-lgbt\/585\/\",\"name\":\"Vea las 244 candidaturas aliadas a la causa LGBT - CLAM - ES\",\"isPartOf\":{\"@id\":\"https:\/\/clam.org.br\/es\/#website\"},\"datePublished\":\"2010-09-29T03:00:00+00:00\",\"author\":{\"@id\":\"https:\/\/clam.org.br\/es\/#\/schema\/person\/fbd9a86032bf7479f94b0ded196f1010\"},\"breadcrumb\":{\"@id\":\"https:\/\/clam.org.br\/es\/noticias-clam\/vea-las-244-candidaturas-aliadas-a-la-causa-lgbt\/585\/#breadcrumb\"},\"inLanguage\":\"es\",\"potentialAction\":[{\"@type\":\"ReadAction\",\"target\":[\"https:\/\/clam.org.br\/es\/noticias-clam\/vea-las-244-candidaturas-aliadas-a-la-causa-lgbt\/585\/\"]}]},{\"@type\":\"BreadcrumbList\",\"@id\":\"https:\/\/clam.org.br\/es\/noticias-clam\/vea-las-244-candidaturas-aliadas-a-la-causa-lgbt\/585\/#breadcrumb\",\"itemListElement\":[{\"@type\":\"ListItem\",\"position\":1,\"name\":\"In\u00edcio\",\"item\":\"https:\/\/clam.org.br\/es\/\"},{\"@type\":\"ListItem\",\"position\":2,\"name\":\"Vea las 244 candidaturas aliadas a la causa LGBT\"}]},{\"@type\":\"WebSite\",\"@id\":\"https:\/\/clam.org.br\/es\/#website\",\"url\":\"https:\/\/clam.org.br\/es\/\",\"name\":\"CLAM - ES\",\"description\":\"S\u00f3 mais um site CLAM - Centro Latino-Americano em Sexualidade e Direitos Humanos sites\",\"potentialAction\":[{\"@type\":\"SearchAction\",\"target\":{\"@type\":\"EntryPoint\",\"urlTemplate\":\"https:\/\/clam.org.br\/es\/?s={search_term_string}\"},\"query-input\":{\"@type\":\"PropertyValueSpecification\",\"valueRequired\":true,\"valueName\":\"search_term_string\"}}],\"inLanguage\":\"es\"},{\"@type\":\"Person\",\"@id\":\"https:\/\/clam.org.br\/es\/#\/schema\/person\/fbd9a86032bf7479f94b0ded196f1010\",\"name\":\"fw2\",\"image\":{\"@type\":\"ImageObject\",\"inLanguage\":\"es\",\"@id\":\"https:\/\/clam.org.br\/es\/#\/schema\/person\/image\/\",\"url\":\"https:\/\/secure.gravatar.com\/avatar\/c38472c0cdbde82d9b6fcc26adb3779d?s=96&d=mm&r=g\",\"contentUrl\":\"https:\/\/secure.gravatar.com\/avatar\/c38472c0cdbde82d9b6fcc26adb3779d?s=96&d=mm&r=g\",\"caption\":\"fw2\"},\"sameAs\":[\"https:\/\/clam.fw2web.com.br\"],\"url\":\"https:\/\/clam.org.br\/es\/author\/fw2\/\"}]}<\/script>\n<!-- \/ Yoast SEO plugin. -->","yoast_head_json":{"title":"Vea las 244 candidaturas aliadas a la causa LGBT - CLAM - ES","robots":{"index":"index","follow":"follow","max-snippet":"max-snippet:-1","max-image-preview":"max-image-preview:large","max-video-preview":"max-video-preview:-1"},"canonical":"https:\/\/clam.org.br\/es\/noticias-clam\/vea-las-244-candidaturas-aliadas-a-la-causa-lgbt\/585\/","og_locale":"es_ES","og_type":"article","og_title":"Vea las 244 candidaturas aliadas a la causa LGBT - CLAM - ES","og_description":"En las v\u00edsperas de las elecciones del 3 de octubre, la Asociaci\u00f3n Brasile\u00f1a de Gays, Lesbianas, Bisexuales, Travestis y Transexuales (ABGLT) divulga la lista actualizada de candidatos(as) adheridos(as) a la campa\u00f1a \"Voto contra la Homofobia, Defiendo la Ciudadan\u00eda\" y que firmaron un T\u00e9rmino de Compromiso con la ciudadan\u00eda LGBT. Vea las listas con los nombres de los(as) candidatos(as), de acuerdo con los cargos a los que se postularon. (Texto en portugu\u00e9s)","og_url":"https:\/\/clam.org.br\/es\/noticias-clam\/vea-las-244-candidaturas-aliadas-a-la-causa-lgbt\/585\/","og_site_name":"CLAM - ES","article_published_time":"2010-09-29T03:00:00+00:00","author":"fw2","twitter_card":"summary_large_image","twitter_misc":{"Escrito por":"fw2","Tiempo de lectura":"2 minutos"},"schema":{"@context":"https:\/\/schema.org","@graph":[{"@type":"WebPage","@id":"https:\/\/clam.org.br\/es\/noticias-clam\/vea-las-244-candidaturas-aliadas-a-la-causa-lgbt\/585\/","url":"https:\/\/clam.org.br\/es\/noticias-clam\/vea-las-244-candidaturas-aliadas-a-la-causa-lgbt\/585\/","name":"Vea las 244 candidaturas aliadas a la causa LGBT - CLAM - ES","isPartOf":{"@id":"https:\/\/clam.org.br\/es\/#website"},"datePublished":"2010-09-29T03:00:00+00:00","author":{"@id":"https:\/\/clam.org.br\/es\/#\/schema\/person\/fbd9a86032bf7479f94b0ded196f1010"},"breadcrumb":{"@id":"https:\/\/clam.org.br\/es\/noticias-clam\/vea-las-244-candidaturas-aliadas-a-la-causa-lgbt\/585\/#breadcrumb"},"inLanguage":"es","potentialAction":[{"@type":"ReadAction","target":["https:\/\/clam.org.br\/es\/noticias-clam\/vea-las-244-candidaturas-aliadas-a-la-causa-lgbt\/585\/"]}]},{"@type":"BreadcrumbList","@id":"https:\/\/clam.org.br\/es\/noticias-clam\/vea-las-244-candidaturas-aliadas-a-la-causa-lgbt\/585\/#breadcrumb","itemListElement":[{"@type":"ListItem","position":1,"name":"In\u00edcio","item":"https:\/\/clam.org.br\/es\/"},{"@type":"ListItem","position":2,"name":"Vea las 244 candidaturas aliadas a la causa LGBT"}]},{"@type":"WebSite","@id":"https:\/\/clam.org.br\/es\/#website","url":"https:\/\/clam.org.br\/es\/","name":"CLAM - ES","description":"S\u00f3 mais um site CLAM - Centro Latino-Americano em Sexualidade e Direitos Humanos sites","potentialAction":[{"@type":"SearchAction","target":{"@type":"EntryPoint","urlTemplate":"https:\/\/clam.org.br\/es\/?s={search_term_string}"},"query-input":{"@type":"PropertyValueSpecification","valueRequired":true,"valueName":"search_term_string"}}],"inLanguage":"es"},{"@type":"Person","@id":"https:\/\/clam.org.br\/es\/#\/schema\/person\/fbd9a86032bf7479f94b0ded196f1010","name":"fw2","image":{"@type":"ImageObject","inLanguage":"es","@id":"https:\/\/clam.org.br\/es\/#\/schema\/person\/image\/","url":"https:\/\/secure.gravatar.com\/avatar\/c38472c0cdbde82d9b6fcc26adb3779d?s=96&d=mm&r=g","contentUrl":"https:\/\/secure.gravatar.com\/avatar\/c38472c0cdbde82d9b6fcc26adb3779d?s=96&d=mm&r=g","caption":"fw2"},"sameAs":["https:\/\/clam.fw2web.com.br"],"url":"https:\/\/clam.org.br\/es\/author\/fw2\/"}]}},"jetpack_featured_media_url":"","jetpack_sharing_enabled":true,"_links":{"self":[{"href":"https:\/\/clam.org.br\/es\/wp-json\/wp\/v2\/posts\/585","targetHints":{"allow":["GET"]}}],"collection":[{"href":"https:\/\/clam.org.br\/es\/wp-json\/wp\/v2\/posts"}],"about":[{"href":"https:\/\/clam.org.br\/es\/wp-json\/wp\/v2\/types\/post"}],"author":[{"embeddable":true,"href":"https:\/\/clam.org.br\/es\/wp-json\/wp\/v2\/users\/1"}],"replies":[{"embeddable":true,"href":"https:\/\/clam.org.br\/es\/wp-json\/wp\/v2\/comments?post=585"}],"version-history":[{"count":0,"href":"https:\/\/clam.org.br\/es\/wp-json\/wp\/v2\/posts\/585\/revisions"}],"wp:attachment":[{"href":"https:\/\/clam.org.br\/es\/wp-json\/wp\/v2\/media?parent=585"}],"wp:term":[{"taxonomy":"category","embeddable":true,"href":"https:\/\/clam.org.br\/es\/wp-json\/wp\/v2\/categories?post=585"},{"taxonomy":"post_tag","embeddable":true,"href":"https:\/\/clam.org.br\/es\/wp-json\/wp\/v2\/tags?post=585"}],"curies":[{"name":"wp","href":"https:\/\/api.w.org\/{rel}","templated":true}]}}