{"id":728,"date":"2012-03-21T00:00:00","date_gmt":"2012-03-21T03:00:00","guid":{"rendered":"https:\/\/clam.org.br\/es\/2012\/03\/21\/peligra-pildora-del-dia-siguiente\/"},"modified":"2012-03-21T00:00:00","modified_gmt":"2012-03-21T03:00:00","slug":"peligra-pildora-del-dia-siguiente","status":"publish","type":"post","link":"https:\/\/clam.org.br\/es\/noticias-clam\/peligra-pildora-del-dia-siguiente\/728\/","title":{"rendered":"Peligra p\u00edldora del d\u00eda siguiente"},"content":{"rendered":"<p>El 1 de febrero de este a\u00f1o, la Corte Suprema de Justicia (CSJ) confirm\u00f3 la validez de un decreto legislativo de 2009 que penaliza la compra, venta y distribuci\u00f3n de la p\u00edldora anticonceptiva de emergencia (PAE). El fallo del Tribunal considera que los medicamentos con levonogestrel (Postinor 1 y 2) act\u00faan como m\u00e9todos abortivos, violando as\u00ed el art\u00edculo 126 del C\u00f3digo Penal que castiga el aborto bajo cualquier circunstancia. La decisi\u00f3n se tom\u00f3 a pesar de que el Ministerio de Salud de ese pa\u00eds, asesorado por la Organizaci\u00f3n Panamericana de la Salud (OPS), hab\u00eda validado el uso del medicamento.<BR>  <P><U><a href=\"http:\/\/feministascontraelgolpehn.blogspot.com.br\/2012\/02\/accion-urgente-carta-al-congreso-de.html\" target=\"_blank\" rel=\"noopener\">Organizaciones de mujeres<\/A><\/U> protestaron ante la medida y calificaron de &ldquo;falacias&rdquo; las razones aducidas por la CSJ. <I>&ldquo;La primera falacia&rdquo;,<\/I> se\u00f1alan, <I>&ldquo;es que [el Tribunal] afirma que este medicamento tiene el principal efecto de impedir que un \u00f3vulo ya fertilizado se implante en el \u00fatero y la segunda es la de asumir que al prevenir que un \u00f3vulo fertilizado se implante en el \u00fatero, la PAE es abortiva&rdquo;.<\/I>  <P>La Organizaci\u00f3n Mundial de la Salud (OMS) y la Organizaci\u00f3n Panamericana de la Salud (OPS) han afirmado en distintas oportunidades que el compuesto no impide la implantaci\u00f3n de un \u00f3vulo fecundado en el endometrio, sino que evita la fertilizaci\u00f3n del mismo, por lo que no es abortivo.&nbsp;La OMS incluso recomienda su uso en v\u00edctimas de violencia sexual en pa\u00edses que proh\u00edben el aborto.<BR>  <P>La tentativa de prohibici\u00f3n se remonta a abril de 2009, cuando el Congreso hondure\u00f1o declar\u00f3 ilegal la PAE. El entonces presidente Jos\u00e9 Manuel Zelaya vet\u00f3 la norma por considerarla inconstitucional y vulneradora de los derechos de las mujeres. Zelaya devolvi\u00f3 el decreto al Congreso con objeciones de fondo y aleg\u00f3 que no pod\u00eda discutirse nuevamente sin escucharse la postura de la Corte Suprema de Justicia. En junio de ese a\u00f1o Zelaya fue depuesto de su cargo mediante golpe de estado y cuatro meses despu\u00e9s el gobierno de facto prohibi\u00f3 la PAE sin solicitar el concepto de la CSJ.<BR>  <P>En respuesta al veto de Zelaya, el reciente fallo del Tribunal asevera que <EM>&ldquo;el Decreto 54-2009 limita el acceso a solamente uno de la gama de m\u00e9todos de planificaci\u00f3n familiar disponibles en el mercado&rdquo;<\/EM> y que <EM>&ldquo;dicha limitaci\u00f3n es leg\u00edtima por ser el m\u00e9todo objeto de la prohibici\u00f3n incompatible con la adecuada protecci\u00f3n del derecho a la vida, tal y como est\u00e1 consignada en la Constituci\u00f3n&rdquo;.<\/EM> Aclara que, en tanto el decreto no impide el acceso de las mujeres a la informaci\u00f3n sobre el tema ni constituye intromisi\u00f3n en el derecho a su intimidad, es constitucional.<BR>  <P>La CSJ se\u00f1ala adem\u00e1s que <EM>&ldquo;es evidente que el resultado de una relaci\u00f3n sexual sin protecci\u00f3n puede ser el embarazo y que cae sobre las mujeres el peso de cargar con el mismo&rdquo;<\/EM> y que <EM>&ldquo;esta es una diferencia natural e insuperable, pues por m\u00e1s que quiera un hombre no puede, al menos con la tecnolog\u00eda y conocimiento cient\u00edficos actuales, salir embarazado&rdquo;.<\/EM> La afirmaci\u00f3n suscit\u00f3 cr\u00edticas por parte de organizaciones sociales que consideraron el fallo sexista y discriminatorio.<BR>  <P>Ahora le corresponde nuevamente al Congreso decidir si hace efectivas las sanciones contra distribuidores y usuarias de la PAE.<BR>  <P><U><a href=\"http:\/\/sialaspae.no-ip.org\/\" target=\"_blank\" rel=\"noopener\">Haga clic aqu\u00ed<\/A><\/U> para conocer la campa\u00f1a S\u00ed PAE.<BR>  <P><U><a href=\"http:\/\/www.avaaz.org\/es\/no_prison_for_contraception\/?fp\" target=\"_blank\" rel=\"noopener\">Haga clic aqu\u00ed<\/A><\/U> para conocer la campa\u00f1a de la organizaci\u00f3n internacional Avaaz. <\/P><\/p>\n","protected":false},"excerpt":{"rendered":"<p>En los pr\u00f3ximos d\u00edas el Congreso de Honduras decidir\u00e1 si criminaliza el uso y venta de la p\u00edldora anticonceptiva de emergencia (PAE), aun cuando las mujeres hayan sido violadas. Organizaciones sociales lanzan campa\u00f1a contra la medida que ser\u00e1 votada. Firme la petici\u00f3n.&nbsp;<\/p>\n","protected":false},"author":1,"featured_media":0,"comment_status":"open","ping_status":"open","sticky":false,"template":"","format":"standard","meta":{"_acf_changed":false,"site-sidebar-layout":"default","site-content-layout":"default","ast-global-header-display":"","ast-main-header-display":"","ast-hfb-above-header-display":"","ast-hfb-below-header-display":"","ast-hfb-mobile-header-display":"","site-post-title":"","ast-breadcrumbs-content":"","ast-featured-img":"","footer-sml-layout":"","theme-transparent-header-meta":"","adv-header-id-meta":"","stick-header-meta":"","header-above-stick-meta":"","header-main-stick-meta":"","header-below-stick-meta":"","_jetpack_memberships_contains_paid_content":false,"footnotes":""},"categories":[7],"tags":[],"class_list":["post-728","post","type-post","status-publish","format-standard","hentry","category-noticias-clam"],"acf":[],"yoast_head":"<!-- This site is optimized with the Yoast SEO plugin v26.1.1 - https:\/\/yoast.com\/wordpress\/plugins\/seo\/ -->\n<title>Peligra p\u00edldora del d\u00eda siguiente - CLAM - ES<\/title>\n<meta name=\"robots\" content=\"index, follow, max-snippet:-1, max-image-preview:large, max-video-preview:-1\" \/>\n<link rel=\"canonical\" href=\"https:\/\/clam.org.br\/es\/noticias-clam\/peligra-pildora-del-dia-siguiente\/728\/\" \/>\n<meta property=\"og:locale\" content=\"es_ES\" \/>\n<meta property=\"og:type\" content=\"article\" \/>\n<meta property=\"og:title\" content=\"Peligra p\u00edldora del d\u00eda siguiente - CLAM - ES\" \/>\n<meta property=\"og:description\" content=\"En los pr\u00f3ximos d\u00edas el Congreso de Honduras decidir\u00e1 si criminaliza el uso y venta de la p\u00edldora anticonceptiva de emergencia (PAE), aun cuando las mujeres hayan sido violadas. Organizaciones sociales lanzan campa\u00f1a contra la medida que ser\u00e1 votada. Firme la petici\u00f3n.&nbsp;\" \/>\n<meta property=\"og:url\" content=\"https:\/\/clam.org.br\/es\/noticias-clam\/peligra-pildora-del-dia-siguiente\/728\/\" \/>\n<meta property=\"og:site_name\" content=\"CLAM - ES\" \/>\n<meta property=\"article:published_time\" content=\"2012-03-21T03:00:00+00:00\" \/>\n<meta name=\"author\" content=\"fw2\" \/>\n<meta name=\"twitter:card\" content=\"summary_large_image\" \/>\n<meta name=\"twitter:label1\" content=\"Escrito por\" \/>\n\t<meta name=\"twitter:data1\" content=\"fw2\" \/>\n\t<meta name=\"twitter:label2\" content=\"Tiempo de lectura\" \/>\n\t<meta name=\"twitter:data2\" content=\"3 minutos\" \/>\n<script type=\"application\/ld+json\" class=\"yoast-schema-graph\">{\"@context\":\"https:\/\/schema.org\",\"@graph\":[{\"@type\":\"WebPage\",\"@id\":\"https:\/\/clam.org.br\/es\/noticias-clam\/peligra-pildora-del-dia-siguiente\/728\/\",\"url\":\"https:\/\/clam.org.br\/es\/noticias-clam\/peligra-pildora-del-dia-siguiente\/728\/\",\"name\":\"Peligra p\u00edldora del d\u00eda siguiente - CLAM - ES\",\"isPartOf\":{\"@id\":\"https:\/\/clam.org.br\/es\/#website\"},\"datePublished\":\"2012-03-21T03:00:00+00:00\",\"author\":{\"@id\":\"https:\/\/clam.org.br\/es\/#\/schema\/person\/fbd9a86032bf7479f94b0ded196f1010\"},\"breadcrumb\":{\"@id\":\"https:\/\/clam.org.br\/es\/noticias-clam\/peligra-pildora-del-dia-siguiente\/728\/#breadcrumb\"},\"inLanguage\":\"es\",\"potentialAction\":[{\"@type\":\"ReadAction\",\"target\":[\"https:\/\/clam.org.br\/es\/noticias-clam\/peligra-pildora-del-dia-siguiente\/728\/\"]}]},{\"@type\":\"BreadcrumbList\",\"@id\":\"https:\/\/clam.org.br\/es\/noticias-clam\/peligra-pildora-del-dia-siguiente\/728\/#breadcrumb\",\"itemListElement\":[{\"@type\":\"ListItem\",\"position\":1,\"name\":\"In\u00edcio\",\"item\":\"https:\/\/clam.org.br\/es\/\"},{\"@type\":\"ListItem\",\"position\":2,\"name\":\"Peligra p\u00edldora del d\u00eda siguiente\"}]},{\"@type\":\"WebSite\",\"@id\":\"https:\/\/clam.org.br\/es\/#website\",\"url\":\"https:\/\/clam.org.br\/es\/\",\"name\":\"CLAM - ES\",\"description\":\"S\u00f3 mais um site CLAM - Centro Latino-Americano em Sexualidade e Direitos Humanos sites\",\"potentialAction\":[{\"@type\":\"SearchAction\",\"target\":{\"@type\":\"EntryPoint\",\"urlTemplate\":\"https:\/\/clam.org.br\/es\/?s={search_term_string}\"},\"query-input\":{\"@type\":\"PropertyValueSpecification\",\"valueRequired\":true,\"valueName\":\"search_term_string\"}}],\"inLanguage\":\"es\"},{\"@type\":\"Person\",\"@id\":\"https:\/\/clam.org.br\/es\/#\/schema\/person\/fbd9a86032bf7479f94b0ded196f1010\",\"name\":\"fw2\",\"image\":{\"@type\":\"ImageObject\",\"inLanguage\":\"es\",\"@id\":\"https:\/\/clam.org.br\/es\/#\/schema\/person\/image\/\",\"url\":\"https:\/\/secure.gravatar.com\/avatar\/c38472c0cdbde82d9b6fcc26adb3779d?s=96&d=mm&r=g\",\"contentUrl\":\"https:\/\/secure.gravatar.com\/avatar\/c38472c0cdbde82d9b6fcc26adb3779d?s=96&d=mm&r=g\",\"caption\":\"fw2\"},\"sameAs\":[\"https:\/\/clam.fw2web.com.br\"],\"url\":\"https:\/\/clam.org.br\/es\/author\/fw2\/\"}]}<\/script>\n<!-- \/ Yoast SEO plugin. -->","yoast_head_json":{"title":"Peligra p\u00edldora del d\u00eda siguiente - CLAM - ES","robots":{"index":"index","follow":"follow","max-snippet":"max-snippet:-1","max-image-preview":"max-image-preview:large","max-video-preview":"max-video-preview:-1"},"canonical":"https:\/\/clam.org.br\/es\/noticias-clam\/peligra-pildora-del-dia-siguiente\/728\/","og_locale":"es_ES","og_type":"article","og_title":"Peligra p\u00edldora del d\u00eda siguiente - CLAM - ES","og_description":"En los pr\u00f3ximos d\u00edas el Congreso de Honduras decidir\u00e1 si criminaliza el uso y venta de la p\u00edldora anticonceptiva de emergencia (PAE), aun cuando las mujeres hayan sido violadas. Organizaciones sociales lanzan campa\u00f1a contra la medida que ser\u00e1 votada. Firme la petici\u00f3n.&nbsp;","og_url":"https:\/\/clam.org.br\/es\/noticias-clam\/peligra-pildora-del-dia-siguiente\/728\/","og_site_name":"CLAM - ES","article_published_time":"2012-03-21T03:00:00+00:00","author":"fw2","twitter_card":"summary_large_image","twitter_misc":{"Escrito por":"fw2","Tiempo de lectura":"3 minutos"},"schema":{"@context":"https:\/\/schema.org","@graph":[{"@type":"WebPage","@id":"https:\/\/clam.org.br\/es\/noticias-clam\/peligra-pildora-del-dia-siguiente\/728\/","url":"https:\/\/clam.org.br\/es\/noticias-clam\/peligra-pildora-del-dia-siguiente\/728\/","name":"Peligra p\u00edldora del d\u00eda siguiente - CLAM - ES","isPartOf":{"@id":"https:\/\/clam.org.br\/es\/#website"},"datePublished":"2012-03-21T03:00:00+00:00","author":{"@id":"https:\/\/clam.org.br\/es\/#\/schema\/person\/fbd9a86032bf7479f94b0ded196f1010"},"breadcrumb":{"@id":"https:\/\/clam.org.br\/es\/noticias-clam\/peligra-pildora-del-dia-siguiente\/728\/#breadcrumb"},"inLanguage":"es","potentialAction":[{"@type":"ReadAction","target":["https:\/\/clam.org.br\/es\/noticias-clam\/peligra-pildora-del-dia-siguiente\/728\/"]}]},{"@type":"BreadcrumbList","@id":"https:\/\/clam.org.br\/es\/noticias-clam\/peligra-pildora-del-dia-siguiente\/728\/#breadcrumb","itemListElement":[{"@type":"ListItem","position":1,"name":"In\u00edcio","item":"https:\/\/clam.org.br\/es\/"},{"@type":"ListItem","position":2,"name":"Peligra p\u00edldora del d\u00eda siguiente"}]},{"@type":"WebSite","@id":"https:\/\/clam.org.br\/es\/#website","url":"https:\/\/clam.org.br\/es\/","name":"CLAM - ES","description":"S\u00f3 mais um site CLAM - Centro Latino-Americano em Sexualidade e Direitos Humanos sites","potentialAction":[{"@type":"SearchAction","target":{"@type":"EntryPoint","urlTemplate":"https:\/\/clam.org.br\/es\/?s={search_term_string}"},"query-input":{"@type":"PropertyValueSpecification","valueRequired":true,"valueName":"search_term_string"}}],"inLanguage":"es"},{"@type":"Person","@id":"https:\/\/clam.org.br\/es\/#\/schema\/person\/fbd9a86032bf7479f94b0ded196f1010","name":"fw2","image":{"@type":"ImageObject","inLanguage":"es","@id":"https:\/\/clam.org.br\/es\/#\/schema\/person\/image\/","url":"https:\/\/secure.gravatar.com\/avatar\/c38472c0cdbde82d9b6fcc26adb3779d?s=96&d=mm&r=g","contentUrl":"https:\/\/secure.gravatar.com\/avatar\/c38472c0cdbde82d9b6fcc26adb3779d?s=96&d=mm&r=g","caption":"fw2"},"sameAs":["https:\/\/clam.fw2web.com.br"],"url":"https:\/\/clam.org.br\/es\/author\/fw2\/"}]}},"jetpack_featured_media_url":"","jetpack_sharing_enabled":true,"_links":{"self":[{"href":"https:\/\/clam.org.br\/es\/wp-json\/wp\/v2\/posts\/728","targetHints":{"allow":["GET"]}}],"collection":[{"href":"https:\/\/clam.org.br\/es\/wp-json\/wp\/v2\/posts"}],"about":[{"href":"https:\/\/clam.org.br\/es\/wp-json\/wp\/v2\/types\/post"}],"author":[{"embeddable":true,"href":"https:\/\/clam.org.br\/es\/wp-json\/wp\/v2\/users\/1"}],"replies":[{"embeddable":true,"href":"https:\/\/clam.org.br\/es\/wp-json\/wp\/v2\/comments?post=728"}],"version-history":[{"count":0,"href":"https:\/\/clam.org.br\/es\/wp-json\/wp\/v2\/posts\/728\/revisions"}],"wp:attachment":[{"href":"https:\/\/clam.org.br\/es\/wp-json\/wp\/v2\/media?parent=728"}],"wp:term":[{"taxonomy":"category","embeddable":true,"href":"https:\/\/clam.org.br\/es\/wp-json\/wp\/v2\/categories?post=728"},{"taxonomy":"post_tag","embeddable":true,"href":"https:\/\/clam.org.br\/es\/wp-json\/wp\/v2\/tags?post=728"}],"curies":[{"name":"wp","href":"https:\/\/api.w.org\/{rel}","templated":true}]}}