{"id":754,"date":"2007-06-05T00:00:00","date_gmt":"2007-06-05T03:00:00","guid":{"rendered":"https:\/\/clam.org.br\/es\/2007\/06\/05\/plaza-ciudadana-virtual\/"},"modified":"2007-06-05T00:00:00","modified_gmt":"2007-06-05T03:00:00","slug":"plaza-ciudadana-virtual","status":"publish","type":"post","link":"https:\/\/clam.org.br\/es\/noticias-clam\/plaza-ciudadana-virtual\/754\/","title":{"rendered":"Plaza ciudadana virtual"},"content":{"rendered":"<p><P>El diccionario de la Real Academia Espa\u00f1ola (RAE) define la palabra observatorio como el &ldquo;lugar o posici\u00f3n que sirve para observar&rdquo;, y a su vez especifica que el vocablo observar es &ldquo;examinar atentamente&rdquo;.<BR>  <P>El Observatorio de G\u00e9nero y Equidad que se acaba de inaugurar en Chile, respeta el significado original contenido en la RAE. Por un lado, el Observatorio es una plaza ciudadana virtual que acoge y re\u00fane, para empezar, a 20 instituciones, grupos, colectivos y organizaciones que desde este lugar &ndash;tanto en forma independiente como en alianzas-, examinan atentamente el desarrollo del Gobierno de la Presidenta Bachelet desde una perspectiva de equidad de g\u00e9nero y justicia social. &ldquo;Tener una mujer en la Presidencia representa una situaci\u00f3n \u00fanica, un desaf\u00edo al machismo que ha caracterizado la pol\u00edtica en Chile, tanto en los partidos de gobierno como de oposici\u00f3n, y una oportunidad para avanzar en la agenda de equidad&rdquo;, dice Teresa Vald\u00e9s, soci\u00f3loga y coordinadora del Observatorio.<BR>  <P>As\u00ed lo expresaron las m\u00e1s de 20 mujeres protagonistas de la primera reuni\u00f3n del Consejo Consultivo del Observatorio. Las asistentes, entre 21 a\u00f1os de edad y 70, hicieron p\u00fablico su deseo de contar con un espacio que les diera un &ldquo;respiro y una esperanza&rdquo; en el trabajo colectivo, as\u00ed como la posibilidad de trabajar el &ldquo;empoderamiento grupal&rdquo; para participar en los debates y ejercer un ciudadan\u00eda activa fiscalizando y haciendo propuestas para la equidad de g\u00e9nero y el avance de las mujeres.<BR>  <P>Teresa Vald\u00e9s considera este instrumento como necesario para que las mujeres, desde las instituciones y organizaciones a las cuales pertenecen, sean capaces de evaluar el proceso pol\u00edtico, debatir sobre la agenda p\u00fablica y, al mismo tiempo, entregar elementos y propuestas inteligentes en torno a este objetivo. &ldquo;Nos gustar\u00eda generar una voz p\u00fablica colectiva que exprese el sentir de mujeres organizadas en todos los \u00e1mbitos, capaz de desenmascarar el machismo y de influir en las pol\u00edticas de protecci\u00f3n social y contra la discriminaci\u00f3n&rdquo;, manifest\u00f3 la profesional. En la ocasi\u00f3n se debati\u00f3 sobre innovadoras f\u00f3rmulas para lograrlo que incluyan solidez en los contenidos, an\u00e1lisis y cifras, pero tambi\u00e9n humor e iron\u00eda.<BR>  <P>La cara visible de esta nueva instancia ciudadana ser\u00e1 el sitio web <a href=\"http:\/\/www.observatoriogeneroyliderazgo.cl\/\" target=\"_blank\" rel=\"noopener\">www.observatoriogeneroyliderazgo.cl<\/A>, descrito como una plaza p\u00fablica virtual que hace visible a este actor colectivo y sus actividades, posibilitando su articulaci\u00f3n, de modo individual y colectivo.<BR> <\/P> <P>Asimismo, el Observatorio cuenta con una Secretar\u00eda Ejecutiva encargada de mantener los contactos con ONGs, organizaciones e instituciones que quieran participar en esta iniciativa. Esta Secretar\u00eda Ejecutiva ser\u00e1 la responsable de articular un plan de trabajo y coordinar su funcionamiento. &ldquo;Nuestro desaf\u00edo es mantener las comunicaciones con otras instancias de control ciudadano generadas desde la Sociedad Civil y ser la responsable de la difusi\u00f3n y comunicaci\u00f3n de las propuestas y evaluaciones que se constituyan en el Observatorio, a trav\u00e9s de boletines peri\u00f3dicos, entre otros&rdquo;, precisa Natalia Flores, Secretaria Ejecutiva del observatorio.<BR> <\/P> <P>El Consejo Consultivo est\u00e1 integrado por representantes de las instituciones y organizaciones que deseen participar y contribuir al Observatorio. En tanto, el sitio web ser\u00e1 una &ldquo;Red de Redes&rdquo; donde encontrar dirigentas y representantes de organizaciones feministas de base, sindicales, rurales e ind\u00edgenas. A su vez este espacio permitir\u00e1 la libre manifestaci\u00f3n de las mujeres pudiendo estas, inclusive, formar parte del Consejo cuando cada una lo desee. El Observatorio es una estructura horizontal que busca tanto la activa participaci\u00f3n de todos sus integrantes, como la vez la creaci\u00f3n de espacios de debate t\u00e9cnico y pol\u00edtico.<BR>  <P>Para este fin, contar\u00e1 con &ldquo;Anillos tem\u00e1ticos&rdquo;, cuyo prop\u00f3sito es poner en com\u00fan reflexiones y an\u00e1lisis en esferas estrat\u00e9gicas, como econom\u00eda, pol\u00edtica, sociedad, cultura, derechos humanos de las mujeres, medios y opini\u00f3n p\u00fablica, a los que integren en forma real y virtual mujeres de todo el pa\u00eds, rompi\u00e9ndose as\u00ed las fronteras discriminatorias existentes. &ldquo;Para lo que queda de 2007, queremos conformar 6 anillos tem\u00e1ticos integrados por expertas\/os, que se reunir\u00e1n para entregar un an\u00e1lisis cr\u00edtico y propositivo del tema o la pol\u00edtica elegida, y un texto que resuma la discusi\u00f3n para ser difundido a la red y a la opini\u00f3n p\u00fablica&rdquo;, aclara Natalia Flores.<BR>  <P>Los conceptos estrat\u00e9gicos que articulan la acci\u00f3n del Observatorio son: g\u00e9nero, liderazgo y control ciudadano. Seg\u00fan Teresa Vald\u00e9s, se apunta a los mecanismos de discriminaci\u00f3n sexual creados por el orden de g\u00e9nero, que pueden observarse en espacios institucionales como la familia, la comunidad, el mercado, las escuelas, las empresas, el Estado, entre otros. &ldquo;En definitiva, el g\u00e9nero es una categor\u00eda pol\u00edtica que implica acciones para transformar las desigualdades&rdquo;, precisa.<BR>  <P>En relaci\u00f3n al Liderazgo, \u00e9ste se define como el ejercicio del poder caracterizado por la direcci\u00f3n ideol\u00f3gica y pol\u00edtica que desarrollan algunos sujetos para dominar o construir relaciones de colaboraci\u00f3n con otros y otras. Para las mujeres, constituirse en l\u00edderes ha sido un proceso reciente. Fuera del \u00e1mbito dom\u00e9stico y pese a que durante las \u00faltimas d\u00e9cadas han sido incorporadas y reconocidas en el mundo p\u00fablico, la tarea no les ha sido para nada f\u00e1cil, pues tampoco se las ha educado ni socializado para desarrollar capacidades de direcci\u00f3n ideol\u00f3gica y pol\u00edtica.<BR>  <P>Respecto al Control Ciudadano, como su nombre lo indica, el inter\u00e9s est\u00e1 enfocado en la acci\u00f3n de la ciudadan\u00eda activa destinada a asegurar el cumplimiento de acuerdos por parte de la autoridad p\u00fablica para construir el orden social deseado.<BR>  <P>Los resultados del monitoreo y an\u00e1lisis ser\u00e1n difundidos en la web y a trav\u00e9s de un Bolet\u00edn mensual a diversas organizaciones de mujeres, autoridades de Gobierno, partidos pol\u00edticos, acad\u00e9micas y mujeres en puestos de decisi\u00f3n en distintos \u00e1mbitos y niveles.<BR>  <P>En esa misma l\u00ednea, tambi\u00e9n se desarrollar\u00e1 un plan de comunicaciones que permitir\u00e1 posicionar en los medios de comunicaci\u00f3n masiva las vocer\u00edas y liderazgos actualmente existentes en el movimiento, visibilizando de este modo los an\u00e1lisis y actividades del Observatorio.<BR>  <P>Es un hecho que la elecci\u00f3n de Michelle Bachelet como presidenta de Chile cambi\u00f3 el escenario no tan s\u00f3lo de ese pa\u00eds, sino tambi\u00e9n de Am\u00e9rica del Sur, donde nunca una mujer fue elegida con una amplia mayor\u00eda de respaldo popular. En este escenario el Observatorio de G\u00e9nero y Equidad pretende &ldquo;examinar atentamente&rdquo; el desarrollo de la lucha pol\u00edtica nacional y la agenda p\u00fablica desde una perspectiva de g\u00e9nero, y a la vez, promover liderazgos y habilidades pol\u00edticas de mujeres para compartir con el resto de la regi\u00f3n las experiencias aprendidas. <\/P> <P>Con la cooperaci\u00f3n financiera de UNIFEM Cono Sur y el Comit\u00e9 Oxford de Ayuda contra el Hambre, OXFAM, actualmente integran el Observatorio: el Centro de Estudios de la Mujer, CEM; elInstituto de la Mujer; Cat\u00f3licas por el Derecho a Decidir; Domos; el Movimiento por la Emancipaci\u00f3n de la Mujer Chilena, Memch; Humanas; el Programa de Acci\u00f3n con Mujeres, Prosam; La Morada; Isis; Sur; Hexagrama; la Asociaci\u00f3n Nacional de Mujeres Rurales e Ind\u00edgenas, Anamuri; el Centro de Estudios para el Desarrollo de la Mujer, Cedem; el Observatorio de Equidad de G\u00e9nero en Salud; la Mesa Prog\u00e9nero de Chile 21; el Foro Red de Salud y Derechos Sexuales y Reproductivos; Tres CE; Mujeres de Palabra; Generando y Cons-pirando.<BR> <\/P><\/p>\n","protected":false},"excerpt":{"rendered":"<p>Mujeres integrantes del Consejo Consultivo del recientemente inaugurado Observatorio sobre G\u00e9nero y Equidad iniciaron el examen continuo de din\u00e1micas sociales y pol\u00edticas p\u00fablicas en Chile, con el objetivo de avanzar en la agenda de equidad de g\u00e9nero.<\/p>\n","protected":false},"author":1,"featured_media":0,"comment_status":"open","ping_status":"open","sticky":false,"template":"","format":"standard","meta":{"_acf_changed":false,"site-sidebar-layout":"default","site-content-layout":"default","ast-global-header-display":"","ast-main-header-display":"","ast-hfb-above-header-display":"","ast-hfb-below-header-display":"","ast-hfb-mobile-header-display":"","site-post-title":"","ast-breadcrumbs-content":"","ast-featured-img":"","footer-sml-layout":"","theme-transparent-header-meta":"","adv-header-id-meta":"","stick-header-meta":"","header-above-stick-meta":"","header-main-stick-meta":"","header-below-stick-meta":"","_jetpack_memberships_contains_paid_content":false,"footnotes":""},"categories":[7],"tags":[],"class_list":["post-754","post","type-post","status-publish","format-standard","hentry","category-noticias-clam"],"acf":[],"yoast_head":"<!-- This site is optimized with the Yoast SEO plugin v26.1.1 - https:\/\/yoast.com\/wordpress\/plugins\/seo\/ -->\n<title>Plaza ciudadana virtual - CLAM - ES<\/title>\n<meta name=\"robots\" content=\"index, follow, max-snippet:-1, max-image-preview:large, max-video-preview:-1\" \/>\n<link rel=\"canonical\" href=\"https:\/\/clam.org.br\/es\/noticias-clam\/plaza-ciudadana-virtual\/754\/\" \/>\n<meta property=\"og:locale\" content=\"es_ES\" \/>\n<meta property=\"og:type\" content=\"article\" \/>\n<meta property=\"og:title\" content=\"Plaza ciudadana virtual - CLAM - ES\" \/>\n<meta property=\"og:description\" content=\"Mujeres integrantes del Consejo Consultivo del recientemente inaugurado Observatorio sobre G\u00e9nero y Equidad iniciaron el examen continuo de din\u00e1micas sociales y pol\u00edticas p\u00fablicas en Chile, con el objetivo de avanzar en la agenda de equidad de g\u00e9nero.\" \/>\n<meta property=\"og:url\" content=\"https:\/\/clam.org.br\/es\/noticias-clam\/plaza-ciudadana-virtual\/754\/\" \/>\n<meta property=\"og:site_name\" content=\"CLAM - ES\" \/>\n<meta property=\"article:published_time\" content=\"2007-06-05T03:00:00+00:00\" \/>\n<meta name=\"author\" content=\"fw2\" \/>\n<meta name=\"twitter:card\" content=\"summary_large_image\" \/>\n<meta name=\"twitter:label1\" content=\"Escrito por\" \/>\n\t<meta name=\"twitter:data1\" content=\"fw2\" \/>\n\t<meta name=\"twitter:label2\" content=\"Tiempo de lectura\" \/>\n\t<meta name=\"twitter:data2\" content=\"7 minutos\" \/>\n<script type=\"application\/ld+json\" class=\"yoast-schema-graph\">{\"@context\":\"https:\/\/schema.org\",\"@graph\":[{\"@type\":\"WebPage\",\"@id\":\"https:\/\/clam.org.br\/es\/noticias-clam\/plaza-ciudadana-virtual\/754\/\",\"url\":\"https:\/\/clam.org.br\/es\/noticias-clam\/plaza-ciudadana-virtual\/754\/\",\"name\":\"Plaza ciudadana virtual - CLAM - ES\",\"isPartOf\":{\"@id\":\"https:\/\/clam.org.br\/es\/#website\"},\"datePublished\":\"2007-06-05T03:00:00+00:00\",\"author\":{\"@id\":\"https:\/\/clam.org.br\/es\/#\/schema\/person\/fbd9a86032bf7479f94b0ded196f1010\"},\"breadcrumb\":{\"@id\":\"https:\/\/clam.org.br\/es\/noticias-clam\/plaza-ciudadana-virtual\/754\/#breadcrumb\"},\"inLanguage\":\"es\",\"potentialAction\":[{\"@type\":\"ReadAction\",\"target\":[\"https:\/\/clam.org.br\/es\/noticias-clam\/plaza-ciudadana-virtual\/754\/\"]}]},{\"@type\":\"BreadcrumbList\",\"@id\":\"https:\/\/clam.org.br\/es\/noticias-clam\/plaza-ciudadana-virtual\/754\/#breadcrumb\",\"itemListElement\":[{\"@type\":\"ListItem\",\"position\":1,\"name\":\"In\u00edcio\",\"item\":\"https:\/\/clam.org.br\/es\/\"},{\"@type\":\"ListItem\",\"position\":2,\"name\":\"Plaza ciudadana virtual\"}]},{\"@type\":\"WebSite\",\"@id\":\"https:\/\/clam.org.br\/es\/#website\",\"url\":\"https:\/\/clam.org.br\/es\/\",\"name\":\"CLAM - ES\",\"description\":\"S\u00f3 mais um site CLAM - Centro Latino-Americano em Sexualidade e Direitos Humanos sites\",\"potentialAction\":[{\"@type\":\"SearchAction\",\"target\":{\"@type\":\"EntryPoint\",\"urlTemplate\":\"https:\/\/clam.org.br\/es\/?s={search_term_string}\"},\"query-input\":{\"@type\":\"PropertyValueSpecification\",\"valueRequired\":true,\"valueName\":\"search_term_string\"}}],\"inLanguage\":\"es\"},{\"@type\":\"Person\",\"@id\":\"https:\/\/clam.org.br\/es\/#\/schema\/person\/fbd9a86032bf7479f94b0ded196f1010\",\"name\":\"fw2\",\"image\":{\"@type\":\"ImageObject\",\"inLanguage\":\"es\",\"@id\":\"https:\/\/clam.org.br\/es\/#\/schema\/person\/image\/\",\"url\":\"https:\/\/secure.gravatar.com\/avatar\/c38472c0cdbde82d9b6fcc26adb3779d?s=96&d=mm&r=g\",\"contentUrl\":\"https:\/\/secure.gravatar.com\/avatar\/c38472c0cdbde82d9b6fcc26adb3779d?s=96&d=mm&r=g\",\"caption\":\"fw2\"},\"sameAs\":[\"https:\/\/clam.fw2web.com.br\"],\"url\":\"https:\/\/clam.org.br\/es\/author\/fw2\/\"}]}<\/script>\n<!-- \/ Yoast SEO plugin. -->","yoast_head_json":{"title":"Plaza ciudadana virtual - CLAM - ES","robots":{"index":"index","follow":"follow","max-snippet":"max-snippet:-1","max-image-preview":"max-image-preview:large","max-video-preview":"max-video-preview:-1"},"canonical":"https:\/\/clam.org.br\/es\/noticias-clam\/plaza-ciudadana-virtual\/754\/","og_locale":"es_ES","og_type":"article","og_title":"Plaza ciudadana virtual - CLAM - ES","og_description":"Mujeres integrantes del Consejo Consultivo del recientemente inaugurado Observatorio sobre G\u00e9nero y Equidad iniciaron el examen continuo de din\u00e1micas sociales y pol\u00edticas p\u00fablicas en Chile, con el objetivo de avanzar en la agenda de equidad de g\u00e9nero.","og_url":"https:\/\/clam.org.br\/es\/noticias-clam\/plaza-ciudadana-virtual\/754\/","og_site_name":"CLAM - ES","article_published_time":"2007-06-05T03:00:00+00:00","author":"fw2","twitter_card":"summary_large_image","twitter_misc":{"Escrito por":"fw2","Tiempo de lectura":"7 minutos"},"schema":{"@context":"https:\/\/schema.org","@graph":[{"@type":"WebPage","@id":"https:\/\/clam.org.br\/es\/noticias-clam\/plaza-ciudadana-virtual\/754\/","url":"https:\/\/clam.org.br\/es\/noticias-clam\/plaza-ciudadana-virtual\/754\/","name":"Plaza ciudadana virtual - CLAM - ES","isPartOf":{"@id":"https:\/\/clam.org.br\/es\/#website"},"datePublished":"2007-06-05T03:00:00+00:00","author":{"@id":"https:\/\/clam.org.br\/es\/#\/schema\/person\/fbd9a86032bf7479f94b0ded196f1010"},"breadcrumb":{"@id":"https:\/\/clam.org.br\/es\/noticias-clam\/plaza-ciudadana-virtual\/754\/#breadcrumb"},"inLanguage":"es","potentialAction":[{"@type":"ReadAction","target":["https:\/\/clam.org.br\/es\/noticias-clam\/plaza-ciudadana-virtual\/754\/"]}]},{"@type":"BreadcrumbList","@id":"https:\/\/clam.org.br\/es\/noticias-clam\/plaza-ciudadana-virtual\/754\/#breadcrumb","itemListElement":[{"@type":"ListItem","position":1,"name":"In\u00edcio","item":"https:\/\/clam.org.br\/es\/"},{"@type":"ListItem","position":2,"name":"Plaza ciudadana virtual"}]},{"@type":"WebSite","@id":"https:\/\/clam.org.br\/es\/#website","url":"https:\/\/clam.org.br\/es\/","name":"CLAM - ES","description":"S\u00f3 mais um site CLAM - Centro Latino-Americano em Sexualidade e Direitos Humanos sites","potentialAction":[{"@type":"SearchAction","target":{"@type":"EntryPoint","urlTemplate":"https:\/\/clam.org.br\/es\/?s={search_term_string}"},"query-input":{"@type":"PropertyValueSpecification","valueRequired":true,"valueName":"search_term_string"}}],"inLanguage":"es"},{"@type":"Person","@id":"https:\/\/clam.org.br\/es\/#\/schema\/person\/fbd9a86032bf7479f94b0ded196f1010","name":"fw2","image":{"@type":"ImageObject","inLanguage":"es","@id":"https:\/\/clam.org.br\/es\/#\/schema\/person\/image\/","url":"https:\/\/secure.gravatar.com\/avatar\/c38472c0cdbde82d9b6fcc26adb3779d?s=96&d=mm&r=g","contentUrl":"https:\/\/secure.gravatar.com\/avatar\/c38472c0cdbde82d9b6fcc26adb3779d?s=96&d=mm&r=g","caption":"fw2"},"sameAs":["https:\/\/clam.fw2web.com.br"],"url":"https:\/\/clam.org.br\/es\/author\/fw2\/"}]}},"jetpack_featured_media_url":"","jetpack_sharing_enabled":true,"_links":{"self":[{"href":"https:\/\/clam.org.br\/es\/wp-json\/wp\/v2\/posts\/754","targetHints":{"allow":["GET"]}}],"collection":[{"href":"https:\/\/clam.org.br\/es\/wp-json\/wp\/v2\/posts"}],"about":[{"href":"https:\/\/clam.org.br\/es\/wp-json\/wp\/v2\/types\/post"}],"author":[{"embeddable":true,"href":"https:\/\/clam.org.br\/es\/wp-json\/wp\/v2\/users\/1"}],"replies":[{"embeddable":true,"href":"https:\/\/clam.org.br\/es\/wp-json\/wp\/v2\/comments?post=754"}],"version-history":[{"count":0,"href":"https:\/\/clam.org.br\/es\/wp-json\/wp\/v2\/posts\/754\/revisions"}],"wp:attachment":[{"href":"https:\/\/clam.org.br\/es\/wp-json\/wp\/v2\/media?parent=754"}],"wp:term":[{"taxonomy":"category","embeddable":true,"href":"https:\/\/clam.org.br\/es\/wp-json\/wp\/v2\/categories?post=754"},{"taxonomy":"post_tag","embeddable":true,"href":"https:\/\/clam.org.br\/es\/wp-json\/wp\/v2\/tags?post=754"}],"curies":[{"name":"wp","href":"https:\/\/api.w.org\/{rel}","templated":true}]}}