{"id":776,"date":"2007-09-05T00:00:00","date_gmt":"2007-09-05T03:00:00","guid":{"rendered":"https:\/\/clam.org.br\/es\/2007\/09\/05\/clam-en-congreso-de-lasa\/"},"modified":"2007-09-05T00:00:00","modified_gmt":"2007-09-05T03:00:00","slug":"clam-en-congreso-de-lasa","status":"publish","type":"post","link":"https:\/\/clam.org.br\/es\/noticias-clam\/clam-en-congreso-de-lasa\/776\/","title":{"rendered":"CLAM en Congreso de LASA"},"content":{"rendered":"<p><P>Con el objeto de promover el debate, las investigaciones y la reflexi\u00f3n sobre una perspectiva de derechos en el campo de la sexualidad, a trav\u00e9s de la diseminaci\u00f3n de los resultados de sus investigaciones y proyectos de formaci\u00f3n en el \u00e1rea, el Centro Latinoamericano de Sexualidad y Derechos Humanos, CLAM, ha organizado una serie de actividades en el XXVII Congreso Internacional de la Asociaci\u00f3n de Estudios Latinoamericanos, LASA, a desarrollarse en Montr\u00e9al entre el 5 y el 8 de septiembre. <\/P> <P>La propuesta incluye un taller del \u00e1rea de Formaci\u00f3n <EM>(track Education, Pedagogy and Educational Policies)<\/EM>, un panel del \u00e1rea Saberes sobre la Sexualidad <EM>(track Health, Medicine and Body Politics) <\/EM>y un panel doble del \u00e1rea Derechos <EM>(track Citizenship, Rights and Social Justice)<\/EM> del CLAM. Las mesas combinan la presencia de investigadores que llevan a cabo los proyectos del CLAM en varios pa\u00edses de la regi\u00f3n con la de colegas que realizan investigaciones y proyectos de formaci\u00f3n afines, a fin de promover la interlocuci\u00f3n y propiciar futuros intercambios, potenciando el impacto de nuestras acciones en toda la regi\u00f3n.<\/P> <P><B>Perspectivas de la formaci\u00f3n en g\u00e9nero y sexualidad en Am\u00e9rica Latina. Experiencias y propuestas para la acci\u00f3n<\/P> <P>Workshop<BR>  <P><\/B>Mi\u00e9rcoles 5 de septiembre, 6:00 &#8211; 7:45 pm, Sal\u00f3n Fundy (Hilton)<BR>  <P>El \u00e1mbito de la educaci\u00f3n es considerado clave para la promoci\u00f3n del ejercicio de los derechos sexuales. Este taller propone reflexionar sobre el desaf\u00edo de introducir perspectivas transformadoras de las pr\u00e1cticas educativas en instituciones de diferentes niveles de ense\u00f1anza. Ser\u00e1n expuestas experiencias innovadoras en la formaci\u00f3n de docentes y otros profesionales en tem\u00e1ticas de g\u00e9nero, sexualidad y diversidad.<BR>  <P>Organizador: Horacio S\u00edvori,<BR>  <P>Centro Latinoamericano de Sexualidad y Derechos Humanos \/ IMS-UERJ<BR>  <P>Coordinadora: Adriana Ortiz Ortega, Colegio de M\u00e9xico<BR>  <P>M\u00f3nica Gogna, CEDES, Argentina<BR>  <P>Haciendo camino al andar: G\u00e9nero y sexualidades en laeducaci\u00f3n universitaria.<BR>  <P>La presentaci\u00f3n plantear\u00e1 algunas estrategias posibles para introducir a diversas audiencias (m\u00e9dic@s, cientistas sociales, psic\u00f3log@as, etc.) en la tem\u00e1tica de \u00absexualidades y g\u00e9nero\u00bb desde una perspectiva de derechos humanos y evaluar\u00e1 la recepci\u00f3n de los contenidos y pedagog\u00edas por parte de los estudiantes. M\u00e1s globlamente pretende visibilizar la necesidad de reflexionar acerca de la perspectiva m\u00e1s apropiada para llevar adelante esta tarea en contextos en los cuales todav\u00eda existe una marcada desigualdad de poder\/prestigio entre disciplinas y expertises.<BR>  <P>Fab\u00edola Rohden, CLAM\/IMS-UERJ, Brasil<BR>  <P>G\u00eanero e Diversidade na Escola: uma experi\u00eancia inovadora na educa\u00e7\u00e3o brasileira<BR>  <P>O trabalho analisa a elabora\u00e7\u00e3o e implementa\u00e7\u00e3o do curso \u00abG\u00eanero e Diversidade na Escola\u00bb, que visa \u00e0 forma\u00e7\u00e3o de educadores e educadoras da rede p\u00fablica que atuam entre a 5\u00aa. e 8\u00aa. s\u00e9ries do ensino fundamental em seis munic\u00edpios brasileiros. O curso aborda as tem\u00e1ticas de g\u00eanero, sexualidade e igualdade \u00e9tnico-racial. A proposta principal \u00e9 fornecer elementos para transformar as pr\u00e1ticas de ensino, desconstruir preconceitos e romper o ciclo de sua reprodu\u00e7\u00e3o pela escola.<BR>  <P>Soledad Falabella, ESE.O, Chile<BR>  <P>En esta presentaci\u00f3n ser\u00e1 explorado el potencial de la plataforma virtual como herramienta de intercambio intelectual y metodol\u00f3gico para la formaci\u00f3n en el terreno de las sexualidades. Se plantear\u00e1 el grado actual de avance en el desarrollo de herramientas adaptadas a ese fin, haciendo hincapi\u00e9 en los particulares desaf\u00edos y los aportes de este medio para formar profesionales en las tem\u00e1ticas de g\u00e9nero, sexualidad y diversidad.<BR>  <P>Comentarios:<BR>  <P>Teresa Vald\u00e9s, Centro de Estudios de la Mujer, Chile<BR>  <P>Adriana Leona Rosales, Colegio de M\u00e9xico<BR>  <P>Clara Sandoval, Universidad Peruana Cayetano Heredia<BR>  <P><B>Panel<BR>  <P>Sexualidad y Conocimiento Cient\u00edfico en Am\u00e9rica Latina: Campos Disciplinarios, Intervenciones T\u00e9cnicas y Debates \u00c9ticos. <\/B> <P>Jueves 6 de septiembre, 8:00 &#8211; 9:45 am, Sal\u00f3n Hampstead (Hotel Hilton)<BR>  <P>Son analizadas teor\u00edas y pr\u00e1cticas cient\u00edficas y la conformaci\u00f3n de los campos de disciplinas que recortan la sexualidad como objeto de conocimiento e intervenci\u00f3n, en particular la sexolog\u00eda, los saberes psi, y las ciencias sociales. Son exploradas las convenciones presentes en la producci\u00f3n y los debates contempor\u00e1neos de esas disciplinas en cuatro pa\u00edses, considerando su incidencia en la formulaci\u00f3n de nuevas regulaciones.<BR>  <P>Organizador: Horacio S\u00edvori,<BR>  <P>Centro Latinoamericano de Sexualidad y Derechos Humanos \/ IMS-UERJ<BR>  <P>Coordinador: Luiz Fernando Dias Duarte, UFRJ\/MN<BR>  <P>Sexualidade, fam\u00edlia e religi\u00e3o na cultura urbana brasileira: compara\u00e7\u00f5es anal\u00edticas e confrontos emp\u00edricos.<BR>  <P>Luiz Fernando Dias Duarte, UFRJ\/MN, Brasil<BR>  <P>Trata-se de apresentar um quadro abrangente, baseado em pesquisa original e na literatura recente, sobre a complexa e conflituosa din\u00e2mica de gest\u00e3o da vida privada nos diferentes segmentos da vida social urbana brasileira, \u00e0 luz de alguns temas privilegiados das an\u00e1lises sociol\u00f3gicas. O objetivo central \u00e9 o de demonstrar como os pressupostos ideol\u00f3gicos que sustentam tais an\u00e1lises impedem a melhor compreens\u00e3o das din\u00e2micas culturais em curso nesse universo.<BR>  <P>Defini\u00e7\u00f5es em disputa na sexologia contempor\u00e2nea: uma compara\u00e7\u00e3o entre Brasil e Argentina<BR>  <P>Jane Russo, CLAM-IMS\/UERJ, Brasil<BR>  <P>O ressurgimento global da sexologia nas \u00faltimas d\u00e9cadas do s\u00e9culo XX \u00e9 um fato ineg\u00e1vel. No lugar dos antigos \u00abdesvios\u00bb sexuais a sexologia contempor\u00e2nea se volta para a sexualidade \u00abnormal\u00bb, tendo como premissa a concep\u00e7\u00e3o de uma necessidade sexual \u00abnatural\u00bb, e um ideal de prazer e performance a ser alcan\u00e7ado. Pretendo, a partir de um mapeamento preliminar do campo atual da sexologia na Argentina e no Brasil, analisar a tens\u00e3o existente entre m\u00e9dicos e n\u00e3o-m\u00e9dicos no que tange \u00e0 pr\u00e1tica da sexologia nesses pa\u00edses, envolvendo tanto a difus\u00e3o das drogas pro-sex quanto defini\u00e7\u00f5es b\u00e1sicas acerca da sa\u00fade e do bem-estar sexual.<BR>  <P>Disciplinas permeables: las regulaciones del campo psi en torno de la homosexualidad en la Argentina.<BR>  <P>Horacio S\u00edvori, CLAM, IMS\/UERJ, Argentina\/Brasil<BR>  <P>En una perspectiva etnogr\u00e1fica, este trabajo interroga los peculiares lugares que la disidencia sexual viene ocupando para psicoanalistas, psiquiatras y psicoterapeutas en la Argentina, en funci\u00f3n de los procesos de segmentaci\u00f3n de sus campos disciplinarios y de la permeabilidad de estos \u00faltimos con relaci\u00f3n a debates y nuevas regulaciones surgidas en esferas p\u00fablicas de alcance mayor.<BR>  <P>Comentarios: Ivonne Szasz, Colegio de M\u00e9xico<BR>  <P><B>Panel<BR>  <P>Derechos sexuales en Am\u00e9rica Latina<\/B>  <P>Jueves 6 de septiembre, 8:00 &#8211; 9:45 am y 10 &#8211; 11:45, Sal\u00f3n P\u00e9ribonka (Hilton)<BR>  <P>Investigaciones emprendidas en seis pa\u00edses acerca de la construcci\u00f3n de los llamados derechos sexuales y reproductivos interrogan las relaciones entre sexualidad y derechos humanos, as\u00ed como con el panorama del sistema pol\u00edtico y del escenario social en tem\u00e1ticas como la igualdad civil y conyugalidad, orientaci\u00f3n sexual e identidad de g\u00e9nero, sexualidad y reproducci\u00f3n, aborto, violencia de g\u00e9nero y explotaci\u00f3n sexual, VIH\/sida, prostituci\u00f3n y trabajo sexual.<BR>  <P>Organizadores: S\u00e9rgio Carrara y Horacio S\u00edvori,<BR>  <P>Centro Latinoamericano de Sexualidad y Derechos Humanos \/IMS-UERJ<BR>  <P><B>Parte 1 &ndash; Panorama del derecho y las pol\u00edticas p\u00fablicas<\/B>  <P>Coordinador: Mario Pecheny, UBA<BR>  <P>Expositores<BR>  <P>M\u00f3nica Petracci, CEDES, Argentina<BR>  <P>Sexualidad y derechos humanos en la Argentina: logros y deudas pendientes.<BR>  <P>La liberalizaci\u00f3n pol\u00edtica y la continuidad democr\u00e1tica desde 1983 constituyeron un marco favorable para incluir derechos de diverso tipo en las agendas p\u00fablica y pol\u00edtica. El objetivo es presentar el recorrido de los logros, y principalmente de las deudas pendientes, en igualdad civil y conyugalidad, orientaci\u00f3n sexual e identidad de g\u00e9nero, sexualidad y reproducci\u00f3n, aborto, violencia de g\u00e9nero, VIH\/sida y explotaci\u00f3n sexual, a trav\u00e9s del an\u00e1lisis del sistema pol\u00edtico y del escenario social desde 1983.<BR>  <P>Pedro Morales, Medilex, M\u00e9xico<BR>  <P>Los derechos sexuales desde una perspectiva jur\u00eddica. El caso de M\u00e9xico.<BR>  <P>Se analiza la situaci\u00f3n de los derechos sexuales y la regulaci\u00f3n de la sexualidad por parte del ordenamiento jur\u00eddico mexicano, desde la perspectiva de la legislaci\u00f3n y los precedentes judiciales existentes. Asimismo, se identifican los logros alcanzados y los obst\u00e1culos que impiden la plena concreci\u00f3n normativa de los derechos sexuales, y se propone una estrategia para fomentar su desarrollo normativo y alcanzar una mayor apropiaci\u00f3n social de tales derechos.<BR>  <P>Adriana Vianna, UFRJ\/MN, Brasil<BR>  <P>O processo de constru\u00e7\u00e3o dos direitos sexuais como direitos humanos na Am\u00e9rica Latina: considera\u00e7\u00f5es a partir da experi\u00eancia brasileira.<BR>  <P>&#8194; Essa apresenta\u00e7\u00e3o busca avan\u00e7ar nas discuss\u00f5es sobre a constru\u00e7\u00e3o dos direitos sexuais na Am\u00e9rica Latina interrogando-se sobre suas rela\u00e7\u00f5es com os processos de redemocratiza\u00e7\u00e3o no continente, em especial no que diz respeito \u00e0s rela\u00e7\u00f5es entre movimentos sociais e Estados nacionais. Para tanto, partir\u00e1 sobretudo do panorama brasileiro, enfatizando a trajet\u00f3ria dos movimentos feminista e GLBT, estabelecendo, por\u00e9m, conex\u00f5es com o que vem sendo trazido \u00e0 discuss\u00e3o por investigadores de outros pa\u00edses.<BR>  <P>Mario Pecheny, UBA, Argentina<BR>  <P>Democratizaci\u00f3n pol\u00edtica y democratizaci\u00f3n sexual en Am\u00e9rica Latina<BR>  <P>En el art\u00edculo se problematiza la relaci\u00f3n entre sexualidades y derechos, a la luz de una serie de temas sexuales que son objeto de regulaci\u00f3n legislativa-jur\u00eddica y de demanda de derechos en varios pa\u00edses latinoamericanos, de manera comparada. El an\u00e1lisis muestra que en la regi\u00f3n ha habido avances significativos en la direcci\u00f3n de una mayor libertad e igualdad en relaci\u00f3n con el sexo, el g\u00e9nero, la orientaci\u00f3n sexual y la identidad de g\u00e9nero, al tiempo que se hacen cada vez m\u00e1s evidentes las tensiones y l\u00edmites de pensar el terreno de las sexualidades y las subjetividades sexuales en t\u00e9rminos normativo-legales, en el lenguaje de derechos.<BR>  <P>Comentarios: Juan Marsiaj, U Toronto<BR>  <P><B>Parte 2 &ndash; Procesos sociales<\/B>  <P>Coordinador: Sergio Carrara, CLAM\/IMS-UERJ<BR>  <P>Expositores<BR>  <P>Procesos subjetivos de ciudadan\u00eda sexual en M\u00e9xico.<BR>  <P>Ana Amuch\u00e1stegui, UNAM-Xochimilco, M\u00e9xico<BR>  <P>A partir de investigaciones cualitativas sobre la construcci\u00f3n social de la sexualidad en M\u00e9xico, esta ponencia pretende explorar algunos procesos culturales y sociales que parecen intervenir en la posibilidad de un sentido de ciudadan\u00eda sexual entre hombres y mujeres de diferentes grupos sociales. Se analizan distintos procesos subjetivos de autorizaci\u00f3n del deseo a la luz de instituciones heteronormativas como el d\u00e9bito conyugal y el amor rom\u00e1ntico.<BR>  <P>Normalizaci\u00f3n y Conflicto en las Pol\u00edticas GLTTBI de Am\u00e9rica Latina<BR>  <P>Carlos F\u00edgari, UN Catamarca, Argentina<BR>  <P>Los procesos de normalizaci\u00f3n GLTTBI, entendiendo por estos un mayor nivel de aceptaci\u00f3n que permitir\u00eda ampliar demandas de reconocimiento y derechos de ciudadan\u00eda, se dan en Am\u00e9rica Latina en los particulares contextos derivados de las profundas diferencias de su modernizaci\u00f3n. Desentra\u00f1ar los problemas y contradicciones de estos procesos implica preguntarse \u00bfqu\u00e9 significan y porque se producen en contextos culturales fuertemente homof\u00f3bicos? Es decir, a qu\u00e9 intereses sirven tales regulaciones, o explicar el porqu\u00e9 de la paradoja latinoamericana, entre institucionalizaci\u00f3n de derechos y represi\u00f3n cultural.<BR>  <P>Comentarios: Rafael De la Dehesa, CLAGS\/CUNY<BR>  <P>Para m\u00e1s informaci\u00f3n y programa completo del Congreso haga <a href=\"http:\/\/lasa.international.pitt.edu\/congress\/about.html\" target=\"_blank\" rel=\"noopener\">click aqu\u00ed <\/A><\/P><\/p>\n","protected":false},"excerpt":{"rendered":"<p>Durante el XXVII Congreso Internacional de la Asociaci\u00f3n de Estudios Latinoamericanos, LASA, investigadores del Centro Latino Americano de Sexualidad y Derechos Humanos, CLAM, llevar\u00e1n a cabo&nbsp;un taller y dos paneles.<\/p>\n","protected":false},"author":1,"featured_media":0,"comment_status":"open","ping_status":"open","sticky":false,"template":"","format":"standard","meta":{"_acf_changed":false,"site-sidebar-layout":"default","site-content-layout":"default","ast-global-header-display":"","ast-main-header-display":"","ast-hfb-above-header-display":"","ast-hfb-below-header-display":"","ast-hfb-mobile-header-display":"","site-post-title":"","ast-breadcrumbs-content":"","ast-featured-img":"","footer-sml-layout":"","theme-transparent-header-meta":"","adv-header-id-meta":"","stick-header-meta":"","header-above-stick-meta":"","header-main-stick-meta":"","header-below-stick-meta":"","_jetpack_memberships_contains_paid_content":false,"footnotes":""},"categories":[7],"tags":[],"class_list":["post-776","post","type-post","status-publish","format-standard","hentry","category-noticias-clam"],"acf":[],"yoast_head":"<!-- This site is optimized with the Yoast SEO plugin v26.1.1 - https:\/\/yoast.com\/wordpress\/plugins\/seo\/ -->\n<title>CLAM en Congreso de LASA - CLAM - ES<\/title>\n<meta name=\"robots\" content=\"index, follow, max-snippet:-1, max-image-preview:large, max-video-preview:-1\" \/>\n<link rel=\"canonical\" href=\"https:\/\/clam.org.br\/es\/noticias-clam\/clam-en-congreso-de-lasa\/776\/\" \/>\n<meta property=\"og:locale\" content=\"es_ES\" \/>\n<meta property=\"og:type\" content=\"article\" \/>\n<meta property=\"og:title\" content=\"CLAM en Congreso de LASA - CLAM - ES\" \/>\n<meta property=\"og:description\" content=\"Durante el XXVII Congreso Internacional de la Asociaci\u00f3n de Estudios Latinoamericanos, LASA, investigadores del Centro Latino Americano de Sexualidad y Derechos Humanos, CLAM, llevar\u00e1n a cabo&nbsp;un taller y dos paneles.\" \/>\n<meta property=\"og:url\" content=\"https:\/\/clam.org.br\/es\/noticias-clam\/clam-en-congreso-de-lasa\/776\/\" \/>\n<meta property=\"og:site_name\" content=\"CLAM - ES\" \/>\n<meta property=\"article:published_time\" content=\"2007-09-05T03:00:00+00:00\" \/>\n<meta name=\"author\" content=\"fw2\" \/>\n<meta name=\"twitter:card\" content=\"summary_large_image\" \/>\n<meta name=\"twitter:label1\" content=\"Escrito por\" \/>\n\t<meta name=\"twitter:data1\" content=\"fw2\" \/>\n\t<meta name=\"twitter:label2\" content=\"Tiempo de lectura\" \/>\n\t<meta name=\"twitter:data2\" content=\"9 minutos\" \/>\n<script type=\"application\/ld+json\" class=\"yoast-schema-graph\">{\"@context\":\"https:\/\/schema.org\",\"@graph\":[{\"@type\":\"WebPage\",\"@id\":\"https:\/\/clam.org.br\/es\/noticias-clam\/clam-en-congreso-de-lasa\/776\/\",\"url\":\"https:\/\/clam.org.br\/es\/noticias-clam\/clam-en-congreso-de-lasa\/776\/\",\"name\":\"CLAM en Congreso de LASA - CLAM - ES\",\"isPartOf\":{\"@id\":\"https:\/\/clam.org.br\/es\/#website\"},\"datePublished\":\"2007-09-05T03:00:00+00:00\",\"author\":{\"@id\":\"https:\/\/clam.org.br\/es\/#\/schema\/person\/fbd9a86032bf7479f94b0ded196f1010\"},\"breadcrumb\":{\"@id\":\"https:\/\/clam.org.br\/es\/noticias-clam\/clam-en-congreso-de-lasa\/776\/#breadcrumb\"},\"inLanguage\":\"es\",\"potentialAction\":[{\"@type\":\"ReadAction\",\"target\":[\"https:\/\/clam.org.br\/es\/noticias-clam\/clam-en-congreso-de-lasa\/776\/\"]}]},{\"@type\":\"BreadcrumbList\",\"@id\":\"https:\/\/clam.org.br\/es\/noticias-clam\/clam-en-congreso-de-lasa\/776\/#breadcrumb\",\"itemListElement\":[{\"@type\":\"ListItem\",\"position\":1,\"name\":\"In\u00edcio\",\"item\":\"https:\/\/clam.org.br\/es\/\"},{\"@type\":\"ListItem\",\"position\":2,\"name\":\"CLAM en Congreso de LASA\"}]},{\"@type\":\"WebSite\",\"@id\":\"https:\/\/clam.org.br\/es\/#website\",\"url\":\"https:\/\/clam.org.br\/es\/\",\"name\":\"CLAM - ES\",\"description\":\"S\u00f3 mais um site CLAM - Centro Latino-Americano em Sexualidade e Direitos Humanos sites\",\"potentialAction\":[{\"@type\":\"SearchAction\",\"target\":{\"@type\":\"EntryPoint\",\"urlTemplate\":\"https:\/\/clam.org.br\/es\/?s={search_term_string}\"},\"query-input\":{\"@type\":\"PropertyValueSpecification\",\"valueRequired\":true,\"valueName\":\"search_term_string\"}}],\"inLanguage\":\"es\"},{\"@type\":\"Person\",\"@id\":\"https:\/\/clam.org.br\/es\/#\/schema\/person\/fbd9a86032bf7479f94b0ded196f1010\",\"name\":\"fw2\",\"image\":{\"@type\":\"ImageObject\",\"inLanguage\":\"es\",\"@id\":\"https:\/\/clam.org.br\/es\/#\/schema\/person\/image\/\",\"url\":\"https:\/\/secure.gravatar.com\/avatar\/c38472c0cdbde82d9b6fcc26adb3779d?s=96&d=mm&r=g\",\"contentUrl\":\"https:\/\/secure.gravatar.com\/avatar\/c38472c0cdbde82d9b6fcc26adb3779d?s=96&d=mm&r=g\",\"caption\":\"fw2\"},\"sameAs\":[\"https:\/\/clam.fw2web.com.br\"],\"url\":\"https:\/\/clam.org.br\/es\/author\/fw2\/\"}]}<\/script>\n<!-- \/ Yoast SEO plugin. -->","yoast_head_json":{"title":"CLAM en Congreso de LASA - CLAM - ES","robots":{"index":"index","follow":"follow","max-snippet":"max-snippet:-1","max-image-preview":"max-image-preview:large","max-video-preview":"max-video-preview:-1"},"canonical":"https:\/\/clam.org.br\/es\/noticias-clam\/clam-en-congreso-de-lasa\/776\/","og_locale":"es_ES","og_type":"article","og_title":"CLAM en Congreso de LASA - CLAM - ES","og_description":"Durante el XXVII Congreso Internacional de la Asociaci\u00f3n de Estudios Latinoamericanos, LASA, investigadores del Centro Latino Americano de Sexualidad y Derechos Humanos, CLAM, llevar\u00e1n a cabo&nbsp;un taller y dos paneles.","og_url":"https:\/\/clam.org.br\/es\/noticias-clam\/clam-en-congreso-de-lasa\/776\/","og_site_name":"CLAM - ES","article_published_time":"2007-09-05T03:00:00+00:00","author":"fw2","twitter_card":"summary_large_image","twitter_misc":{"Escrito por":"fw2","Tiempo de lectura":"9 minutos"},"schema":{"@context":"https:\/\/schema.org","@graph":[{"@type":"WebPage","@id":"https:\/\/clam.org.br\/es\/noticias-clam\/clam-en-congreso-de-lasa\/776\/","url":"https:\/\/clam.org.br\/es\/noticias-clam\/clam-en-congreso-de-lasa\/776\/","name":"CLAM en Congreso de LASA - CLAM - ES","isPartOf":{"@id":"https:\/\/clam.org.br\/es\/#website"},"datePublished":"2007-09-05T03:00:00+00:00","author":{"@id":"https:\/\/clam.org.br\/es\/#\/schema\/person\/fbd9a86032bf7479f94b0ded196f1010"},"breadcrumb":{"@id":"https:\/\/clam.org.br\/es\/noticias-clam\/clam-en-congreso-de-lasa\/776\/#breadcrumb"},"inLanguage":"es","potentialAction":[{"@type":"ReadAction","target":["https:\/\/clam.org.br\/es\/noticias-clam\/clam-en-congreso-de-lasa\/776\/"]}]},{"@type":"BreadcrumbList","@id":"https:\/\/clam.org.br\/es\/noticias-clam\/clam-en-congreso-de-lasa\/776\/#breadcrumb","itemListElement":[{"@type":"ListItem","position":1,"name":"In\u00edcio","item":"https:\/\/clam.org.br\/es\/"},{"@type":"ListItem","position":2,"name":"CLAM en Congreso de LASA"}]},{"@type":"WebSite","@id":"https:\/\/clam.org.br\/es\/#website","url":"https:\/\/clam.org.br\/es\/","name":"CLAM - ES","description":"S\u00f3 mais um site CLAM - Centro Latino-Americano em Sexualidade e Direitos Humanos sites","potentialAction":[{"@type":"SearchAction","target":{"@type":"EntryPoint","urlTemplate":"https:\/\/clam.org.br\/es\/?s={search_term_string}"},"query-input":{"@type":"PropertyValueSpecification","valueRequired":true,"valueName":"search_term_string"}}],"inLanguage":"es"},{"@type":"Person","@id":"https:\/\/clam.org.br\/es\/#\/schema\/person\/fbd9a86032bf7479f94b0ded196f1010","name":"fw2","image":{"@type":"ImageObject","inLanguage":"es","@id":"https:\/\/clam.org.br\/es\/#\/schema\/person\/image\/","url":"https:\/\/secure.gravatar.com\/avatar\/c38472c0cdbde82d9b6fcc26adb3779d?s=96&d=mm&r=g","contentUrl":"https:\/\/secure.gravatar.com\/avatar\/c38472c0cdbde82d9b6fcc26adb3779d?s=96&d=mm&r=g","caption":"fw2"},"sameAs":["https:\/\/clam.fw2web.com.br"],"url":"https:\/\/clam.org.br\/es\/author\/fw2\/"}]}},"jetpack_featured_media_url":"","jetpack_sharing_enabled":true,"_links":{"self":[{"href":"https:\/\/clam.org.br\/es\/wp-json\/wp\/v2\/posts\/776","targetHints":{"allow":["GET"]}}],"collection":[{"href":"https:\/\/clam.org.br\/es\/wp-json\/wp\/v2\/posts"}],"about":[{"href":"https:\/\/clam.org.br\/es\/wp-json\/wp\/v2\/types\/post"}],"author":[{"embeddable":true,"href":"https:\/\/clam.org.br\/es\/wp-json\/wp\/v2\/users\/1"}],"replies":[{"embeddable":true,"href":"https:\/\/clam.org.br\/es\/wp-json\/wp\/v2\/comments?post=776"}],"version-history":[{"count":0,"href":"https:\/\/clam.org.br\/es\/wp-json\/wp\/v2\/posts\/776\/revisions"}],"wp:attachment":[{"href":"https:\/\/clam.org.br\/es\/wp-json\/wp\/v2\/media?parent=776"}],"wp:term":[{"taxonomy":"category","embeddable":true,"href":"https:\/\/clam.org.br\/es\/wp-json\/wp\/v2\/categories?post=776"},{"taxonomy":"post_tag","embeddable":true,"href":"https:\/\/clam.org.br\/es\/wp-json\/wp\/v2\/tags?post=776"}],"curies":[{"name":"wp","href":"https:\/\/api.w.org\/{rel}","templated":true}]}}