{"id":799,"date":"2006-08-14T00:00:00","date_gmt":"2006-08-14T03:00:00","guid":{"rendered":"https:\/\/clam.org.br\/es\/2006\/08\/14\/derecho-al-aborto\/"},"modified":"2006-08-14T00:00:00","modified_gmt":"2006-08-14T03:00:00","slug":"derecho-al-aborto","status":"publish","type":"post","link":"https:\/\/clam.org.br\/es\/noticias-clam\/derecho-al-aborto\/799\/","title":{"rendered":"Derecho al aborto"},"content":{"rendered":"<p>Especialistas de toda Am\u00e9rica Latina y m\u00e1s de doscientas mujeres de toda la Argentina participaron del Seminario Internacional &ldquo;Aborto, derechos, subjetividad y poder&rdquo;, que se realiz\u00f3 en Buenos Aires los d\u00edas 3 y 4 de agosto, organizado por la <a href=\"http:\/\/www.derechoalaborto.org.ar\/\" target=\"_blank\" rel=\"noopener\">Campa\u00f1a Nacional por el Derecho al Aborto Legal, Seguro y Gratuito<\/A>. El evento, que tuvo lugar en un recinto perteneciente a la C\u00e1mara de Diputados de la Naci\u00f3n, cont\u00f3 con la participaci\u00f3n del Movimiento de Mujeres, que en Argentina apoya la campa\u00f1a, y de numerosos especialistas extranjeros.<BR>  <P>El seminario internacional y la campa\u00f1a, identificada con el s\u00edmbolo del pa\u00f1uelo verde, adquirieron singular relevancia p\u00fablica a trav\u00e9s de los medios de comunicaci\u00f3n nacionales, debido a que en la misma semana se hab\u00eda producido la negativa del Comit\u00e9 de \u00c9tica de un Hospital de La Plata, provincia de Buenos Aires, a practicar un aborto legal. Se trataba del caso de una joven con problemas mentales que hab\u00eda sido violada y a cuya demanda la Corte Suprema Provincial hab\u00eda dado curso positivo, aunque de manera tard\u00eda luego de que el caso recorriera diversas instancias judiciales.<BR>  <P>Ante ese escenario, la intervenci\u00f3n de la abogada colombiana M\u00f3nica Roa, que particip\u00f3 del panel &ldquo;Diferentes estrategias para el acceso al aborto legal, seguro y gratuito&rdquo;, fue una de las m\u00e1s esperadas. En su intervenci\u00f3n, Roa mencion\u00f3 la estrategia de articulaci\u00f3n con el Movimiento de Mujeres que se llev\u00f3 adelante en Colombia acompa\u00f1ando el caso de despenalizaci\u00f3n del aborto que ella present\u00f3 en 2005 ante la Corte Constitucional de ese pa\u00eds. Hubo que esperar hasta mayo de este a\u00f1o, cuando la Corte se expidi\u00f3 decidiendo que el aborto en Colombia deja de ser penalizado en tres casos: si la vida o la salud de la mujer corre peligro, si hay grave malformaci\u00f3n del feto, o si ha sido violada u objeto de inseminaci\u00f3n artificial no consentida o en caso de incesto. Refiri\u00e9ndose al caso colombiano, la abogada relat\u00f3 como la articulaci\u00f3n con el movimiento de mujeres fue central en el proceso, ya que permiti\u00f3 que se pase de las marchas frente a la Catedral a las vigilias en la Corte Constitucional, \u00e1mbito de la justicia donde se resolv\u00eda el tema.<BR>  <P>En Colombia el Movimiento de Mujeres llev\u00f3 su protesta al espacio de la justicia, desplazando la confrontaci\u00f3n con la iglesia y quit\u00e1ndole, por lo tanto, la voz con que esa instituci\u00f3n interviene en estos debates. El punto de vista expuesto por M\u00f3nica Roa levanto pol\u00e9micas en el auditorio, hecho que se\u00f1ala las particularidades nacionales y locales que deben ser tenidas en cuenta no s\u00f3lo a la hora de formular estrategias, sino tambi\u00e9n para generar condiciones que hagan posible el intercambio. Refiri\u00e9ndose al caso argentino la abogada colombiana asegur\u00f3 que se esta en condiciones de elevar el caso a la Corte Internacional, habida cuenta de que Argentina ha firmado compromisos internacionales en dicho sentido.<BR>  <P>En el mismo panel, Estela D\u00edaz, integrante de la mesa coordinadora de la Campa\u00f1a Nacional relat\u00f3 c\u00f3mo se ha desarrollado en Argentina el proceso cuyo objetivo final, de plazo desconocido, es lograr el aborto legal seguro y gratuito en Argentina. Dos temas hoy capitales en la agenda de la Campa\u00f1a Nacional tienen que ver con los riesgos a los que est\u00e1n expuestas las mujeres: por un lado, mejorar la atenci\u00f3n post aborto y, por otro, el aumento en la utilizaci\u00f3n de medicamentos como recurso para inducir el aborto. Este \u00faltimo se est\u00e1 dando sin un verdadero conocimiento de las dosis que deben utilizarse, hecho que pone nuevamente en riesgo la salud de las mujeres.<BR>  <P>Uno de los hechos m\u00e1s valiosos que produjo el Seminario, adem\u00e1s de la participaci\u00f3n de mujeres del interior del pa\u00eds, se\u00f1alando as\u00ed la verdadera dimensi\u00f3n de la campa\u00f1a, fue la participaci\u00f3n de mujeres pertenecientes a los movimientos sociales como las piqueteras, adem\u00e1s de las actoras tradicionales de las luchas por los derechos reproductivos. Las propias organizadoras se\u00f1alaron la importancia de la participaci\u00f3n de mujeres que por su situaci\u00f3n de pobreza est\u00e1n m\u00e1s expuestas al aborto inseguro que mujeres de otros sectores sociales. A la pr\u00e1ctica del aborto ilegal recurren mujeres de todas las clases sociales aunque quienes m\u00e1s expuestas est\u00e1n como resultado de las condiciones en que lo realizan son las que no tienen recursos para pagar una atenci\u00f3n de calidad.<BR>  <P>El Seminario Internacional fue auspiciado por HIVOS de Holanda y cont\u00f3 con conferencistas como Fatima Oliveira (m\u00e9dica, escritora y dirigente feminista, Brasil), Mar\u00eda Jos\u00e9 Rosado Nunes (soci\u00f3loga, fundadora de Cat\u00f3licas por el Derecho a Decidir, Brasil), Jefferson Drezett (m\u00e9dico obstetra -colaborador de Dr. An\u00edbal Fa\u00fandes-, Brasil), Ana Mar\u00eda Pizarro (m\u00e9dica gineco obstetra y dirigente feminista, Nicaragua), Rafael Sanseviero (ex Diputado, Uruguay), M\u00f3nica Roa (abogada, Colombia) y Hillie Molenaar (cineasta y documentalista sobre temas de derechos humanos y aborto, Holanda). Tambi\u00e9n participaron las Diputadas Nacionales Juliana Marino (Frente para la Victoria, Ciudad de Buenos Aires) y Silvia Augsburger (Socialista, Santa Fe), y la Coordinadora del Programa Nacional de Salud Sexual y Procreaci\u00f3n Responsable del Ministerio de Salud y Ambiente de la Naci\u00f3n, Valeria Isla. El Seminario Internacional se desarroll\u00f3 en el Auditorio de la C\u00e1mara de Diputados del Congreso de la Naci\u00f3n, aspecto valorado en el cierre de la actividad, a cargo de Marta Alanis, como una estrategia de acercamiento y sensibilizaci\u00f3n dirigido desde la campa\u00f1a al Parlamento.<BR>  <P>En las sesiones fueron abordados los aspectos filos\u00f3ficos, epistemol\u00f3gicos, pol\u00edticos y los argumentos jur\u00eddicos con relaci\u00f3n al derecho al aborto. Fue discutido el rol del Estado como garante de derechos, la ciudadan\u00eda, la democracia y el Estado Laico. Fue comentada la experiencia holandesa y la disminuci\u00f3n de la pr\u00e1ctica del aborto. Varias presentaciones tambi\u00e9n reflexionaron acerca del lugar del aborto en la subjetividad, as\u00ed como en los discursos de la religi\u00f3n, la medicina, los medios de comunicaci\u00f3n y la vida cotidiana. En otro bloque fueron discutidas diferentes estrategias para el acceso al aborto legal, seguro y gratuito. En todas las sesiones hubo planteos novedosos sobre un campo de conocimiento y pr\u00e1cticas sociales que esta siendo construido y saliendo a la luz en la medida en que el tema del aborto y de los derechos reproductivos gana legitimidad en la escena p\u00fablica. Cuestionamientos, an\u00e1lisis, debates y formulaci\u00f3n de estrategias fueron la marca de este importante seminario.<\/P><\/p>\n","protected":false},"excerpt":{"rendered":"<p>Especialistas de toda Am\u00e9rica Latina y m\u00e1s de doscientas mujeres de toda la Argentina participaron del Seminario Internacional &ldquo;Aborto, derechos, subjetividad y poder&rdquo;, organizado en Buenos Aires por la Campa\u00f1a Nacional por el Derecho al Aborto Legal, Seguro y Gratuito.<\/p>\n","protected":false},"author":1,"featured_media":0,"comment_status":"open","ping_status":"open","sticky":false,"template":"","format":"standard","meta":{"_acf_changed":false,"site-sidebar-layout":"default","site-content-layout":"default","ast-global-header-display":"","ast-main-header-display":"","ast-hfb-above-header-display":"","ast-hfb-below-header-display":"","ast-hfb-mobile-header-display":"","site-post-title":"","ast-breadcrumbs-content":"","ast-featured-img":"","footer-sml-layout":"","theme-transparent-header-meta":"","adv-header-id-meta":"","stick-header-meta":"","header-above-stick-meta":"","header-main-stick-meta":"","header-below-stick-meta":"","_jetpack_memberships_contains_paid_content":false,"footnotes":""},"categories":[7],"tags":[],"class_list":["post-799","post","type-post","status-publish","format-standard","hentry","category-noticias-clam"],"acf":[],"yoast_head":"<!-- This site is optimized with the Yoast SEO plugin v26.1.1 - https:\/\/yoast.com\/wordpress\/plugins\/seo\/ -->\n<title>Derecho al aborto - CLAM - ES<\/title>\n<meta name=\"robots\" content=\"index, follow, max-snippet:-1, max-image-preview:large, max-video-preview:-1\" \/>\n<link rel=\"canonical\" href=\"https:\/\/clam.org.br\/es\/noticias-clam\/derecho-al-aborto\/799\/\" \/>\n<meta property=\"og:locale\" content=\"es_ES\" \/>\n<meta property=\"og:type\" content=\"article\" \/>\n<meta property=\"og:title\" content=\"Derecho al aborto - CLAM - ES\" \/>\n<meta property=\"og:description\" content=\"Especialistas de toda Am\u00e9rica Latina y m\u00e1s de doscientas mujeres de toda la Argentina participaron del Seminario Internacional &ldquo;Aborto, derechos, subjetividad y poder&rdquo;, organizado en Buenos Aires por la Campa\u00f1a Nacional por el Derecho al Aborto Legal, Seguro y Gratuito.\" \/>\n<meta property=\"og:url\" content=\"https:\/\/clam.org.br\/es\/noticias-clam\/derecho-al-aborto\/799\/\" \/>\n<meta property=\"og:site_name\" content=\"CLAM - ES\" \/>\n<meta property=\"article:published_time\" content=\"2006-08-14T03:00:00+00:00\" \/>\n<meta name=\"author\" content=\"fw2\" \/>\n<meta name=\"twitter:card\" content=\"summary_large_image\" \/>\n<meta name=\"twitter:label1\" content=\"Escrito por\" \/>\n\t<meta name=\"twitter:data1\" content=\"fw2\" \/>\n\t<meta name=\"twitter:label2\" content=\"Tiempo de lectura\" \/>\n\t<meta name=\"twitter:data2\" content=\"6 minutos\" \/>\n<script type=\"application\/ld+json\" class=\"yoast-schema-graph\">{\"@context\":\"https:\/\/schema.org\",\"@graph\":[{\"@type\":\"WebPage\",\"@id\":\"https:\/\/clam.org.br\/es\/noticias-clam\/derecho-al-aborto\/799\/\",\"url\":\"https:\/\/clam.org.br\/es\/noticias-clam\/derecho-al-aborto\/799\/\",\"name\":\"Derecho al aborto - CLAM - ES\",\"isPartOf\":{\"@id\":\"https:\/\/clam.org.br\/es\/#website\"},\"datePublished\":\"2006-08-14T03:00:00+00:00\",\"author\":{\"@id\":\"https:\/\/clam.org.br\/es\/#\/schema\/person\/fbd9a86032bf7479f94b0ded196f1010\"},\"breadcrumb\":{\"@id\":\"https:\/\/clam.org.br\/es\/noticias-clam\/derecho-al-aborto\/799\/#breadcrumb\"},\"inLanguage\":\"es\",\"potentialAction\":[{\"@type\":\"ReadAction\",\"target\":[\"https:\/\/clam.org.br\/es\/noticias-clam\/derecho-al-aborto\/799\/\"]}]},{\"@type\":\"BreadcrumbList\",\"@id\":\"https:\/\/clam.org.br\/es\/noticias-clam\/derecho-al-aborto\/799\/#breadcrumb\",\"itemListElement\":[{\"@type\":\"ListItem\",\"position\":1,\"name\":\"In\u00edcio\",\"item\":\"https:\/\/clam.org.br\/es\/\"},{\"@type\":\"ListItem\",\"position\":2,\"name\":\"Derecho al aborto\"}]},{\"@type\":\"WebSite\",\"@id\":\"https:\/\/clam.org.br\/es\/#website\",\"url\":\"https:\/\/clam.org.br\/es\/\",\"name\":\"CLAM - ES\",\"description\":\"S\u00f3 mais um site CLAM - Centro Latino-Americano em Sexualidade e Direitos Humanos sites\",\"potentialAction\":[{\"@type\":\"SearchAction\",\"target\":{\"@type\":\"EntryPoint\",\"urlTemplate\":\"https:\/\/clam.org.br\/es\/?s={search_term_string}\"},\"query-input\":{\"@type\":\"PropertyValueSpecification\",\"valueRequired\":true,\"valueName\":\"search_term_string\"}}],\"inLanguage\":\"es\"},{\"@type\":\"Person\",\"@id\":\"https:\/\/clam.org.br\/es\/#\/schema\/person\/fbd9a86032bf7479f94b0ded196f1010\",\"name\":\"fw2\",\"image\":{\"@type\":\"ImageObject\",\"inLanguage\":\"es\",\"@id\":\"https:\/\/clam.org.br\/es\/#\/schema\/person\/image\/\",\"url\":\"https:\/\/secure.gravatar.com\/avatar\/c38472c0cdbde82d9b6fcc26adb3779d?s=96&d=mm&r=g\",\"contentUrl\":\"https:\/\/secure.gravatar.com\/avatar\/c38472c0cdbde82d9b6fcc26adb3779d?s=96&d=mm&r=g\",\"caption\":\"fw2\"},\"sameAs\":[\"https:\/\/clam.fw2web.com.br\"],\"url\":\"https:\/\/clam.org.br\/es\/author\/fw2\/\"}]}<\/script>\n<!-- \/ Yoast SEO plugin. -->","yoast_head_json":{"title":"Derecho al aborto - CLAM - ES","robots":{"index":"index","follow":"follow","max-snippet":"max-snippet:-1","max-image-preview":"max-image-preview:large","max-video-preview":"max-video-preview:-1"},"canonical":"https:\/\/clam.org.br\/es\/noticias-clam\/derecho-al-aborto\/799\/","og_locale":"es_ES","og_type":"article","og_title":"Derecho al aborto - CLAM - ES","og_description":"Especialistas de toda Am\u00e9rica Latina y m\u00e1s de doscientas mujeres de toda la Argentina participaron del Seminario Internacional &ldquo;Aborto, derechos, subjetividad y poder&rdquo;, organizado en Buenos Aires por la Campa\u00f1a Nacional por el Derecho al Aborto Legal, Seguro y Gratuito.","og_url":"https:\/\/clam.org.br\/es\/noticias-clam\/derecho-al-aborto\/799\/","og_site_name":"CLAM - ES","article_published_time":"2006-08-14T03:00:00+00:00","author":"fw2","twitter_card":"summary_large_image","twitter_misc":{"Escrito por":"fw2","Tiempo de lectura":"6 minutos"},"schema":{"@context":"https:\/\/schema.org","@graph":[{"@type":"WebPage","@id":"https:\/\/clam.org.br\/es\/noticias-clam\/derecho-al-aborto\/799\/","url":"https:\/\/clam.org.br\/es\/noticias-clam\/derecho-al-aborto\/799\/","name":"Derecho al aborto - CLAM - ES","isPartOf":{"@id":"https:\/\/clam.org.br\/es\/#website"},"datePublished":"2006-08-14T03:00:00+00:00","author":{"@id":"https:\/\/clam.org.br\/es\/#\/schema\/person\/fbd9a86032bf7479f94b0ded196f1010"},"breadcrumb":{"@id":"https:\/\/clam.org.br\/es\/noticias-clam\/derecho-al-aborto\/799\/#breadcrumb"},"inLanguage":"es","potentialAction":[{"@type":"ReadAction","target":["https:\/\/clam.org.br\/es\/noticias-clam\/derecho-al-aborto\/799\/"]}]},{"@type":"BreadcrumbList","@id":"https:\/\/clam.org.br\/es\/noticias-clam\/derecho-al-aborto\/799\/#breadcrumb","itemListElement":[{"@type":"ListItem","position":1,"name":"In\u00edcio","item":"https:\/\/clam.org.br\/es\/"},{"@type":"ListItem","position":2,"name":"Derecho al aborto"}]},{"@type":"WebSite","@id":"https:\/\/clam.org.br\/es\/#website","url":"https:\/\/clam.org.br\/es\/","name":"CLAM - ES","description":"S\u00f3 mais um site CLAM - Centro Latino-Americano em Sexualidade e Direitos Humanos sites","potentialAction":[{"@type":"SearchAction","target":{"@type":"EntryPoint","urlTemplate":"https:\/\/clam.org.br\/es\/?s={search_term_string}"},"query-input":{"@type":"PropertyValueSpecification","valueRequired":true,"valueName":"search_term_string"}}],"inLanguage":"es"},{"@type":"Person","@id":"https:\/\/clam.org.br\/es\/#\/schema\/person\/fbd9a86032bf7479f94b0ded196f1010","name":"fw2","image":{"@type":"ImageObject","inLanguage":"es","@id":"https:\/\/clam.org.br\/es\/#\/schema\/person\/image\/","url":"https:\/\/secure.gravatar.com\/avatar\/c38472c0cdbde82d9b6fcc26adb3779d?s=96&d=mm&r=g","contentUrl":"https:\/\/secure.gravatar.com\/avatar\/c38472c0cdbde82d9b6fcc26adb3779d?s=96&d=mm&r=g","caption":"fw2"},"sameAs":["https:\/\/clam.fw2web.com.br"],"url":"https:\/\/clam.org.br\/es\/author\/fw2\/"}]}},"jetpack_featured_media_url":"","jetpack_sharing_enabled":true,"_links":{"self":[{"href":"https:\/\/clam.org.br\/es\/wp-json\/wp\/v2\/posts\/799","targetHints":{"allow":["GET"]}}],"collection":[{"href":"https:\/\/clam.org.br\/es\/wp-json\/wp\/v2\/posts"}],"about":[{"href":"https:\/\/clam.org.br\/es\/wp-json\/wp\/v2\/types\/post"}],"author":[{"embeddable":true,"href":"https:\/\/clam.org.br\/es\/wp-json\/wp\/v2\/users\/1"}],"replies":[{"embeddable":true,"href":"https:\/\/clam.org.br\/es\/wp-json\/wp\/v2\/comments?post=799"}],"version-history":[{"count":0,"href":"https:\/\/clam.org.br\/es\/wp-json\/wp\/v2\/posts\/799\/revisions"}],"wp:attachment":[{"href":"https:\/\/clam.org.br\/es\/wp-json\/wp\/v2\/media?parent=799"}],"wp:term":[{"taxonomy":"category","embeddable":true,"href":"https:\/\/clam.org.br\/es\/wp-json\/wp\/v2\/categories?post=799"},{"taxonomy":"post_tag","embeddable":true,"href":"https:\/\/clam.org.br\/es\/wp-json\/wp\/v2\/tags?post=799"}],"curies":[{"name":"wp","href":"https:\/\/api.w.org\/{rel}","templated":true}]}}