{"id":800,"date":"2006-08-13T00:00:00","date_gmt":"2006-08-13T03:00:00","guid":{"rendered":"https:\/\/clam.org.br\/es\/2006\/08\/13\/abrasco-rompendo-barreiras\/"},"modified":"2006-08-13T00:00:00","modified_gmt":"2006-08-13T03:00:00","slug":"abrasco-rompendo-barreiras","status":"publish","type":"post","link":"https:\/\/clam.org.br\/es\/noticias-clam\/abrasco-rompendo-barreiras\/800\/","title":{"rendered":"Abrasco: rompendo barreiras"},"content":{"rendered":"<p>&ldquo;Sa\u00fade P\u00fablica em um mundo globalizado: rompendo barreiras sociais, econ\u00f4micas e pol\u00edticas\u00bb \u00e9 o tema do <a href=\"http:\/\/www.saudecoletiva2006.com.br\/\" target=\"_blank\" rel=\"noopener\">11\u00ba Congresso Mundial de Sa\u00fade P\u00fablica<\/A>, organizado pela Federa\u00e7\u00e3o Mundial de Associa\u00e7\u00f5es de Sa\u00fade P\u00fablica, que acontecer\u00e1 no Rio de Janeiro entre os dias 21 e 25 de agosto. A Federa\u00e7\u00e3o congrega 70 Associa\u00e7\u00f5es de Sa\u00fade P\u00fablica em todo o mundo, entre as quais a ABRASCO (Associa\u00e7\u00e3o Brasileira de P\u00f3s-Gradua\u00e7\u00e3o em Sa\u00fade Coletiva), que realizar\u00e1 tamb\u00e9m o <a href=\"http:\/\/www.saudecoletiva2006.com.br\/\" target=\"_blank\" rel=\"noopener\">8\u00ba Congresso Brasileiro de Sa\u00fade Coletiva<\/A>, no mesmo local e data.<BR>  <P>O evento reunir\u00e1 profissionais da \u00e1rea da sa\u00fade p\u00fablica de todo o mundo, que apresentar\u00e3o pain\u00e9is, palestras e comunica\u00e7\u00f5es coordenadas. Em uma resolu\u00e7\u00e3o de 2004, a Federa\u00e7\u00e3o Mundial de Associa\u00e7\u00f5es de Sa\u00fade Publica definiu a Sa\u00fade P\u00fablica como &ldquo;um movimento comprometido com a melhoria da sa\u00fade e do bem estar das comunidades&rdquo;. A resolu\u00e7\u00e3o reconhece e sublinha como grandes desafios no \u00e2mbito mundial a promo\u00e7\u00e3o dos Direitos Humanos; a redu\u00e7\u00e3o da carga das doen\u00e7as; a garantia de nutri\u00e7\u00e3o apropriada; a educa\u00e7\u00e3o em todos os aspectos da promo\u00e7\u00e3o da sa\u00fade; a prote\u00e7\u00e3o do ambiente; e a garantia do acesso global aos medicamentos essenciais a um custo compat\u00edvel&rdquo;.<BR>  <P>Nesta perspectiva, o objetivo de se realizar os dois congressos &ndash; nos \u00e2mbitos nacional e internacional &ndash; simultaneamente \u00e9 viabilizar e incentivar a constru\u00e7\u00e3o de alternativas aos grandes desafios que a comunidade cient\u00edfica vem enfrentando na busca de mudan\u00e7as e renova\u00e7\u00e3o do campo da sa\u00fade p\u00fablica, na constitui\u00e7\u00e3o de novos sujeitos e novas pr\u00e1ticas comprometidas com o rompimento das barreiras sociais, econ\u00f4micas e pol\u00edticas, e na luta pela sa\u00fade como direito inalien\u00e1vel de todos. A id\u00e9ia \u00e9, segundo os organizadores, enfrentar com clareza os antigos e novos problemas de sa\u00fade, agravados pelos modelos de desenvolvimento adotados no processo de globaliza\u00e7\u00e3o.<BR>  <P><B>Sexualidade em pauta<\/B>  <P>Quest\u00f5es relativas \u00e0 sexualidade e \u00e0 sa\u00fade reprodutiva estar\u00e3o entre os temas em debate. A antrop\u00f3loga Maria Luiza Heilborn (CLAM\/IMS\/UERJ) participar\u00e1, ao lado do pesquisador franc\u00eas Michel Bozon (INED\/Paris) e de Juliet Richters (National Center in HIV Research\/Austr\u00e1lia) do painel &ldquo;Pesquisas Quantitativas em Sexualidade&rdquo;, coordenado por Regina Maria Barbosa (NEPO\/Unicamp), no dia 25 de agosto. No mesmo dia, Maria Luiza tamb\u00e9m coordenar\u00e1 uma sess\u00e3o de comunica\u00e7\u00f5es coordenadas sobre &ldquo;Juventude e Sexualidade&rdquo;.<BR>  <P>A antrop\u00f3loga Fab\u00edola Rohden (CLAM\/IMS\/\/UERJ) coordenar\u00e1 o painel &ldquo;Desestabiliza\u00e7\u00f5es da categoria g\u00eanero e seus impactos na sa\u00fade&rdquo; (24 de agosto), do qual participam os antrop\u00f3logos S\u00e9rgio Carrara (IMS\/CLAM\/UERJ), Regina Facchini (Unicamp) e Elizabeth Zambrano (Nupacs\/UFRJ). Fab\u00edola Rohden coordenar\u00e1 tamb\u00e9m duas outras sess\u00f5es de comunica\u00e7\u00f5es coordenadas sobre os temas &ldquo;Ra\u00e7a, G\u00eanero e Gera\u00e7\u00e3o: Sa\u00fade e Desigualdades Sociais&rdquo; e &ldquo;Pr\u00e1ticas em Sa\u00fade no campo da DST\/Aids&rdquo;, ambas em 22 de agosto.<BR>  <P>No dia 23 de agosto, a pesquisadora Elaine Reis Brand\u00e3o (N\u00facleo de Estudos de Sa\u00fade Coletiva\/UFRJ e CLAM\/IMS\/UERJ) coordenar\u00e1 o painel &ldquo;Interven\u00e7\u00e3o Social e Trajet\u00f3rias Juvenis: An\u00e1lise das A\u00e7\u00f5es e Repercuss\u00f5es nas Condi\u00e7\u00f5es de Vida e na Sa\u00fade Sexual e Reprodutiva&rdquo;, do qual participam os pesquisadores Simone Monteiro (LEAS\/IOC\/Fiocruz), Mara Viveros Vigoya (Universidade Nacional de Col\u00f4mbia) e Gabriela Calazans (Secretaria Estadual de Sa\u00fade de S\u00e3o Paulo).<BR>  <P><B>A tem\u00e1tica da sexualidade e do g\u00eanero enfocada em Exposi\u00e7\u00e3o e em lan\u00e7amento de livros<\/B>  <P>Durante o Congresso, o CLAM lan\u00e7ar\u00e1 os livros &ldquo;A mulher no corpo&rdquo;, da pesquisadora norte-americana Emily Martin (New York University) e &ldquo;A reinven\u00e7\u00e3o do corpo&rdquo;, da antrop\u00f3loga Berenice Bento (UnB), em parceria com a editora Garamond.<BR>  <P>Haver\u00e1 ainda dois outros lan\u00e7amentos de publica\u00e7\u00f5es derivadas da Pesquisa GRAVAD, coordenada por Maria Luiza Heilborn: o suplemento especial dos Cadernos de Sa\u00fade P\u00fablica sobre juventude, sexualidade e reprodu\u00e7\u00e3o, e o livro &ldquo;O aprendizado da sexualidade: reprodu\u00e7\u00e3o e trajet\u00f3rias sociais de jovens brasileiros&rdquo;, organizado por Maria Luiza Heilborn, Estela M. L. Aquino, Daniela Riva Knauth e Michel Bozon, e editado pela Garamond em parceria com a Editora Fiocruz.<BR>  <P>O Congresso sediar\u00e1 ainda a exposi\u00e7\u00e3o &ldquo;1000 Mulheres para o Pr\u00eamio Nobel da Paz&rdquo;, que re\u00fane fotos das mil mulheres indicadas ao Pr\u00eamio em 2005. O projeto, desenvolvido ano passado por iniciativa da Funda\u00e7\u00e3o Mulheres Su\u00ed\u00e7as pela Paz, \u00e9 coordenado no pa\u00eds por Clara Charf. Do Brasil, foram indicados 52 nomes com hist\u00f3ricos de a\u00e7\u00f5es ligadas aos Direitos Humanos, contra a fome, a mis\u00e9ria, a viol\u00eancia e \u00e0 luta por uma sociedade mais igualit\u00e1ria. <\/P><\/p>\n","protected":false},"excerpt":{"rendered":"<p>&ldquo;Sa\u00fade P\u00fablica em um mundo globalizado: rompendo barreiras sociais, econ\u00f4micas e pol\u00edticas\u00bb \u00e9 o tema do 11\u00ba Congresso Mundial de Sa\u00fade P\u00fablica, organizado pela Federa\u00e7\u00e3o Mundial de Associa\u00e7\u00f5es de Sa\u00fade Publica, que acontecer\u00e1 no Rio de Janeiro, entre os dias 21 e 25 de agosto.<\/p>\n","protected":false},"author":1,"featured_media":0,"comment_status":"open","ping_status":"open","sticky":false,"template":"","format":"standard","meta":{"_acf_changed":false,"site-sidebar-layout":"default","site-content-layout":"default","ast-global-header-display":"","ast-main-header-display":"","ast-hfb-above-header-display":"","ast-hfb-below-header-display":"","ast-hfb-mobile-header-display":"","site-post-title":"","ast-breadcrumbs-content":"","ast-featured-img":"","footer-sml-layout":"","theme-transparent-header-meta":"","adv-header-id-meta":"","stick-header-meta":"","header-above-stick-meta":"","header-main-stick-meta":"","header-below-stick-meta":"","_jetpack_memberships_contains_paid_content":false,"footnotes":""},"categories":[7],"tags":[],"class_list":["post-800","post","type-post","status-publish","format-standard","hentry","category-noticias-clam"],"acf":[],"yoast_head":"<!-- This site is optimized with the Yoast SEO plugin v26.1.1 - https:\/\/yoast.com\/wordpress\/plugins\/seo\/ -->\n<title>Abrasco: rompendo barreiras - CLAM - ES<\/title>\n<meta name=\"robots\" content=\"index, follow, max-snippet:-1, max-image-preview:large, max-video-preview:-1\" \/>\n<link rel=\"canonical\" href=\"https:\/\/clam.org.br\/es\/noticias-clam\/abrasco-rompendo-barreiras\/800\/\" \/>\n<meta property=\"og:locale\" content=\"es_ES\" \/>\n<meta property=\"og:type\" content=\"article\" \/>\n<meta property=\"og:title\" content=\"Abrasco: rompendo barreiras - CLAM - ES\" \/>\n<meta property=\"og:description\" content=\"&ldquo;Sa\u00fade P\u00fablica em um mundo globalizado: rompendo barreiras sociais, econ\u00f4micas e pol\u00edticas&quot; \u00e9 o tema do 11\u00ba Congresso Mundial de Sa\u00fade P\u00fablica, organizado pela Federa\u00e7\u00e3o Mundial de Associa\u00e7\u00f5es de Sa\u00fade Publica, que acontecer\u00e1 no Rio de Janeiro, entre os dias 21 e 25 de agosto.\" \/>\n<meta property=\"og:url\" content=\"https:\/\/clam.org.br\/es\/noticias-clam\/abrasco-rompendo-barreiras\/800\/\" \/>\n<meta property=\"og:site_name\" content=\"CLAM - ES\" \/>\n<meta property=\"article:published_time\" content=\"2006-08-13T03:00:00+00:00\" \/>\n<meta name=\"author\" content=\"fw2\" \/>\n<meta name=\"twitter:card\" content=\"summary_large_image\" \/>\n<meta name=\"twitter:label1\" content=\"Escrito por\" \/>\n\t<meta name=\"twitter:data1\" content=\"fw2\" \/>\n\t<meta name=\"twitter:label2\" content=\"Tiempo de lectura\" \/>\n\t<meta name=\"twitter:data2\" content=\"4 minutos\" \/>\n<script type=\"application\/ld+json\" class=\"yoast-schema-graph\">{\"@context\":\"https:\/\/schema.org\",\"@graph\":[{\"@type\":\"WebPage\",\"@id\":\"https:\/\/clam.org.br\/es\/noticias-clam\/abrasco-rompendo-barreiras\/800\/\",\"url\":\"https:\/\/clam.org.br\/es\/noticias-clam\/abrasco-rompendo-barreiras\/800\/\",\"name\":\"Abrasco: rompendo barreiras - CLAM - ES\",\"isPartOf\":{\"@id\":\"https:\/\/clam.org.br\/es\/#website\"},\"datePublished\":\"2006-08-13T03:00:00+00:00\",\"author\":{\"@id\":\"https:\/\/clam.org.br\/es\/#\/schema\/person\/fbd9a86032bf7479f94b0ded196f1010\"},\"breadcrumb\":{\"@id\":\"https:\/\/clam.org.br\/es\/noticias-clam\/abrasco-rompendo-barreiras\/800\/#breadcrumb\"},\"inLanguage\":\"es\",\"potentialAction\":[{\"@type\":\"ReadAction\",\"target\":[\"https:\/\/clam.org.br\/es\/noticias-clam\/abrasco-rompendo-barreiras\/800\/\"]}]},{\"@type\":\"BreadcrumbList\",\"@id\":\"https:\/\/clam.org.br\/es\/noticias-clam\/abrasco-rompendo-barreiras\/800\/#breadcrumb\",\"itemListElement\":[{\"@type\":\"ListItem\",\"position\":1,\"name\":\"In\u00edcio\",\"item\":\"https:\/\/clam.org.br\/es\/\"},{\"@type\":\"ListItem\",\"position\":2,\"name\":\"Abrasco: rompendo barreiras\"}]},{\"@type\":\"WebSite\",\"@id\":\"https:\/\/clam.org.br\/es\/#website\",\"url\":\"https:\/\/clam.org.br\/es\/\",\"name\":\"CLAM - ES\",\"description\":\"S\u00f3 mais um site CLAM - Centro Latino-Americano em Sexualidade e Direitos Humanos sites\",\"potentialAction\":[{\"@type\":\"SearchAction\",\"target\":{\"@type\":\"EntryPoint\",\"urlTemplate\":\"https:\/\/clam.org.br\/es\/?s={search_term_string}\"},\"query-input\":{\"@type\":\"PropertyValueSpecification\",\"valueRequired\":true,\"valueName\":\"search_term_string\"}}],\"inLanguage\":\"es\"},{\"@type\":\"Person\",\"@id\":\"https:\/\/clam.org.br\/es\/#\/schema\/person\/fbd9a86032bf7479f94b0ded196f1010\",\"name\":\"fw2\",\"image\":{\"@type\":\"ImageObject\",\"inLanguage\":\"es\",\"@id\":\"https:\/\/clam.org.br\/es\/#\/schema\/person\/image\/\",\"url\":\"https:\/\/secure.gravatar.com\/avatar\/c38472c0cdbde82d9b6fcc26adb3779d?s=96&d=mm&r=g\",\"contentUrl\":\"https:\/\/secure.gravatar.com\/avatar\/c38472c0cdbde82d9b6fcc26adb3779d?s=96&d=mm&r=g\",\"caption\":\"fw2\"},\"sameAs\":[\"https:\/\/clam.fw2web.com.br\"],\"url\":\"https:\/\/clam.org.br\/es\/author\/fw2\/\"}]}<\/script>\n<!-- \/ Yoast SEO plugin. -->","yoast_head_json":{"title":"Abrasco: rompendo barreiras - CLAM - ES","robots":{"index":"index","follow":"follow","max-snippet":"max-snippet:-1","max-image-preview":"max-image-preview:large","max-video-preview":"max-video-preview:-1"},"canonical":"https:\/\/clam.org.br\/es\/noticias-clam\/abrasco-rompendo-barreiras\/800\/","og_locale":"es_ES","og_type":"article","og_title":"Abrasco: rompendo barreiras - CLAM - ES","og_description":"&ldquo;Sa\u00fade P\u00fablica em um mundo globalizado: rompendo barreiras sociais, econ\u00f4micas e pol\u00edticas\" \u00e9 o tema do 11\u00ba Congresso Mundial de Sa\u00fade P\u00fablica, organizado pela Federa\u00e7\u00e3o Mundial de Associa\u00e7\u00f5es de Sa\u00fade Publica, que acontecer\u00e1 no Rio de Janeiro, entre os dias 21 e 25 de agosto.","og_url":"https:\/\/clam.org.br\/es\/noticias-clam\/abrasco-rompendo-barreiras\/800\/","og_site_name":"CLAM - ES","article_published_time":"2006-08-13T03:00:00+00:00","author":"fw2","twitter_card":"summary_large_image","twitter_misc":{"Escrito por":"fw2","Tiempo de lectura":"4 minutos"},"schema":{"@context":"https:\/\/schema.org","@graph":[{"@type":"WebPage","@id":"https:\/\/clam.org.br\/es\/noticias-clam\/abrasco-rompendo-barreiras\/800\/","url":"https:\/\/clam.org.br\/es\/noticias-clam\/abrasco-rompendo-barreiras\/800\/","name":"Abrasco: rompendo barreiras - CLAM - ES","isPartOf":{"@id":"https:\/\/clam.org.br\/es\/#website"},"datePublished":"2006-08-13T03:00:00+00:00","author":{"@id":"https:\/\/clam.org.br\/es\/#\/schema\/person\/fbd9a86032bf7479f94b0ded196f1010"},"breadcrumb":{"@id":"https:\/\/clam.org.br\/es\/noticias-clam\/abrasco-rompendo-barreiras\/800\/#breadcrumb"},"inLanguage":"es","potentialAction":[{"@type":"ReadAction","target":["https:\/\/clam.org.br\/es\/noticias-clam\/abrasco-rompendo-barreiras\/800\/"]}]},{"@type":"BreadcrumbList","@id":"https:\/\/clam.org.br\/es\/noticias-clam\/abrasco-rompendo-barreiras\/800\/#breadcrumb","itemListElement":[{"@type":"ListItem","position":1,"name":"In\u00edcio","item":"https:\/\/clam.org.br\/es\/"},{"@type":"ListItem","position":2,"name":"Abrasco: rompendo barreiras"}]},{"@type":"WebSite","@id":"https:\/\/clam.org.br\/es\/#website","url":"https:\/\/clam.org.br\/es\/","name":"CLAM - ES","description":"S\u00f3 mais um site CLAM - Centro Latino-Americano em Sexualidade e Direitos Humanos sites","potentialAction":[{"@type":"SearchAction","target":{"@type":"EntryPoint","urlTemplate":"https:\/\/clam.org.br\/es\/?s={search_term_string}"},"query-input":{"@type":"PropertyValueSpecification","valueRequired":true,"valueName":"search_term_string"}}],"inLanguage":"es"},{"@type":"Person","@id":"https:\/\/clam.org.br\/es\/#\/schema\/person\/fbd9a86032bf7479f94b0ded196f1010","name":"fw2","image":{"@type":"ImageObject","inLanguage":"es","@id":"https:\/\/clam.org.br\/es\/#\/schema\/person\/image\/","url":"https:\/\/secure.gravatar.com\/avatar\/c38472c0cdbde82d9b6fcc26adb3779d?s=96&d=mm&r=g","contentUrl":"https:\/\/secure.gravatar.com\/avatar\/c38472c0cdbde82d9b6fcc26adb3779d?s=96&d=mm&r=g","caption":"fw2"},"sameAs":["https:\/\/clam.fw2web.com.br"],"url":"https:\/\/clam.org.br\/es\/author\/fw2\/"}]}},"jetpack_featured_media_url":"","jetpack_sharing_enabled":true,"_links":{"self":[{"href":"https:\/\/clam.org.br\/es\/wp-json\/wp\/v2\/posts\/800","targetHints":{"allow":["GET"]}}],"collection":[{"href":"https:\/\/clam.org.br\/es\/wp-json\/wp\/v2\/posts"}],"about":[{"href":"https:\/\/clam.org.br\/es\/wp-json\/wp\/v2\/types\/post"}],"author":[{"embeddable":true,"href":"https:\/\/clam.org.br\/es\/wp-json\/wp\/v2\/users\/1"}],"replies":[{"embeddable":true,"href":"https:\/\/clam.org.br\/es\/wp-json\/wp\/v2\/comments?post=800"}],"version-history":[{"count":0,"href":"https:\/\/clam.org.br\/es\/wp-json\/wp\/v2\/posts\/800\/revisions"}],"wp:attachment":[{"href":"https:\/\/clam.org.br\/es\/wp-json\/wp\/v2\/media?parent=800"}],"wp:term":[{"taxonomy":"category","embeddable":true,"href":"https:\/\/clam.org.br\/es\/wp-json\/wp\/v2\/categories?post=800"},{"taxonomy":"post_tag","embeddable":true,"href":"https:\/\/clam.org.br\/es\/wp-json\/wp\/v2\/tags?post=800"}],"curies":[{"name":"wp","href":"https:\/\/api.w.org\/{rel}","templated":true}]}}