{"id":851,"date":"2012-11-07T00:00:00","date_gmt":"2012-11-07T02:00:00","guid":{"rendered":"https:\/\/clam.org.br\/es\/2012\/11\/07\/el-procurador-y-los-derechos-incomodos\/"},"modified":"2012-11-07T00:00:00","modified_gmt":"2012-11-07T02:00:00","slug":"el-procurador-y-los-derechos-incomodos","status":"publish","type":"post","link":"https:\/\/clam.org.br\/es\/noticias-clam\/el-procurador-y-los-derechos-incomodos\/851\/","title":{"rendered":"El Procurador y los derechos inc\u00f3modos"},"content":{"rendered":"<p>Pese al importante reconocimiento que han alcanzado los derechos sexuales, los derechos reproductivos y los relativos a la poblaci&oacute;n LGBTI en el &aacute;mbito internacional, sus defensores siguen siendo objeto de continuas persecuciones a nivel local y nacional, afirma el <a href=\"http:\/\/www.defendingwomen-defendingrights.org\/pdf\/WHRD_IC_Global%20Report_2012.pdf\"><i>Global Report on the Situation of Women Human Rights Defenders<\/i> (2012)<\/a>. Esta situaci&oacute;n adquiere m&uacute;ltiples formas que abarcan desde las manifestaciones m&aacute;s crudas de violencia propiciadas por grupos armados legales e ilegales, como los asesinatos y las torturas, hasta otras m&aacute;s sutiles, aunque no por ello exentas de gravedad, como el uso de procedimientos administrativos y legales para acosar a defensoras y defensores de derechos, explica el documento. A esto podr&iacute;a sumarse el silencio aquiescente de algunos gobiernos que de manera deliberada ignoran esta situaci&oacute;n. Colombia parece ser un ejemplo de ello.<\/p>\n<p>Debido a la inasistencia del Estado colombiano, el pasado viernes 2 de noviembre fue cancelada la audiencia ante la Comisi&oacute;n Interamericana de Derechos Humanos (CIDH) para examinar la situaci&oacute;n de organizaciones defensoras de los derechos de las mujeres y de la poblaci&oacute;n LGBTI. En el acto, convocado por el &oacute;rgano de la OEA en el marco de su 146&ordm; per&iacute;odo de sesiones, tambi&eacute;n estaba previsto abordar el hostigamiento que vienen padeciendo estas organizaciones por parte del Procurador General de la Naci&oacute;n, Alejandro Ord&oacute;&ntilde;ez Maldonado.<\/p>\n<p>Ante la continua y extendida violaci&oacute;n de los derechos humanos en el pa&iacute;s por causa del conflicto armado, la Corte Constitucional colombiana ha emitido varios Autos de Seguimiento, a trav&eacute;s de los cuales solicita informaciones sobre el tema, define indicadores sociales y orienta al gobierno respecto a las medidas que debe implementar para transformar esta situaci&oacute;n. En 2008, el Tribunal expidi&oacute; el Auto 092, en el que identifica 12 patrones estructurales de violencia y discriminaci&oacute;n de g&eacute;nero, entre los cuales destaca <i>&ldquo;el desconocimiento y vulneraci&oacute;n de su derecho<\/i> [el de las mujeres] <i>a la salud y especialmente de sus derechos sexuales y reproductivos a todo nivel, con particular gravedad en el caso de las ni&ntilde;as y adolescentes pero tambi&eacute;n de las mujeres gestantes y lactantes&rdquo;<\/i> y <i>&ldquo;la violencia contra las mujeres l&iacute;deres o que adquieren visibilidad p&uacute;blica por sus labores de promoci&oacute;n social, c&iacute;vica o de los derechos humanos&rdquo;.<\/i><\/p>\n<p>Como qued&oacute; evidente ante la CIDH, esta problem&aacute;tica parece no formar parte de las prioridades del gobierno. Seg&uacute;n las conclusiones de la Mesa de Trabajo Mujer y Conflicto Armado en su <i><a href=\"http:\/\/www.sismamujer.org\/sites\/default\/files\/publicaciones\/INFO%202011%20final%20.pdf\">XI informe sobre violencia sociopol&iacute;tica contra mujeres, j&oacute;venes y ni&ntilde;as en Colombia<\/a><\/i>, el gobierno apuesta a pol&iacute;ticas de desarrollo econ&oacute;mico, publicitadas significativamente como &lsquo;Las locomotoras de la prosperidad&rsquo; (infraestructura, agricultura, vivienda, miner&iacute;a e innovaci&oacute;n), que, en opini&oacute;n de sus cr&iacute;ticos, promueven una visi&oacute;n deshumanizada del desarrollo que atropella a los sectores sociales que se atraviesan en su camino &ndash;entre ellos las mujeres y las v&iacute;ctimas del despojo de tierras.<\/p>\n<p>De acuerdo con un <a href=\"http:\/\/www.womenslinkworldwide.org\/wlw\/new.php?modo=detalle_prensa&amp;dc=391\">comunicado publicado en el sitio web de Women&rsquo;s Link Worldwide<\/a>, a su llegada a Washington, donde tiene sede la CIDH, representantes de las organizaciones que convocaron la audiencia se enteraron de que &eacute;sta hab&iacute;a sido cancelada <i>&ldquo;ante la imposibilidad expresada por el Estado colombiano para asistir&rdquo;.<\/i> Si bien es cierto que la semana pasada el paso del hurac&aacute;n Sandy paraliz&oacute; parcialmente la capital estadounidense y oblig&oacute; a la CIDH a cambiar el calendario de las audiencias, esto no impidi&oacute; que representantes del Estado colombiano acudieran ese mismo d&iacute;a a la ciudad para atender otros asuntos, entre ellos algunas audiencias citadas por la Comisi&oacute;n, afirma la organizaci&oacute;n en su comunicado. En el texto, Women&rsquo;s Link Worldwide tambi&eacute;n manifiesta su sorpresa respecto a que el d&iacute;a anterior a la notificaci&oacute;n de su inasistencia, la Procuradur&iacute;a misma hubiese anunciado que atender&iacute;a el acto en representaci&oacute;n del Estado colombiano.<\/p>\n<p>Aunque la audiencia no fue celebrada, representantes de las organizaciones denunciantes se reunieron con la relatora sobre los derechos de las mujeres de la CIDH, Tracy Robinson, y el relator sobre los derechos de defensores y defensoras de derechos humanos, Jos&eacute; de Jes&uacute;s Orozco. <a href=\"http:\/\/www.elespectador.com\/opinion\/columna-385329-el-comienzo-del-fin-de-cidh\">Seg&uacute;n coment&oacute; M&oacute;nica Roa, Directora de Programas de Women&rsquo;s Link Worldwide, al diario El Espectador<\/a>, <i>&ldquo;en la reuni&oacute;n qued&oacute; muy claro que la persecuci&oacute;n y el hostigamiento a grupos protectores de derechos humanos es grave porque no s&oacute;lo se ataca a los l&iacute;deres, sino que la poblaci&oacute;n que representan queda desprotegida&rdquo;.<\/i> En di&aacute;logo con la emisora colombiana RCN Roa confirm&oacute; que la denuncia ante la CIDH ser&aacute; formalizada en marzo de 2013.<\/p>\n<p><b>Las cruzadas del Procurador<\/b><\/p>\n<p>Todo esto ocurre a pocas semanas de que el Senado de la Rep&uacute;blica elija al nuevo Procurador o Procuradora General de la Naci&oacute;n entre una terna de candidatos postulados por el Presidente de la Rep&uacute;blica, la Corte Suprema de Justicia y el Consejo de Estado. El o la representante elegido por un per&iacute;odo de 4 a&ntilde;os tendr&aacute; a su cargo la protecci&oacute;n de los derechos humanos y la garant&iacute;a de su efectividad, entre otras funciones asignadas por la Constituci&oacute;n. Entre los actuales candidatos se encuentra Ord&oacute;&ntilde;ez, que desde hace algunos meses adelanta una campa&ntilde;a para ser reelegido en el cargo, en medio de una fuerte pol&eacute;mica. Adem&aacute;s de criticar la postura que ha caracterizado su gesti&oacute;n, que parece representar m&aacute;s los intereses de los autodenominados grupos &ldquo;pro-vida&rdquo;, de filiaci&oacute;n cristiana en su mayor&iacute;a, que los de la ciudadan&iacute;a en general, quienes se oponen a su candidatura han hecho duros cuestionamientos a que sean las personas a las que &eacute;l debe investigar las encargadas de elegirlo.<\/p>\n<p>Mientras que campa&ntilde;as como <a href=\"http:\/\/procuracolombia.com\/\">Procura Colombia<\/a> han buscado profundizar el debate en torno a la elecci&oacute;n del Procurador, otros hechos han levantado sospechas en torno a la idoneidad de Ord&oacute;&ntilde;ez para este cargo. Uno de los m&aacute;s recientes es el fallo de la Corte Constitucional que lo oblig&oacute; a rectificar varias de sus declaraciones por considerar que violaban y amenazaban los derechos fundamentales de acceso a los servicios de salud reproductiva, libre desarrollo de la personalidad, vida, salud f&iacute;sica y mental, interrupci&oacute;n voluntaria del embarazo e informaci&oacute;n en materia reproductiva.<\/p>\n<p>Durante el ejercicio del cargo, Ord&oacute;&ntilde;ez se ha opuesto f&eacute;rreamente a la implementaci&oacute;n de la c&aacute;tedra nacional de educaci&oacute;n sexual y a las campa&ntilde;as de promoci&oacute;n de los derechos sexuales y reproductivos, a las que se refiri&oacute; como &ldquo;c&aacute;tedra del aborto&rdquo; y &ldquo;campa&ntilde;as de promoci&oacute;n del aborto&rdquo;, respectivamente. En varias ocasiones tild&oacute; a la anticoncepci&oacute;n oral de emergencia de m&eacute;todo abortivo, pese a que la evidencia cient&iacute;fica muestra que este medicamento evita la concepci&oacute;n, no la interrumpe. En una comunicaci&oacute;n escrita dirigida al Superintendente Nacional de Salud en marzo de 2010, una de las procuradoras delegadas por Ord&oacute;&ntilde;ez se&ntilde;al&oacute; que <i>&ldquo;no existe ni en la Constituci&oacute;n ni en la ley el mal llamado derecho al aborto&rdquo;,<\/i> pese a que &eacute;ste fue despenalizado en tres circunstancias por el Tribunal Constitucional en 2006 y ratificado a trav&eacute;s de otra sentencia en 2010. En otra oportunidad, el Procurador emiti&oacute; dos circulares en las que, contrario a lo se&ntilde;alado por la Corte Constitucional, afirma que la objeci&oacute;n de conciencia no tiene restricci&oacute;n alguna y que puede ejercerse como un derecho institucional. En 2011, otra de las Procuradoras delegadas por Ord&oacute;&ntilde;ez remiti&oacute; un requerimiento al Ministerio de la Protecci&oacute;n Social para que el misoprostol fuera retirado del Plan Obligatorio de Salud. En su opini&oacute;n y a pesar de que numerosas comunicaciones de la OMS se&ntilde;alan lo contrario, habr&iacute;a reparos por parte de ese organismo internacional acerca de la efectividad y seguridad del medicamento en casos de Interrupci&oacute;n Voluntaria del Embarazo. Todo esto qued&oacute; consignado en el fallo de la Corte.<\/p>\n<p>En entrevista con RCN, M&oacute;nica Roa se&ntilde;al&oacute; que <i>&ldquo;un ejemplo muy claro de la persecuci&oacute;n es el caso que se present&oacute; con Javier Sastoque, quien era el funcionario encargado de defender los derechos de la comunidad LGBTI y debi&oacute; renunciar por las presiones ejercidas&rdquo;.<\/i> Al no haber actualmente un funcionario encargado para estos temas en la instituci&oacute;n, los ataques contra esta poblaci&oacute;n por parte de funcionarios p&uacute;blicos no ser&aacute;n investigados por el Ministerio P&uacute;blico. Es el caso de la solicitud del Concejal de Bogot&aacute; Marco Fidel Ram&iacute;rez a una entidad p&uacute;blica para que le informara qu&eacute; funcionarios de la misma son lesbianas, gays, bisexuales o trans, explic&oacute; Roa.<\/p>\n<p>Sin embargo, todo esto no ha sido suficiente para que la candidatura de Ord&oacute;&ntilde;ez &ndash;que cuenta con el apoyo de varios partidos de la coalici&oacute;n del actual gobierno&ndash; sea anulada, o para que el Estado  colombiano le preste atenci&oacute;n, incluso cuando es requerido por una de las instancias del Sistema Interamericano de Derechos Humanos, a la grave situaci&oacute;n de quienes defienden, como se&ntilde;ala Roa, <i>&ldquo;los derechos menos populares, los inc&oacute;modos, los que ponen a prueba el pluralismo democr&aacute;tico&rdquo;.<\/i><\/p>\n","protected":false},"excerpt":{"rendered":"<p>Al no presentarse representantes del Estado colombiano fue cancelada audiencia ante la Comisi\u00f3n Interamericana de Derechos Humanos para examinar la situaci\u00f3n de organizaciones  defensoras de los derechos de las mujeres y de la poblaci\u00f3n LGBTI y el hostigamiento que vienen padeciendo por parte del Procurador General de la Naci\u00f3n, Alejandro Ord\u00f3\u00f1ez Maldonado.<\/p>\n","protected":false},"author":1,"featured_media":0,"comment_status":"open","ping_status":"open","sticky":false,"template":"","format":"standard","meta":{"_acf_changed":false,"site-sidebar-layout":"default","site-content-layout":"default","ast-global-header-display":"","ast-main-header-display":"","ast-hfb-above-header-display":"","ast-hfb-below-header-display":"","ast-hfb-mobile-header-display":"","site-post-title":"","ast-breadcrumbs-content":"","ast-featured-img":"","footer-sml-layout":"","theme-transparent-header-meta":"","adv-header-id-meta":"","stick-header-meta":"","header-above-stick-meta":"","header-main-stick-meta":"","header-below-stick-meta":"","_jetpack_memberships_contains_paid_content":false,"footnotes":""},"categories":[7],"tags":[],"class_list":["post-851","post","type-post","status-publish","format-standard","hentry","category-noticias-clam"],"acf":[],"yoast_head":"<!-- This site is optimized with the Yoast SEO plugin v26.1.1 - https:\/\/yoast.com\/wordpress\/plugins\/seo\/ -->\n<title>El Procurador y los derechos inc\u00f3modos - CLAM - ES<\/title>\n<meta name=\"robots\" content=\"index, follow, max-snippet:-1, max-image-preview:large, max-video-preview:-1\" \/>\n<link rel=\"canonical\" href=\"https:\/\/clam.org.br\/es\/noticias-clam\/el-procurador-y-los-derechos-incomodos\/851\/\" \/>\n<meta property=\"og:locale\" content=\"es_ES\" \/>\n<meta property=\"og:type\" content=\"article\" \/>\n<meta property=\"og:title\" content=\"El Procurador y los derechos inc\u00f3modos - CLAM - ES\" \/>\n<meta property=\"og:description\" content=\"Al no presentarse representantes del Estado colombiano fue cancelada audiencia ante la Comisi\u00f3n Interamericana de Derechos Humanos para examinar la situaci\u00f3n de organizaciones defensoras de los derechos de las mujeres y de la poblaci\u00f3n LGBTI y el hostigamiento que vienen padeciendo por parte del Procurador General de la Naci\u00f3n, Alejandro Ord\u00f3\u00f1ez Maldonado.\" \/>\n<meta property=\"og:url\" content=\"https:\/\/clam.org.br\/es\/noticias-clam\/el-procurador-y-los-derechos-incomodos\/851\/\" \/>\n<meta property=\"og:site_name\" content=\"CLAM - ES\" \/>\n<meta property=\"article:published_time\" content=\"2012-11-07T02:00:00+00:00\" \/>\n<meta name=\"author\" content=\"fw2\" \/>\n<meta name=\"twitter:card\" content=\"summary_large_image\" \/>\n<meta name=\"twitter:label1\" content=\"Escrito por\" \/>\n\t<meta name=\"twitter:data1\" content=\"fw2\" \/>\n\t<meta name=\"twitter:label2\" content=\"Tiempo de lectura\" \/>\n\t<meta name=\"twitter:data2\" content=\"9 minutos\" \/>\n<script type=\"application\/ld+json\" class=\"yoast-schema-graph\">{\"@context\":\"https:\/\/schema.org\",\"@graph\":[{\"@type\":\"WebPage\",\"@id\":\"https:\/\/clam.org.br\/es\/noticias-clam\/el-procurador-y-los-derechos-incomodos\/851\/\",\"url\":\"https:\/\/clam.org.br\/es\/noticias-clam\/el-procurador-y-los-derechos-incomodos\/851\/\",\"name\":\"El Procurador y los derechos inc\u00f3modos - CLAM - ES\",\"isPartOf\":{\"@id\":\"https:\/\/clam.org.br\/es\/#website\"},\"datePublished\":\"2012-11-07T02:00:00+00:00\",\"author\":{\"@id\":\"https:\/\/clam.org.br\/es\/#\/schema\/person\/fbd9a86032bf7479f94b0ded196f1010\"},\"breadcrumb\":{\"@id\":\"https:\/\/clam.org.br\/es\/noticias-clam\/el-procurador-y-los-derechos-incomodos\/851\/#breadcrumb\"},\"inLanguage\":\"es\",\"potentialAction\":[{\"@type\":\"ReadAction\",\"target\":[\"https:\/\/clam.org.br\/es\/noticias-clam\/el-procurador-y-los-derechos-incomodos\/851\/\"]}]},{\"@type\":\"BreadcrumbList\",\"@id\":\"https:\/\/clam.org.br\/es\/noticias-clam\/el-procurador-y-los-derechos-incomodos\/851\/#breadcrumb\",\"itemListElement\":[{\"@type\":\"ListItem\",\"position\":1,\"name\":\"In\u00edcio\",\"item\":\"https:\/\/clam.org.br\/es\/\"},{\"@type\":\"ListItem\",\"position\":2,\"name\":\"El Procurador y los derechos inc\u00f3modos\"}]},{\"@type\":\"WebSite\",\"@id\":\"https:\/\/clam.org.br\/es\/#website\",\"url\":\"https:\/\/clam.org.br\/es\/\",\"name\":\"CLAM - ES\",\"description\":\"S\u00f3 mais um site CLAM - Centro Latino-Americano em Sexualidade e Direitos Humanos sites\",\"potentialAction\":[{\"@type\":\"SearchAction\",\"target\":{\"@type\":\"EntryPoint\",\"urlTemplate\":\"https:\/\/clam.org.br\/es\/?s={search_term_string}\"},\"query-input\":{\"@type\":\"PropertyValueSpecification\",\"valueRequired\":true,\"valueName\":\"search_term_string\"}}],\"inLanguage\":\"es\"},{\"@type\":\"Person\",\"@id\":\"https:\/\/clam.org.br\/es\/#\/schema\/person\/fbd9a86032bf7479f94b0ded196f1010\",\"name\":\"fw2\",\"image\":{\"@type\":\"ImageObject\",\"inLanguage\":\"es\",\"@id\":\"https:\/\/clam.org.br\/es\/#\/schema\/person\/image\/\",\"url\":\"https:\/\/secure.gravatar.com\/avatar\/c38472c0cdbde82d9b6fcc26adb3779d?s=96&d=mm&r=g\",\"contentUrl\":\"https:\/\/secure.gravatar.com\/avatar\/c38472c0cdbde82d9b6fcc26adb3779d?s=96&d=mm&r=g\",\"caption\":\"fw2\"},\"sameAs\":[\"https:\/\/clam.fw2web.com.br\"],\"url\":\"https:\/\/clam.org.br\/es\/author\/fw2\/\"}]}<\/script>\n<!-- \/ Yoast SEO plugin. -->","yoast_head_json":{"title":"El Procurador y los derechos inc\u00f3modos - CLAM - ES","robots":{"index":"index","follow":"follow","max-snippet":"max-snippet:-1","max-image-preview":"max-image-preview:large","max-video-preview":"max-video-preview:-1"},"canonical":"https:\/\/clam.org.br\/es\/noticias-clam\/el-procurador-y-los-derechos-incomodos\/851\/","og_locale":"es_ES","og_type":"article","og_title":"El Procurador y los derechos inc\u00f3modos - CLAM - ES","og_description":"Al no presentarse representantes del Estado colombiano fue cancelada audiencia ante la Comisi\u00f3n Interamericana de Derechos Humanos para examinar la situaci\u00f3n de organizaciones defensoras de los derechos de las mujeres y de la poblaci\u00f3n LGBTI y el hostigamiento que vienen padeciendo por parte del Procurador General de la Naci\u00f3n, Alejandro Ord\u00f3\u00f1ez Maldonado.","og_url":"https:\/\/clam.org.br\/es\/noticias-clam\/el-procurador-y-los-derechos-incomodos\/851\/","og_site_name":"CLAM - ES","article_published_time":"2012-11-07T02:00:00+00:00","author":"fw2","twitter_card":"summary_large_image","twitter_misc":{"Escrito por":"fw2","Tiempo de lectura":"9 minutos"},"schema":{"@context":"https:\/\/schema.org","@graph":[{"@type":"WebPage","@id":"https:\/\/clam.org.br\/es\/noticias-clam\/el-procurador-y-los-derechos-incomodos\/851\/","url":"https:\/\/clam.org.br\/es\/noticias-clam\/el-procurador-y-los-derechos-incomodos\/851\/","name":"El Procurador y los derechos inc\u00f3modos - CLAM - ES","isPartOf":{"@id":"https:\/\/clam.org.br\/es\/#website"},"datePublished":"2012-11-07T02:00:00+00:00","author":{"@id":"https:\/\/clam.org.br\/es\/#\/schema\/person\/fbd9a86032bf7479f94b0ded196f1010"},"breadcrumb":{"@id":"https:\/\/clam.org.br\/es\/noticias-clam\/el-procurador-y-los-derechos-incomodos\/851\/#breadcrumb"},"inLanguage":"es","potentialAction":[{"@type":"ReadAction","target":["https:\/\/clam.org.br\/es\/noticias-clam\/el-procurador-y-los-derechos-incomodos\/851\/"]}]},{"@type":"BreadcrumbList","@id":"https:\/\/clam.org.br\/es\/noticias-clam\/el-procurador-y-los-derechos-incomodos\/851\/#breadcrumb","itemListElement":[{"@type":"ListItem","position":1,"name":"In\u00edcio","item":"https:\/\/clam.org.br\/es\/"},{"@type":"ListItem","position":2,"name":"El Procurador y los derechos inc\u00f3modos"}]},{"@type":"WebSite","@id":"https:\/\/clam.org.br\/es\/#website","url":"https:\/\/clam.org.br\/es\/","name":"CLAM - ES","description":"S\u00f3 mais um site CLAM - Centro Latino-Americano em Sexualidade e Direitos Humanos sites","potentialAction":[{"@type":"SearchAction","target":{"@type":"EntryPoint","urlTemplate":"https:\/\/clam.org.br\/es\/?s={search_term_string}"},"query-input":{"@type":"PropertyValueSpecification","valueRequired":true,"valueName":"search_term_string"}}],"inLanguage":"es"},{"@type":"Person","@id":"https:\/\/clam.org.br\/es\/#\/schema\/person\/fbd9a86032bf7479f94b0ded196f1010","name":"fw2","image":{"@type":"ImageObject","inLanguage":"es","@id":"https:\/\/clam.org.br\/es\/#\/schema\/person\/image\/","url":"https:\/\/secure.gravatar.com\/avatar\/c38472c0cdbde82d9b6fcc26adb3779d?s=96&d=mm&r=g","contentUrl":"https:\/\/secure.gravatar.com\/avatar\/c38472c0cdbde82d9b6fcc26adb3779d?s=96&d=mm&r=g","caption":"fw2"},"sameAs":["https:\/\/clam.fw2web.com.br"],"url":"https:\/\/clam.org.br\/es\/author\/fw2\/"}]}},"jetpack_featured_media_url":"","jetpack_sharing_enabled":true,"_links":{"self":[{"href":"https:\/\/clam.org.br\/es\/wp-json\/wp\/v2\/posts\/851","targetHints":{"allow":["GET"]}}],"collection":[{"href":"https:\/\/clam.org.br\/es\/wp-json\/wp\/v2\/posts"}],"about":[{"href":"https:\/\/clam.org.br\/es\/wp-json\/wp\/v2\/types\/post"}],"author":[{"embeddable":true,"href":"https:\/\/clam.org.br\/es\/wp-json\/wp\/v2\/users\/1"}],"replies":[{"embeddable":true,"href":"https:\/\/clam.org.br\/es\/wp-json\/wp\/v2\/comments?post=851"}],"version-history":[{"count":0,"href":"https:\/\/clam.org.br\/es\/wp-json\/wp\/v2\/posts\/851\/revisions"}],"wp:attachment":[{"href":"https:\/\/clam.org.br\/es\/wp-json\/wp\/v2\/media?parent=851"}],"wp:term":[{"taxonomy":"category","embeddable":true,"href":"https:\/\/clam.org.br\/es\/wp-json\/wp\/v2\/categories?post=851"},{"taxonomy":"post_tag","embeddable":true,"href":"https:\/\/clam.org.br\/es\/wp-json\/wp\/v2\/tags?post=851"}],"curies":[{"name":"wp","href":"https:\/\/api.w.org\/{rel}","templated":true}]}}