{"id":861,"date":"2013-01-16T00:00:00","date_gmt":"2013-01-16T02:00:00","guid":{"rendered":"https:\/\/clam.org.br\/es\/2013\/01\/16\/justicia-regresiva\/"},"modified":"2013-01-16T00:00:00","modified_gmt":"2013-01-16T02:00:00","slug":"justicia-regresiva","status":"publish","type":"post","link":"https:\/\/clam.org.br\/es\/noticias-clam\/justicia-regresiva\/861\/","title":{"rendered":"Justicia regresiva"},"content":{"rendered":"<p>En la Rep&uacute;blica Dominicana los derechos de las mujeres est&aacute;n siendo amenazados por una reforma del C&oacute;digo Penal que, parad&oacute;jicamente, busca modernizar la justicia conforme a las necesidades de la sociedad contempor&aacute;nea, seg&uacute;n reza el proyecto. El actual C&oacute;digo data de 1884. Aprobada en primer debate por la C&aacute;mara de Diputados de ese pa&iacute;s, la nueva ley echar&iacute;a por tierra avances legislativos en el reconocimiento y sanci&oacute;n de la violencia de g&eacute;nero, al circunscribirla al &aacute;mbito intrafamiliar; considerarla grave s&oacute;lo en casos de muerte o incapacidad de la v&iacute;ctima superior a 90 d&iacute;as; y reducir las penas en los cr&iacute;menes de incesto y acoso sexual, que en el caso de v&iacute;ctimas menores de edad ser&iacute;an equivalentes a las de robo simple. El proyecto de ley plantea adem&aacute;s sancionar el aborto inducido en todas las circunstancias, manteniendo el car&aacute;cter punitivo de la legislaci&oacute;n vigente. Esto es especialmente preocupante en un pa&iacute;s que registra una de las tasas m&aacute;s altas de feminicidios y de mortalidad materna en Am&eacute;rica Latina y el Caribe, as&iacute; como un elevado n&uacute;mero de abortos clandestinos.<\/p>\n<p>Organizaciones y movimientos sociales dominicanos finalizaron el a&ntilde;o con una intensa actividad de protesta frente al Congreso. La conmemoraci&oacute;n de la Campa&ntilde;a por la Eliminaci&oacute;n de la Violencia contra las Mujeres el &uacute;ltimo 25 de noviembre no pudo ser m&aacute;s significativa. A los reclamos por el cese de toda forma de violencia basada en g&eacute;nero y a favor de la implementaci&oacute;n de medidas concretas orientadas a proteger la vida y los derechos de las mujeres, se sum&oacute; la de modificar de forma inmediata el texto que elimina la tipificaci&oacute;n de la violencia de g&eacute;nero y que ha sido calificado por muchos de inconstitucional. Integrantes de partidos pol&iacute;ticos de izquierda e incluso miembros del gabinete presidencial, como Alejandrina Germ&aacute;n, ministra de la Mujer, y Margarita Cede&ntilde;o, vicepresidenta del pa&iacute;s, tambi&eacute;n se movilizaron para exigirle al Congreso el respeto por los derechos de todas las mujeres, en especial las v&iacute;ctimas de violencia. Cede&ntilde;o declar&oacute; adem&aacute;s que solicitar&aacute; el veto presidencial en caso de que el nuevo C&oacute;digo Penal sea aprobado sin modificaciones.<\/p>\n<p>En la Rep&uacute;blica Dominicana, la violencia basada en g&eacute;nero ha sido reconocida como un grave problema de salud p&uacute;blica. De acuerdo con el <a href=\"http:\/\/www.colectivamujerysalud.org\">Observatorio de la Colectiva Mujer y Salud<\/a>, los feminicidios representan la principal causa de muerte de mujeres en edad reproductiva de ese pa&iacute;s. Datos proporcionados por la Procuradur&iacute;a General de la Rep&uacute;blica se&ntilde;alan que entre 2005 y 2011 el promedio anual de feminicidios fue de 198 en general y de 128 los denominados &lsquo;&iacute;ntimos&rsquo;, es decir aquellos cuyo actor es la pareja (actual o ex-) de la v&iacute;ctima. En 2012, afirma Susi Pola, investigadora dominicana, coordinadora del proyecto de Derechos Sexuales y Reproductivos de Profamilia, se registraron 134 feminicidios generales entre enero y agosto, de los cuales 73 fueron &iacute;ntimos. Pese a que a&uacute;n no se dispone de cifras oficiales, explica la investigadora, a partir de los casos reportados por la prensa se estima que el a&ntilde;o cerr&oacute; con una cifra cercana a los 210. Este n&uacute;mero es inferior a los 233 feminicidios reportados en 2011, pero superior al promedio anual registrado entre 2005 y 2009.<\/p>\n<p>En <i><a href=\"http:\/\/www.observatoriojusticiaygenero.gob.do\/documentos\/libros\/FemicidioRepDom.pdf\">Femi(ni)cidio en Rep&uacute;blica Dominicana 2000-2006<\/a>,<\/i> publicaci&oacute;n que recoge los resultados de un estudio comparativo en Am&eacute;rica Central, Pola destaca que al iniciar el milenio la tasa de feminicidios era de aproximadamente 2 por cada 100.000 mujeres, pero que &eacute;sta pr&aacute;cticamente se duplic&oacute; en el transcurso de seis a&ntilde;os, siendo apenas superada por El Salvador y Guatemala.<\/p>\n<p>En entrevista con el CLAM, la tambi&eacute;n abogada y columnista del peri&oacute;dico <i>El Nacional<\/i> explic&oacute; que si bien las cifras no han fluctuado mucho en los &uacute;ltimos a&ntilde;os &ndash;salvo en dos per&iacute;odos (2007-2008 y 2010-2011) en los que se registran incrementos repentinos&ndash; el problema no solo es cuantitativo, sino que tambi&eacute;n se relaciona con la aparici&oacute;n de nuevas modalidades de este crimen, como el llamado \u00abfeminicidio ampliado\u00bb que <i>&ldquo;sobrepasa la violencia dirigida a una sola mujer&rdquo;.<\/i> Un ejemplo de ello es lo ocurrido en el sector de Invivienda en la capital, Santo Domingo, el 30 de diciembre de 2012, explica, cuando un hombre asesin&oacute; a su ex novia y a tres mujeres m&aacute;s, incluyendo a una ni&ntilde;a de dos a&ntilde;os, sobrina de la ex novia. A esto se suma el <i>&ldquo;desbordamiento de acciones mis&oacute;ginas que se producen con frecuencia en los escenarios de feminicidios&rdquo;,<\/i> afirma, como los descuartizamientos y las muertes causadas con excesiva crueldad, que ponen de manifiesto la alarmante situaci&oacute;n que viven las mujeres dominicanas.<\/p>\n<p>Pese a que el tema fue objeto de silencio legal durante varios a&ntilde;os, en 1997 el Congreso dominicano dio un paso significativo al sancionar la Ley 24-97, que tipific&oacute; como delito la violencia intrafamiliar y contra las mujeres dentro y fuera del hogar, e incluy&oacute; en la categor&iacute;a de \u00abagresiones sexuales\u00bb aquellas ocurridas en el seno de la pareja, as&iacute; como el incesto y el acoso sexual. Por eso resulta desconcertante que 15 a&ntilde;os despu&eacute;s, cuando los derechos de las mujeres han adquirido mayor reconocimiento en el &aacute;mbito internacional y se ha profundizado el debate en torno a las m&uacute;ltiples formas de violencia a las que est&aacute;n expuestas, una propuesta legislativa de esta &iacute;ndole logre un apoyo significativo en el Congreso de ese pa&iacute;s.<\/p>\n<p>Los defensores de la reforma afirman que, en lugar de socavar los derechos de las mujeres, el nuevo C&oacute;digo Penal contribuir&iacute;a a su garant&iacute;a al tipificar el delito de feminicidio, que ha sido una demanda de organizaciones de mujeres y feministas tanto en Rep&uacute;blica Dominicana como en otros pa&iacute;ses de la regi&oacute;n. No obstante, Pola, pionera en las investigaciones sobre feminicidio en el pa&iacute;s, explica que la propuesta presentada por la Comisi&oacute;n de Justicia de la C&aacute;mara de Diputados s&oacute;lo reconoce el feminicidio &iacute;ntimo, <i>&ldquo;es decir, aquel perpetrado por la pareja o ex pareja, dejando fuera m&aacute;s del 30% de los feminicidios que ocurren en la Rep&uacute;blica Dominicana en contra de mujeres que no conocen de manera &iacute;ntima a su agresor&rdquo;. <\/i><\/p>\n<p>La investigadora se&ntilde;ala que si bien este retroceso se debe a m&uacute;ltiples causas, sobresale <i>&ldquo;el poco reconocimiento a la brecha de g&eacute;nero que existe y a la violencia contra las mujeres que  produce en el pa&iacute;s&rdquo;,<\/i> lo cual se traduce en una ceguera legislativa frente al tema. <i>&ldquo;Esta es una situaci&oacute;n invisible aun para el componente pol&iacute;tico cultural del sistema jur&iacute;dico legal y esto abarca a los\/as hacedores\/as de leyes. En el imaginario del Congreso dominicano, la violencia contra las mujeres no es diferente de las dem&aacute;s violencias y por lo tanto no se ve la necesidad de establecer un reconocimiento aparte de estas&rdquo;,<\/i> concluye. En este sentido, se&ntilde;ala la urgencia de llevar los debates sobre g&eacute;nero a las distintas instancias del Estado, de modo que permitan comprender mejor las diferencias que produce y sus efectos en la vida de las personas. Algo que, seg&uacute;n afirma, a&uacute;n no ha ocurrido en la Rep&uacute;blica Dominicana.<\/p>\n<p>Otro de los aspectos m&aacute;s cuestionados del proyecto de reforma penal es la criminalizaci&oacute;n total del aborto inducido. Pese a que no existen cifras oficiales al respecto, un estudio del Centro de Estudios Sociales y Demogr&aacute;ficos de ese pa&iacute;s estim&oacute; en 1994 un promedio anual de 82.500 abortos, cifra que de acuerdo con el Guttmacher Institute se elev&oacute; a 90.000 a finales de la d&eacute;cada y que expertas y expertos calculan en 100.000 y 150.000 en la actualidad. Se estima que del total de mujeres que se practican un aborto cada a&ntilde;o, 80% son adolescentes cuyas edades oscilan entre 12 y 18 a&ntilde;os.<\/p>\n<p>Las complicaciones derivadas de abortos clandestinos constituyen la cuarta causa de mortalidad materna en el pa&iacute;s caribe&ntilde;o, que ostenta una de las tasas m&aacute;s altas del continente: 159 muertes por cada 100.000 nacidos vivos seg&uacute;n la <i><a href=\"http:\/\/www.cesdem.com\/html\/endesa_2007_informe_preliminar.pdf\">Encuesta Demogr&aacute;fica y de Salud 2007<\/a>.<\/i> 13% de estos decesos est&aacute;n relacionadaos con el aborto ilegal seg&uacute;n las estad&iacute;sticas oficiales; no obstante, la Sociedad Dominicana de Ginecolog&iacute;a y Obstetricia estima esta cifra en un 20%.<\/p>\n<p>A este complejo panorama se suma una precaria situaci&oacute;n en materia de derechos reproductivos. La Rep&uacute;blica Dominicana reporta altos porcentajes de demanda insatisfecha de planificaci&oacute;n familiar, tasa referida al <i>&ldquo;porcentaje de mujeres unidas que no desean tener m&aacute;s hijos o que postergar&iacute;an el siguiente nacimiento de un hijo, pero que no est&aacute;n usando un m&eacute;todo de planificaci&oacute;n familiar&rdquo;,<\/i> seg&uacute;n define la CEPAL. En 2007 este indicador se situaba en 11,4 puntos porcentuales para el pa&iacute;s.<\/p>\n<p>La Rep&uacute;blica Dominicana es uno de los 6 pa&iacute;ses del mundo que punen la interrupci&oacute;n voluntaria del embarazo bajo cualquier circunstancia. No obstante, actualmente existe debate en torno al estatus de dicha prohibici&oacute;n. Para algunos, este impedimento es de car&aacute;cter constitucional, dado que el art&iacute;culo 37 de la Carta aprobada en 2010 protege el derecho a la vida desde el momento de la concepci&oacute;n. Sin embargo, otros se&ntilde;alan que en la misma Constituci&oacute;n existen art&iacute;culos que podr&iacute;an sustentar la interrupci&oacute;n voluntaria del embarazo por determinadas causales. Tal es el caso del art&iacute;culo 38, afirma Pola, seg&uacute;n el cual <i>&ldquo;el Estado se fundamenta en el respeto a la dignidad de la persona y se organiza para la protecci&oacute;n real y efectiva de los derechos fundamentales que le son inherentes, dejando establecido que la dignidad del ser humano es sagrada, innata e inviolable; que su respeto y su protecci&oacute;n constituyen una responsabilidad esencial de los poderes p&uacute;blicos&rdquo;.<\/i><\/p>\n<p>La investigadora dominicana cita adem&aacute;s el argumento desarrollado por el abogado constitucionalista Crist&oacute;bal Rodr&iacute;guez en su libro <i><a href=\"http:\/\/profamilia.org.do\/empoderate\/images\/stories\/pdf\/La%20interrupcion%20del%20embarazomail.pdf\">La interrupci&oacute;n del embarazo: an&aacute;lisis constitucional para el debate<\/a><\/i> (2012), que aduce que si bien es claro que la Constituci&oacute;n reconoce la vida desde la concepci&oacute;n, el texto no resuelve el conflicto de derechos entre la madre y el nascituro, y a su vez brinda un marco para la soluci&oacute;n de conflictos de este tipo.<\/p>\n<p>Seg&uacute;n explica Pola, <i>&ldquo;existe una jurisprudencia internacional asociada a los supuestos m&aacute;s comunes de despenalizaci&oacute;n del aborto en el derecho comparado. Las causales m&aacute;s frecuentes de despenalizaci&oacute;n del aborto son la violaci&oacute;n, el peligro de la vida de la madre y la discapacidad f&iacute;sica o mental grave del feto y para ellas existe en el Derecho una serie de razones que son perfectamente oponibles a la penalizaci&oacute;n dominicana. Es decir que la misma Constituci&oacute;n tiene contradicciones que habr&aacute; que resolver a medida que se vayan constitucionalizando las leyes adjetivas y alegar en una posible despenalizaci&oacute;n del aborto por causales. Estos procesos, realizados en la mayor&iacute;a de los pa&iacute;ses del mundo, establecieron una doctrina y jurisprudencia internacional a la que la Rep&uacute;blica Dominicana tendr&aacute; que acudir. En otras palabras, es falso decir que la Constituci&oacute;n proh&iacute;be la despenalizaci&oacute;n del aborto por causales&rdquo;.<\/i> No obstante, de ser aprobado el C&oacute;digo Penal como est&aacute; redactado, quedar&iacute;a parcialmente zanjada esta discusi&oacute;n y ser&iacute;a ratificada la postura de criminalizaci&oacute;n absoluta del aborto, acarreando terribles consecuencias para las mujeres. <i>&ldquo;La mortalidad materna seguir&aacute; mostrando cifras vergonzosas para el pa&iacute;s, los derechos fundamentales de las mujeres ser&aacute;n conculcados, y en general, nos mantendremos en un Estado permanente de violaci&oacute;n a los derechos de las mujeres, siendo las pobres las m&aacute;s castigadas, con todo lo que esto conlleva&rdquo;,<\/i> predice Pola.<\/p>\n","protected":false},"excerpt":{"rendered":"<p>Proyecto que busca modernizar el C\u00f3digo Penal dominicano propone, parad\u00f3jicamente, reducir la sanci\u00f3n de la violencia de g\u00e9nero al circunscribirla al \u00e1mbito de la \u00abviolencia intrafamiliar\u00bb y mantener la penalizaci\u00f3n del aborto en cualquier circunstancia. M\u00faltiples protestas ante su media sanci\u00f3n.<\/p>\n","protected":false},"author":1,"featured_media":0,"comment_status":"open","ping_status":"open","sticky":false,"template":"","format":"standard","meta":{"_acf_changed":false,"site-sidebar-layout":"default","site-content-layout":"default","ast-global-header-display":"","ast-main-header-display":"","ast-hfb-above-header-display":"","ast-hfb-below-header-display":"","ast-hfb-mobile-header-display":"","site-post-title":"","ast-breadcrumbs-content":"","ast-featured-img":"","footer-sml-layout":"","theme-transparent-header-meta":"","adv-header-id-meta":"","stick-header-meta":"","header-above-stick-meta":"","header-main-stick-meta":"","header-below-stick-meta":"","_jetpack_memberships_contains_paid_content":false,"footnotes":""},"categories":[7],"tags":[],"class_list":["post-861","post","type-post","status-publish","format-standard","hentry","category-noticias-clam"],"acf":[],"yoast_head":"<!-- This site is optimized with the Yoast SEO plugin v26.1.1 - https:\/\/yoast.com\/wordpress\/plugins\/seo\/ -->\n<title>Justicia regresiva - CLAM - ES<\/title>\n<meta name=\"robots\" content=\"index, follow, max-snippet:-1, max-image-preview:large, max-video-preview:-1\" \/>\n<link rel=\"canonical\" href=\"https:\/\/clam.org.br\/es\/noticias-clam\/justicia-regresiva\/861\/\" \/>\n<meta property=\"og:locale\" content=\"es_ES\" \/>\n<meta property=\"og:type\" content=\"article\" \/>\n<meta property=\"og:title\" content=\"Justicia regresiva - CLAM - ES\" \/>\n<meta property=\"og:description\" content=\"Proyecto que busca modernizar el C\u00f3digo Penal dominicano propone, parad\u00f3jicamente, reducir la sanci\u00f3n de la violencia de g\u00e9nero al circunscribirla al \u00e1mbito de la &quot;violencia intrafamiliar&quot; y mantener la penalizaci\u00f3n del aborto en cualquier circunstancia. M\u00faltiples protestas ante su media sanci\u00f3n.\" \/>\n<meta property=\"og:url\" content=\"https:\/\/clam.org.br\/es\/noticias-clam\/justicia-regresiva\/861\/\" \/>\n<meta property=\"og:site_name\" content=\"CLAM - ES\" \/>\n<meta property=\"article:published_time\" content=\"2013-01-16T02:00:00+00:00\" \/>\n<meta name=\"author\" content=\"fw2\" \/>\n<meta name=\"twitter:card\" content=\"summary_large_image\" \/>\n<meta name=\"twitter:label1\" content=\"Escrito por\" \/>\n\t<meta name=\"twitter:data1\" content=\"fw2\" \/>\n\t<meta name=\"twitter:label2\" content=\"Tiempo de lectura\" \/>\n\t<meta name=\"twitter:data2\" content=\"11 minutos\" \/>\n<script type=\"application\/ld+json\" class=\"yoast-schema-graph\">{\"@context\":\"https:\/\/schema.org\",\"@graph\":[{\"@type\":\"WebPage\",\"@id\":\"https:\/\/clam.org.br\/es\/noticias-clam\/justicia-regresiva\/861\/\",\"url\":\"https:\/\/clam.org.br\/es\/noticias-clam\/justicia-regresiva\/861\/\",\"name\":\"Justicia regresiva - CLAM - ES\",\"isPartOf\":{\"@id\":\"https:\/\/clam.org.br\/es\/#website\"},\"datePublished\":\"2013-01-16T02:00:00+00:00\",\"author\":{\"@id\":\"https:\/\/clam.org.br\/es\/#\/schema\/person\/fbd9a86032bf7479f94b0ded196f1010\"},\"breadcrumb\":{\"@id\":\"https:\/\/clam.org.br\/es\/noticias-clam\/justicia-regresiva\/861\/#breadcrumb\"},\"inLanguage\":\"es\",\"potentialAction\":[{\"@type\":\"ReadAction\",\"target\":[\"https:\/\/clam.org.br\/es\/noticias-clam\/justicia-regresiva\/861\/\"]}]},{\"@type\":\"BreadcrumbList\",\"@id\":\"https:\/\/clam.org.br\/es\/noticias-clam\/justicia-regresiva\/861\/#breadcrumb\",\"itemListElement\":[{\"@type\":\"ListItem\",\"position\":1,\"name\":\"In\u00edcio\",\"item\":\"https:\/\/clam.org.br\/es\/\"},{\"@type\":\"ListItem\",\"position\":2,\"name\":\"Justicia regresiva\"}]},{\"@type\":\"WebSite\",\"@id\":\"https:\/\/clam.org.br\/es\/#website\",\"url\":\"https:\/\/clam.org.br\/es\/\",\"name\":\"CLAM - ES\",\"description\":\"S\u00f3 mais um site CLAM - Centro Latino-Americano em Sexualidade e Direitos Humanos sites\",\"potentialAction\":[{\"@type\":\"SearchAction\",\"target\":{\"@type\":\"EntryPoint\",\"urlTemplate\":\"https:\/\/clam.org.br\/es\/?s={search_term_string}\"},\"query-input\":{\"@type\":\"PropertyValueSpecification\",\"valueRequired\":true,\"valueName\":\"search_term_string\"}}],\"inLanguage\":\"es\"},{\"@type\":\"Person\",\"@id\":\"https:\/\/clam.org.br\/es\/#\/schema\/person\/fbd9a86032bf7479f94b0ded196f1010\",\"name\":\"fw2\",\"image\":{\"@type\":\"ImageObject\",\"inLanguage\":\"es\",\"@id\":\"https:\/\/clam.org.br\/es\/#\/schema\/person\/image\/\",\"url\":\"https:\/\/secure.gravatar.com\/avatar\/c38472c0cdbde82d9b6fcc26adb3779d?s=96&d=mm&r=g\",\"contentUrl\":\"https:\/\/secure.gravatar.com\/avatar\/c38472c0cdbde82d9b6fcc26adb3779d?s=96&d=mm&r=g\",\"caption\":\"fw2\"},\"sameAs\":[\"https:\/\/clam.fw2web.com.br\"],\"url\":\"https:\/\/clam.org.br\/es\/author\/fw2\/\"}]}<\/script>\n<!-- \/ Yoast SEO plugin. -->","yoast_head_json":{"title":"Justicia regresiva - CLAM - ES","robots":{"index":"index","follow":"follow","max-snippet":"max-snippet:-1","max-image-preview":"max-image-preview:large","max-video-preview":"max-video-preview:-1"},"canonical":"https:\/\/clam.org.br\/es\/noticias-clam\/justicia-regresiva\/861\/","og_locale":"es_ES","og_type":"article","og_title":"Justicia regresiva - CLAM - ES","og_description":"Proyecto que busca modernizar el C\u00f3digo Penal dominicano propone, parad\u00f3jicamente, reducir la sanci\u00f3n de la violencia de g\u00e9nero al circunscribirla al \u00e1mbito de la \"violencia intrafamiliar\" y mantener la penalizaci\u00f3n del aborto en cualquier circunstancia. M\u00faltiples protestas ante su media sanci\u00f3n.","og_url":"https:\/\/clam.org.br\/es\/noticias-clam\/justicia-regresiva\/861\/","og_site_name":"CLAM - ES","article_published_time":"2013-01-16T02:00:00+00:00","author":"fw2","twitter_card":"summary_large_image","twitter_misc":{"Escrito por":"fw2","Tiempo de lectura":"11 minutos"},"schema":{"@context":"https:\/\/schema.org","@graph":[{"@type":"WebPage","@id":"https:\/\/clam.org.br\/es\/noticias-clam\/justicia-regresiva\/861\/","url":"https:\/\/clam.org.br\/es\/noticias-clam\/justicia-regresiva\/861\/","name":"Justicia regresiva - CLAM - ES","isPartOf":{"@id":"https:\/\/clam.org.br\/es\/#website"},"datePublished":"2013-01-16T02:00:00+00:00","author":{"@id":"https:\/\/clam.org.br\/es\/#\/schema\/person\/fbd9a86032bf7479f94b0ded196f1010"},"breadcrumb":{"@id":"https:\/\/clam.org.br\/es\/noticias-clam\/justicia-regresiva\/861\/#breadcrumb"},"inLanguage":"es","potentialAction":[{"@type":"ReadAction","target":["https:\/\/clam.org.br\/es\/noticias-clam\/justicia-regresiva\/861\/"]}]},{"@type":"BreadcrumbList","@id":"https:\/\/clam.org.br\/es\/noticias-clam\/justicia-regresiva\/861\/#breadcrumb","itemListElement":[{"@type":"ListItem","position":1,"name":"In\u00edcio","item":"https:\/\/clam.org.br\/es\/"},{"@type":"ListItem","position":2,"name":"Justicia regresiva"}]},{"@type":"WebSite","@id":"https:\/\/clam.org.br\/es\/#website","url":"https:\/\/clam.org.br\/es\/","name":"CLAM - ES","description":"S\u00f3 mais um site CLAM - Centro Latino-Americano em Sexualidade e Direitos Humanos sites","potentialAction":[{"@type":"SearchAction","target":{"@type":"EntryPoint","urlTemplate":"https:\/\/clam.org.br\/es\/?s={search_term_string}"},"query-input":{"@type":"PropertyValueSpecification","valueRequired":true,"valueName":"search_term_string"}}],"inLanguage":"es"},{"@type":"Person","@id":"https:\/\/clam.org.br\/es\/#\/schema\/person\/fbd9a86032bf7479f94b0ded196f1010","name":"fw2","image":{"@type":"ImageObject","inLanguage":"es","@id":"https:\/\/clam.org.br\/es\/#\/schema\/person\/image\/","url":"https:\/\/secure.gravatar.com\/avatar\/c38472c0cdbde82d9b6fcc26adb3779d?s=96&d=mm&r=g","contentUrl":"https:\/\/secure.gravatar.com\/avatar\/c38472c0cdbde82d9b6fcc26adb3779d?s=96&d=mm&r=g","caption":"fw2"},"sameAs":["https:\/\/clam.fw2web.com.br"],"url":"https:\/\/clam.org.br\/es\/author\/fw2\/"}]}},"jetpack_featured_media_url":"","jetpack_sharing_enabled":true,"_links":{"self":[{"href":"https:\/\/clam.org.br\/es\/wp-json\/wp\/v2\/posts\/861","targetHints":{"allow":["GET"]}}],"collection":[{"href":"https:\/\/clam.org.br\/es\/wp-json\/wp\/v2\/posts"}],"about":[{"href":"https:\/\/clam.org.br\/es\/wp-json\/wp\/v2\/types\/post"}],"author":[{"embeddable":true,"href":"https:\/\/clam.org.br\/es\/wp-json\/wp\/v2\/users\/1"}],"replies":[{"embeddable":true,"href":"https:\/\/clam.org.br\/es\/wp-json\/wp\/v2\/comments?post=861"}],"version-history":[{"count":0,"href":"https:\/\/clam.org.br\/es\/wp-json\/wp\/v2\/posts\/861\/revisions"}],"wp:attachment":[{"href":"https:\/\/clam.org.br\/es\/wp-json\/wp\/v2\/media?parent=861"}],"wp:term":[{"taxonomy":"category","embeddable":true,"href":"https:\/\/clam.org.br\/es\/wp-json\/wp\/v2\/categories?post=861"},{"taxonomy":"post_tag","embeddable":true,"href":"https:\/\/clam.org.br\/es\/wp-json\/wp\/v2\/tags?post=861"}],"curies":[{"name":"wp","href":"https:\/\/api.w.org\/{rel}","templated":true}]}}