{"id":904,"date":"2013-08-01T00:00:00","date_gmt":"2013-08-01T03:00:00","guid":{"rendered":"https:\/\/clam.org.br\/es\/2013\/08\/01\/aborto-ecos-y-reacciones\/"},"modified":"2013-08-01T00:00:00","modified_gmt":"2013-08-01T03:00:00","slug":"aborto-ecos-y-reacciones","status":"publish","type":"post","link":"https:\/\/clam.org.br\/es\/noticias-clam\/aborto-ecos-y-reacciones\/904\/","title":{"rendered":"Aborto: ecos y reacciones"},"content":{"rendered":"<p><a href=\"http:\/\/www.clam.org.br\/ES\/destaque\/conteudo.asp?cod=10756\">La estruendosa derrota de los sectores antiaborto uruguayos el pasado 23 de junio<\/a> &ndash;que mediante consulta popular buscaron derogar la ley de Interrupci&oacute;n Voluntaria del Embarazo&ndash; reson&oacute; en toda la regi&oacute;n. Activistas e investigadoras\/es de varios pa&iacute;ses celebraron el apoyo de la sociedad a los derechos de las mujeres y conf&iacute;an en su impacto positivo en el debate regional sobre el tema. En los &uacute;ltimos a&ntilde;os algunos pa&iacute;ses latinoamericanos han modificado sus legislaciones para garantizar la interrupci&oacute;n del embarazo en condiciones m&aacute;s seguras &ndash;la mayor&iacute;a de ellos por causales&ndash;, sin embargo, los embates conservadores no cesan. Como en otras oportunidades en que la agenda del derecho a la sexualidad y la reproducci&oacute;n ha reportado logros, la reacci&oacute;n no se ha hecho esperar. Ser&iacute;a arriesgado afirmar que toda la regi&oacute;n avanza en una misma direcci&oacute;n. En Brasil, Colombia y Per&uacute;, por ejemplo, cursan iniciativas legislativas y populares que buscan restringir a&uacute;n m&aacute;s la autonom&iacute;a de las mujeres para decidir sobre sus cuerpos.<\/p>\n<p><a href=\"http:\/\/www.guttmacher.org\/pubs\/fb_IAW.pdf\">  Un reporte del Guttmacher Institute<\/a> publicado en febrero del a&ntilde;o pasado se&ntilde;alaba que Am&eacute;rica Latina registra las tasas de aborto inducido m&aacute;s altas del mundo. Seg&uacute;n el documento, se estima que 32 de cada 1000 mujeres entre los 15 y 44 a&ntilde;os han interrumpido por lo menos un embarazo. En segundo lugar se encuentra &Aacute;frica (con una tasa de 29 abortos por 1000 mujeres), Asia (28) y Europa (27). Si bien estos procedimientos cayeron entre 1995 y 2003 de 37 abortos inducidos cada 1000 mujeres a 31, en 2008 la tasa se estabiliz&oacute; en 32. En el seno de la regi&oacute;n, las tendencias var&iacute;an: Am&eacute;rica Central, incluyendo M&eacute;xico, registra el n&uacute;mero de abortos inducidos m&aacute;s bajo, con 29 por cada 1000 mujeres. En orden ascendente le siguen Am&eacute;rica del Sur (32) y El Caribe (39), incluyendo Cuba, donde el aborto es legal y generalmente seguro. Pero menor n&uacute;mero de abortos inducidos no necesariamente significa &iacute;ndices m&aacute;s bajos de mortalidad materna. El Caribe es la subregi&oacute;n con la tasa m&aacute;s baja de abortos inseguros, con 46%, en comparaci&oacute;n con Am&eacute;rica Central y Am&eacute;rica del Sur, donde los procedimientos lo son en casi el 100% de las veces. Esto constata una vez m&aacute;s la urgencia para que el Estado regule dichas pr&aacute;cticas y no evada sus responsabilidades releg&aacute;ndolas al &aacute;mbito de la ilegalidad.<\/p>\n<p><b>Uruguay: el rev&eacute;s de la demagogia<\/b><\/p>\n<p>Someter los derechos humanos a consulta popular ha sido una de las estrategias de quienes buscan de modo oportunista y demag&oacute;gico mantener jerarqu&iacute;as sociales, so pretexto de hacer valer la &quot;voluntad del pueblo&quot;. Apelar a los prejuicios de una sociedad acerca de un grupo de personas para decidir si son merecedoras de iguales derechos s&oacute;lo puede conducir a la reafirmaci&oacute;n legal de un orden desigual. Sin embargo, cuando el designio de sectores que buscan mantener su posici&oacute;n de poder no es compartido por los ciudadanos, el resultado puede ser contraproducente y minar su legitimidad en la sociedad. Es lo que ocurri&oacute; en Uruguay.<\/p>\n<p>Para Susana Rostagnol, antrop&oacute;loga feminista e investigadora de la Universidad de la Rep&uacute;blica, el  fracaso del llamado a refer&eacute;ndum constata que Uruguay es un pa&iacute;s laico, donde la distinci&oacute;n entre religi&oacute;n y pol&iacute;tica es clara incluso entre los creyentes. <i>&quot;Esta baja votaci&oacute;n demuestra el poco asidero que tienen estos sectores, incluso sobre quienes profesan la fe. Porque si se hace un censo, se observar&iacute;a que hay un porcentaje de poblaci&oacute;n, superior al que vot&oacute;, que se considera cat&oacute;lica o evang&eacute;lica. Lo que ocurri&oacute; evidencia una separaci&oacute;n entre lo que dice la religi&oacute;n y lo que pasa en el Estado. La gente no necesariamente sigue a los l&iacute;deres religiosos&quot;,<\/i> afirma la investigadora uruguaya.<\/p>\n<p>Rostagnol se&ntilde;ala que la despenalizaci&oacute;n del aborto en el pa&iacute;s es resultado de un proceso que se remonta al final de la dictadura y la reinstauraci&oacute;n de la democracia en 1985. Desde ese a&ntilde;o se presentaron varios proyectos de ley con este objetivo, uno de los cuales fue aprobado por el legislativo, pero vetado por Tabar&eacute; V&aacute;squez. <i>&quot;Este resultado no es producto de la casualidad, ni algo que sali&oacute; de carambola. Desde hace muchos a&ntilde;os se ven&iacute;a trabajando en ello&quot;,<\/i> comenta. Y recalca la importancia de reconocer <i>&quot;la densidad que antecede al debate&quot;<\/i> uruguayo, as&iacute; como <i>&quot;el efecto acumulativo&quot;<\/i> de la agencia del movimiento de mujeres.<\/p>\n<p><b>Causales en peligro<\/b><\/p>\n<p>En otros pa&iacute;ses, los recursos legales interpuestos por organizaciones seculares de filiaci&oacute;n religiosa &ndash;que han acudido a mecanismos democr&aacute;ticos para instalar su agenda en el &aacute;mbito legislativo&ndash;, han logrado imponerse. En M&eacute;xico, por ejemplo, luego de que en 2007 la Asamblea Legislativa del Distrito Federal despenalizara el aborto, hubo una oleada de reformas a las constituciones estatales para contrarrestar ese avance. Ya son 16 los estados de la Rep&uacute;blica que han incluido la protecci&oacute;n  de la vida desde la concepci&oacute;n y el n&uacute;mero podr&iacute;a aumentar si es aprobada una propuesta de reforma a la Constituci&oacute;n de Aguascalientes para dotar de personalidad jur&iacute;dica al producto de la concepci&oacute;n. Las reformas buscan evitar que lo ocurrido en el Distrito Federal se replique a lo largo del pa&iacute;s. Para ello promueven la limitaci&oacute;n de la autonom&iacute;a de las mujeres y la profundizaci&oacute;n de las penas para quienes abortan.<\/p>\n<p>Pero este panorama podr&iacute;a cambiar si se aprueba una reforma a la Constituci&oacute;n Federal propuesta por el Ejecutivo, que le conferir&iacute;a al Congreso de la Rep&uacute;blica la facultad de promulgar un C&oacute;digo Penal &uacute;nico. La iniciativa pas&oacute; con &eacute;xito su tr&aacute;mite en la C&aacute;mara y el Senado, y ahora debe ser ratificada por los Congresos estatales antes de la promulgaci&oacute;n presidencial. Seg&uacute;n el portal mexicano <a href=\"http:\/\/www.cimacnoticias.com.mx\/node\/63221\">CIMAC Noticias<\/a>, organizaciones feministas han celebrado la idea, ya que abre la oportunidad de despenalizar el aborto en todo el pa&iacute;s, por lo que han propuesto que el Pacto por M&eacute;xico (acuerdo pol&iacute;tico nacional suscrito por el presidente de la Rep&uacute;blica y representantes de los partidos PAN, PRI, PRD y el Partido Verde) incluya este tema en su agenda. En entrevista con CIMAC, Alma Beltr&aacute;n y Puga, coordinadora jur&iacute;dica del Grupo de Informaci&oacute;n en Reproducci&oacute;n Elegida (GIRE), ha ponderado la posibilidad de que los partidos pol&iacute;ticos se comprometan a sacar adelante la despenalizaci&oacute;n del aborto como parte de la unificaci&oacute;n del C&oacute;digo Penal, por lo que esto significar&iacute;a para todas las mexicanas. No obstante advierte que tambi&eacute;n es probable que no se legisle sobre este punto, lo que dejar&iacute;a intactas las leyes estatales; o que se mantenga la potestad de los estados para regular el tema, lo que tampoco reportar&iacute;a beneficio alguno. En todo caso, la reforma a la Constituci&oacute;n Federal con seguridad le dar&aacute; un nuevo aire al debate sobre aborto en el pa&iacute;s.<\/p>\n<p>En Colombia, una coalici&oacute;n de organizaciones \u00abpro-vida\u00bb y senadores de la Rep&uacute;blica puso en marcha un proceso de consulta popular con el fin de penalizar el aborto sin excepciones. Hasta el momento recolectaron un n&uacute;mero de firmas superior al 5 por mil del censo electoral, que les permiti&oacute; crear un comit&eacute; promotor de refer&eacute;ndum ante la Registradur&iacute;a Nacional del Estado Civil, para impulsar una reforma constitucional en una l&iacute;nea similar a las reformas mexicanas. Hace dos semanas, Jos&eacute; Dario Salazar, Senador y presidente del Partido Conservador, se&ntilde;al&oacute; que el &oacute;rgano electoral hab&iacute;a verificado la validez de las firmas y convoc&oacute; a los colombianos a recolectar las 1.600.000 requeridas (5% del censo electoral) para que antes de seis meses (plazo estipulado por la ley) el Comit&eacute; pueda presentar ante el Congreso el proyecto de convocatoria a refer&eacute;ndum. La sentencia de la Corte Constitucional colombiana que despenaliz&oacute; el aborto por causales (cuando el embarazo representa peligro para la vida o la salud de la mujer, en casos de malformaci&oacute;n fetal inviable con la vida o cuando el embarazo es producto de violaci&oacute;n) ha tenido que soportar adem&aacute;s los ya conocidos <a href=\"http:\/\/www.clam.org.br\/es\/noticias-clam\/conteudo.asp?cod=10003\">ataques de Alejandro Ord&oacute;&ntilde;ez Maldonado, Procurador General de la Naci&oacute;n<\/a>.<\/p>\n<p>Ordo&ntilde;ez ha criticado abiertamente la c&aacute;tedra nacional de educaci&oacute;n sexual &ndash;a la que denomina &quot;c&aacute;tedra del aborto&quot;&ndash; y ha calificado la anticoncepci&oacute;n oral de emergencia de m&eacute;todo abortivo. No es de extra&ntilde;arse, pues pertenece a la Fraternidad Sacerdotal Pio X, fundada por Marcel Fran&ccedil;ois Lefebvre en reacci&oacute;n al Concilio Vaticano II. Entre otros aspectos, la Fraternidad cuestiona la separaci&oacute;n entre Iglesia y Estado. El Procurador General tambi&eacute;n ha divulgado informaci&oacute;n falsa sobre la despenalizaci&oacute;n del aborto, se&ntilde;alando que &eacute;ste no es un derecho reconocido en el pa&iacute;s. Esto le vali&oacute; una sanci&oacute;n del Tribunal Constitucional que lo oblig&oacute; a rectificar lo dicho por violar los derechos fundamentales de acceso a la salud, libre desarrollo de la personalidad e informaci&oacute;n sobre salud sexual y reproductiva. Pese a ello, ha seguido usando su posici&oacute;n en el Ministerio P&uacute;blico para limitar los derechos de mujeres y poblaci&oacute;n LGBTI, en contrav&iacute;a de la misi&oacute;n constitucional de dicha instituci&oacute;n.<\/p>\n<p>En Per&uacute;, el panorama no es m&aacute;s alentador. Un dictamen de la Comisi&oacute;n de Mujer y Familia del Congreso de la Rep&uacute;blica que modifica el C&oacute;digo de Ni&ntilde;os, Ni&ntilde;as y Adolescentes puede llevar al pa&iacute;s a engrosar, junto a <a href=\"http:\/\/www.clam.org.br\/ES\/destaque\/conteudo.asp?cod=10803\">El Salvador<\/a>, Nicaragua, Honduras, Rep&uacute;blica Dominicana y Chile, la lista de naciones latinoamericanas que proh&iacute;ben el aborto sin excepci&oacute;n. Las modificaciones de la Comisi&oacute;n estipulan que el &quot;concebido&quot; goce de los mismos derechos que un ni&ntilde;o o adolescente y que en caso de conflicto con otros derechos, como los de las mujeres, prevalezcan los primeros.<\/p>\n<p>Rossina Guerrero, directora del Centro de Promoci&oacute;n y Defensa de los Derechos Sexuales y Reproductivos &ndash; PROMSEX, <a href=\"http:\/\/www.promsex.org\/informacion\/notas-de-prensa\/2902-califican-de-nefasto-a-dictamen-aprobado-hoy-en-la-comision-de-la-mujer-del-congreso\">manifest&oacute; en un comunicado de prensa<\/a> de esa organizaci&oacute;n su preocupaci&oacute;n por el uso irregular del citado C&oacute;digo con el fin de penalizar el aborto sin abordar el tema de forma expl&iacute;cita. De ser aprobada esta modificaci&oacute;n, se echar&iacute;a abajo la permisi&oacute;n del aborto terap&eacute;utico, contemplada por el C&oacute;digo Penal peruano desde 1924. La medida, afirma Guerrero, implica <i>&quot;condenar a las mujeres a la muerte si es que su vida y salud est&aacute;n en riesgo, acerc&aacute;ndonos a pa&iacute;ses donde la penalizaci&oacute;n del aborto es absoluta&quot;.<\/i> Por ello exigi&oacute; que si se quiere penalizar el aborto, sea discutido el tema de forma abierta, sin acudir a subterfugios legales.<\/p>\n<p>En su p&aacute;gina PROMSEX se&ntilde;ala que entre las modificaciones al C&oacute;digo se suspendi&oacute; tambi&eacute;n la obligaci&oacute;n del Estado de brindar informaci&oacute;n sobre sexualidad a las y los adolescentes. <i>&quot;Ello significa algo sumamente grave, pues en nuestro pa&iacute;s, los adolescentes sufren de una serie de eventos adversos producto de una sexualidad, sin informaci&oacute;n y sin servicios integrales&quot;,<\/i> afirm&oacute; Guerrero, quien record&oacute; que las tasas de embarazo adolescente en el pa&iacute;s alcanzan el 13.2%, y 29% de las muertes maternas se deben a complicaciones derivadas de abortos clandestinos.<\/p>\n<p>En Brasil, una iniciativa legislativa pretende reconocer la personalidad civil de los ciudadanos desde la concepci&oacute;n, exigir a violadores el pago de pensi&oacute;n alimenticia al producto del acto no consentido y castigar la apolog&iacute;a al aborto, as&iacute; como el uso de im&aacute;genes o expresiones &quot;injuriosas&quot; respecto del no nacido. La versi&oacute;n original del proyecto, conocido como Estatuto del Nascituro, prohib&iacute;a el aborto bajo cualquier circunstancia y lo consideraba crimen atroz. Si bien este aspecto fue modificado, el proyecto ha sido criticado por organizaciones feministas y por la ONU, ya que contribuir&iacute;a a reducir a&uacute;n m&aacute;s las libertades de las mujeres brasile&ntilde;as y reforzar&iacute;a la aceptaci&oacute;n social de la violaci&oacute;n. El proyecto de ley ya fue aprobado por la Comisi&oacute;n de Finanzas y Tributaci&oacute;n de la C&aacute;mara de Diputados y ser&aacute; juzgado por la Comisi&oacute;n de Constituci&oacute;n y Justicia y de Ciudadan&iacute;a. Luego de esto, restar&iacute;a su votaci&oacute;n en plenaria.<\/p>\n<p>De acuerdo con una <a href=\"http:\/\/www.scielo.br\/pdf\/csc\/v15s1\/002.pdf\">investigaci&oacute;n realizada en 2010<\/a>, m&aacute;s de un quinto de las mujeres brasile&ntilde;as entre los 18 y 40 a&ntilde;os ha interrumpido por lo menos un embarazo de forma ilegal, lo que equivale a 4 millones de mujeres. El Ministerio de Salud registr&oacute; para ese a&ntilde;o la realizaci&oacute;n de 1.684 abortos legales, es decir, aquellos realizados en caso de violaci&oacute;n, cuando el embarazo representa riesgo para la vida de la madre o cuando el feto es anenc&eacute;falo. Pese a que las dos primeras fueron reconocidas por ley hace m&aacute;s de 70 a&ntilde;os, &eacute;stas empezaron a ser aplicadas recientemente debido al desconocimiento de este derecho por parte de la poblaci&oacute;n, la falta de preparaci&oacute;n de los profesionales de la red de salud &ndash;que con frecuencia cuestionan a las mujeres que solicitan el procedimiento o las disuaden de hacerlo&ndash;, as&iacute; como a la exigencia de documentos que no est&aacute;n contemplados por la ley. La permisi&oacute;n en casos de anencefalia, si bien fue autorizada en casos puntuales por algunos jueces a finales de la d&eacute;cada de 1980, s&oacute;lo en abril de 2012 fue incluida oficialmente, gracias a un fallo del Supremo Tribunal Federal.<\/p>\n<p>En Argentina, la interrupci&oacute;n legal del embarazo en casos de violaci&oacute;n estuvo en vilo durante a&ntilde;os debido a interpretaciones alternativas del art&iacute;culo 86 del C&oacute;digo Penal que regula el tema. Una planteaba que s&oacute;lo mujeres &quot;idiotas&quot; o &quot;dementes&quot; pod&iacute;an interrumpir el embarazo en casos de violaci&oacute;n &ndash;este es el tambi&eacute;n llamado &quot;aborto eugen&eacute;sico&quot;. La otra abogaba por una interpretaci&oacute;n m&aacute;s amplia que extend&iacute;a el causal a todas las mujeres. Finalmente, <a href=\"http:\/\/www.clam.org.br\/noticias-clam\/conteudo.asp?cod=9544\">la Corte Suprema de Justicia resolvi&oacute;, en marzo de 2012, que cualquier mujer v&iacute;ctima de violaci&oacute;n pod&iacute;a interrumpir el embarazo resultante sin necesidad de una autorizaci&oacute;n judicial<\/a>. Pese a ello, el debate no concluy&oacute; all&iacute;, por cuenta de medidas provinciales que desconocieron la promulgaci&oacute;n del protocolo de procedimientos para la atenci&oacute;n de abortos no punibles por parte del Ministerio de Salud. En C&oacute;rdoba, un grupo pro-vida interpuso una acci&oacute;n para suspender el protocolo, argumentando que los requisitos contemplados eran insuficientes y avasallaban los derechos del feto. La acci&oacute;n fue amparada por la justicia provincial. En una l&iacute;nea similar, La Pampa, Salta, Mendoza y la Ciudad de Buenos Aires  acudieron a distintos mecanismos legales para negarse a acatar el fallo de la Corte.<\/p>\n<p>En la Ciudad de Buenos Aires la legislatura sancion&oacute;, en septiembre de 2012, una norma para regular la aplicaci&oacute;n de los abortos no punibles, pero &eacute;sta fue vetada por Mauricio Macri, Jefe de Gobierno de la ciudad, argumentando que conten&iacute;a <i>&quot;prescripciones que exceden los lineamientos establecidos por la Corte Suprema de Justicia de la Naci&oacute;n&quot;.<\/i> Entre las prescripciones a las que alude se encuentran la menci&oacute;n a que el aborto no es punible en <i>&quot;casos de peligro para la salud integral&quot;<\/i> y la validaci&oacute;n del consentimiento para interrumpir el embarazo en menores de edad y desde los 14 a&ntilde;os, sin requerir para ello de representantes legales. <a href=\"http:\/\/www.pagina12.com.ar\/diario\/elpais\/1-223944-2013-07-08.html\">El veto finalmente fue levantado en julio de este a&ntilde;o<\/a> por un juez que lo declar&oacute; inconstitucional y restableci&oacute; la norma sancionada, que garantiza el derecho al aborto no punible en hospitales p&uacute;blicos y privados a mujeres cuyo embarazo amenace su salud o que sea producto de una violaci&oacute;n.<\/p>\n<p>&nbsp;<\/p>\n","protected":false},"excerpt":{"rendered":"<p>Los cambios en las legislaciones latinoamericanas que garantizan el aborto en condiciones seguras \u2013por la voluntad de la mujer o por causales\u2013 han generado ecos favorables, pero tambi\u00e9n reacciones en contra. Esta panor\u00e1mica regional revela que no todos los pa\u00edses avanzan en la misma direcci\u00f3n y que los embates conservadores ponen en peligro los logros alcanzados.<\/p>\n","protected":false},"author":1,"featured_media":0,"comment_status":"open","ping_status":"open","sticky":false,"template":"","format":"standard","meta":{"_acf_changed":false,"site-sidebar-layout":"default","site-content-layout":"default","ast-global-header-display":"","ast-main-header-display":"","ast-hfb-above-header-display":"","ast-hfb-below-header-display":"","ast-hfb-mobile-header-display":"","site-post-title":"","ast-breadcrumbs-content":"","ast-featured-img":"","footer-sml-layout":"","theme-transparent-header-meta":"","adv-header-id-meta":"","stick-header-meta":"","header-above-stick-meta":"","header-main-stick-meta":"","header-below-stick-meta":"","_jetpack_memberships_contains_paid_content":false,"footnotes":""},"categories":[7],"tags":[],"class_list":["post-904","post","type-post","status-publish","format-standard","hentry","category-noticias-clam"],"acf":[],"yoast_head":"<!-- This site is optimized with the Yoast SEO plugin v26.1.1 - https:\/\/yoast.com\/wordpress\/plugins\/seo\/ -->\n<title>Aborto: ecos y reacciones - CLAM - ES<\/title>\n<meta name=\"robots\" content=\"index, follow, max-snippet:-1, max-image-preview:large, max-video-preview:-1\" \/>\n<link rel=\"canonical\" href=\"https:\/\/clam.org.br\/es\/noticias-clam\/aborto-ecos-y-reacciones\/904\/\" \/>\n<meta property=\"og:locale\" content=\"es_ES\" \/>\n<meta property=\"og:type\" content=\"article\" \/>\n<meta property=\"og:title\" content=\"Aborto: ecos y reacciones - CLAM - ES\" \/>\n<meta property=\"og:description\" content=\"Los cambios en las legislaciones latinoamericanas que garantizan el aborto en condiciones seguras \u2013por la voluntad de la mujer o por causales\u2013 han generado ecos favorables, pero tambi\u00e9n reacciones en contra. Esta panor\u00e1mica regional revela que no todos los pa\u00edses avanzan en la misma direcci\u00f3n y que los embates conservadores ponen en peligro los logros alcanzados.\" \/>\n<meta property=\"og:url\" content=\"https:\/\/clam.org.br\/es\/noticias-clam\/aborto-ecos-y-reacciones\/904\/\" \/>\n<meta property=\"og:site_name\" content=\"CLAM - ES\" \/>\n<meta property=\"article:published_time\" content=\"2013-08-01T03:00:00+00:00\" \/>\n<meta name=\"author\" content=\"fw2\" \/>\n<meta name=\"twitter:card\" content=\"summary_large_image\" \/>\n<meta name=\"twitter:label1\" content=\"Escrito por\" \/>\n\t<meta name=\"twitter:data1\" content=\"fw2\" \/>\n\t<meta name=\"twitter:label2\" content=\"Tiempo de lectura\" \/>\n\t<meta name=\"twitter:data2\" content=\"15 minutos\" \/>\n<script type=\"application\/ld+json\" class=\"yoast-schema-graph\">{\"@context\":\"https:\/\/schema.org\",\"@graph\":[{\"@type\":\"WebPage\",\"@id\":\"https:\/\/clam.org.br\/es\/noticias-clam\/aborto-ecos-y-reacciones\/904\/\",\"url\":\"https:\/\/clam.org.br\/es\/noticias-clam\/aborto-ecos-y-reacciones\/904\/\",\"name\":\"Aborto: ecos y reacciones - CLAM - ES\",\"isPartOf\":{\"@id\":\"https:\/\/clam.org.br\/es\/#website\"},\"datePublished\":\"2013-08-01T03:00:00+00:00\",\"author\":{\"@id\":\"https:\/\/clam.org.br\/es\/#\/schema\/person\/fbd9a86032bf7479f94b0ded196f1010\"},\"breadcrumb\":{\"@id\":\"https:\/\/clam.org.br\/es\/noticias-clam\/aborto-ecos-y-reacciones\/904\/#breadcrumb\"},\"inLanguage\":\"es\",\"potentialAction\":[{\"@type\":\"ReadAction\",\"target\":[\"https:\/\/clam.org.br\/es\/noticias-clam\/aborto-ecos-y-reacciones\/904\/\"]}]},{\"@type\":\"BreadcrumbList\",\"@id\":\"https:\/\/clam.org.br\/es\/noticias-clam\/aborto-ecos-y-reacciones\/904\/#breadcrumb\",\"itemListElement\":[{\"@type\":\"ListItem\",\"position\":1,\"name\":\"In\u00edcio\",\"item\":\"https:\/\/clam.org.br\/es\/\"},{\"@type\":\"ListItem\",\"position\":2,\"name\":\"Aborto: ecos y reacciones\"}]},{\"@type\":\"WebSite\",\"@id\":\"https:\/\/clam.org.br\/es\/#website\",\"url\":\"https:\/\/clam.org.br\/es\/\",\"name\":\"CLAM - ES\",\"description\":\"S\u00f3 mais um site CLAM - Centro Latino-Americano em Sexualidade e Direitos Humanos sites\",\"potentialAction\":[{\"@type\":\"SearchAction\",\"target\":{\"@type\":\"EntryPoint\",\"urlTemplate\":\"https:\/\/clam.org.br\/es\/?s={search_term_string}\"},\"query-input\":{\"@type\":\"PropertyValueSpecification\",\"valueRequired\":true,\"valueName\":\"search_term_string\"}}],\"inLanguage\":\"es\"},{\"@type\":\"Person\",\"@id\":\"https:\/\/clam.org.br\/es\/#\/schema\/person\/fbd9a86032bf7479f94b0ded196f1010\",\"name\":\"fw2\",\"image\":{\"@type\":\"ImageObject\",\"inLanguage\":\"es\",\"@id\":\"https:\/\/clam.org.br\/es\/#\/schema\/person\/image\/\",\"url\":\"https:\/\/secure.gravatar.com\/avatar\/c38472c0cdbde82d9b6fcc26adb3779d?s=96&d=mm&r=g\",\"contentUrl\":\"https:\/\/secure.gravatar.com\/avatar\/c38472c0cdbde82d9b6fcc26adb3779d?s=96&d=mm&r=g\",\"caption\":\"fw2\"},\"sameAs\":[\"https:\/\/clam.fw2web.com.br\"],\"url\":\"https:\/\/clam.org.br\/es\/author\/fw2\/\"}]}<\/script>\n<!-- \/ Yoast SEO plugin. -->","yoast_head_json":{"title":"Aborto: ecos y reacciones - CLAM - ES","robots":{"index":"index","follow":"follow","max-snippet":"max-snippet:-1","max-image-preview":"max-image-preview:large","max-video-preview":"max-video-preview:-1"},"canonical":"https:\/\/clam.org.br\/es\/noticias-clam\/aborto-ecos-y-reacciones\/904\/","og_locale":"es_ES","og_type":"article","og_title":"Aborto: ecos y reacciones - CLAM - ES","og_description":"Los cambios en las legislaciones latinoamericanas que garantizan el aborto en condiciones seguras \u2013por la voluntad de la mujer o por causales\u2013 han generado ecos favorables, pero tambi\u00e9n reacciones en contra. Esta panor\u00e1mica regional revela que no todos los pa\u00edses avanzan en la misma direcci\u00f3n y que los embates conservadores ponen en peligro los logros alcanzados.","og_url":"https:\/\/clam.org.br\/es\/noticias-clam\/aborto-ecos-y-reacciones\/904\/","og_site_name":"CLAM - ES","article_published_time":"2013-08-01T03:00:00+00:00","author":"fw2","twitter_card":"summary_large_image","twitter_misc":{"Escrito por":"fw2","Tiempo de lectura":"15 minutos"},"schema":{"@context":"https:\/\/schema.org","@graph":[{"@type":"WebPage","@id":"https:\/\/clam.org.br\/es\/noticias-clam\/aborto-ecos-y-reacciones\/904\/","url":"https:\/\/clam.org.br\/es\/noticias-clam\/aborto-ecos-y-reacciones\/904\/","name":"Aborto: ecos y reacciones - CLAM - ES","isPartOf":{"@id":"https:\/\/clam.org.br\/es\/#website"},"datePublished":"2013-08-01T03:00:00+00:00","author":{"@id":"https:\/\/clam.org.br\/es\/#\/schema\/person\/fbd9a86032bf7479f94b0ded196f1010"},"breadcrumb":{"@id":"https:\/\/clam.org.br\/es\/noticias-clam\/aborto-ecos-y-reacciones\/904\/#breadcrumb"},"inLanguage":"es","potentialAction":[{"@type":"ReadAction","target":["https:\/\/clam.org.br\/es\/noticias-clam\/aborto-ecos-y-reacciones\/904\/"]}]},{"@type":"BreadcrumbList","@id":"https:\/\/clam.org.br\/es\/noticias-clam\/aborto-ecos-y-reacciones\/904\/#breadcrumb","itemListElement":[{"@type":"ListItem","position":1,"name":"In\u00edcio","item":"https:\/\/clam.org.br\/es\/"},{"@type":"ListItem","position":2,"name":"Aborto: ecos y reacciones"}]},{"@type":"WebSite","@id":"https:\/\/clam.org.br\/es\/#website","url":"https:\/\/clam.org.br\/es\/","name":"CLAM - ES","description":"S\u00f3 mais um site CLAM - Centro Latino-Americano em Sexualidade e Direitos Humanos sites","potentialAction":[{"@type":"SearchAction","target":{"@type":"EntryPoint","urlTemplate":"https:\/\/clam.org.br\/es\/?s={search_term_string}"},"query-input":{"@type":"PropertyValueSpecification","valueRequired":true,"valueName":"search_term_string"}}],"inLanguage":"es"},{"@type":"Person","@id":"https:\/\/clam.org.br\/es\/#\/schema\/person\/fbd9a86032bf7479f94b0ded196f1010","name":"fw2","image":{"@type":"ImageObject","inLanguage":"es","@id":"https:\/\/clam.org.br\/es\/#\/schema\/person\/image\/","url":"https:\/\/secure.gravatar.com\/avatar\/c38472c0cdbde82d9b6fcc26adb3779d?s=96&d=mm&r=g","contentUrl":"https:\/\/secure.gravatar.com\/avatar\/c38472c0cdbde82d9b6fcc26adb3779d?s=96&d=mm&r=g","caption":"fw2"},"sameAs":["https:\/\/clam.fw2web.com.br"],"url":"https:\/\/clam.org.br\/es\/author\/fw2\/"}]}},"jetpack_featured_media_url":"","jetpack_sharing_enabled":true,"_links":{"self":[{"href":"https:\/\/clam.org.br\/es\/wp-json\/wp\/v2\/posts\/904","targetHints":{"allow":["GET"]}}],"collection":[{"href":"https:\/\/clam.org.br\/es\/wp-json\/wp\/v2\/posts"}],"about":[{"href":"https:\/\/clam.org.br\/es\/wp-json\/wp\/v2\/types\/post"}],"author":[{"embeddable":true,"href":"https:\/\/clam.org.br\/es\/wp-json\/wp\/v2\/users\/1"}],"replies":[{"embeddable":true,"href":"https:\/\/clam.org.br\/es\/wp-json\/wp\/v2\/comments?post=904"}],"version-history":[{"count":0,"href":"https:\/\/clam.org.br\/es\/wp-json\/wp\/v2\/posts\/904\/revisions"}],"wp:attachment":[{"href":"https:\/\/clam.org.br\/es\/wp-json\/wp\/v2\/media?parent=904"}],"wp:term":[{"taxonomy":"category","embeddable":true,"href":"https:\/\/clam.org.br\/es\/wp-json\/wp\/v2\/categories?post=904"},{"taxonomy":"post_tag","embeddable":true,"href":"https:\/\/clam.org.br\/es\/wp-json\/wp\/v2\/tags?post=904"}],"curies":[{"name":"wp","href":"https:\/\/api.w.org\/{rel}","templated":true}]}}