{"id":912,"date":"2013-08-22T00:00:00","date_gmt":"2013-08-22T03:00:00","guid":{"rendered":"https:\/\/clam.org.br\/es\/2013\/08\/22\/apoyo-a-la-causa\/"},"modified":"2013-08-22T00:00:00","modified_gmt":"2013-08-22T03:00:00","slug":"apoyo-a-la-causa","status":"publish","type":"post","link":"https:\/\/clam.org.br\/es\/noticias-clam\/apoyo-a-la-causa\/912\/","title":{"rendered":"Apoyo a la causa"},"content":{"rendered":"<p><b>Nota de apoio &agrave;s defensoras de direitos sexuais e reprodutivos amea&ccedil;adas no Estado do Rio de Janeiro<\/b><\/p>\n<p>Vimos pela presente denunciar as amea&ccedil;as que v&ecirc;m sofrendo as ativistas e defensoras dos direitos humanos sexuais e reprodutivos, Rogeria Peixinho, Danielle Miranda e Nataraj Trinta, que fazem parte da organiza&ccedil;&atilde;o da Marcha das Vadias no Estado do Rio de Janeiro.<\/p>\n<p>Neste ano, a Marcha aconteceu na cidade do Rio de Janeiro durante evento da Jornada Mundial da Juventude (JMJ), na praia de Copacabana. Devido a problemas com o local primeiramente escolhido para o evento da JMJ, este foi alterado para a Praia de Copacabana, local que j&aacute; havia sido escolhido com anteced&ecirc;ncia para a realiza&ccedil;&atilde;o da Marcha das Vadias. Durante a Marcha houve uma apresenta&ccedil;&atilde;o por pessoas que estavam na manifesta&ccedil;&atilde;o, que usaram a quebra de imagens de santas, e essas cenas foram veiculada nos meios de comunica&ccedil;&atilde;o. Desde ent&atilde;o as organizadoras da Marcha v&ecirc;m recebendo amea&ccedil;as de morte atrav&eacute;s das redes sociais, e-mails e telefones.<\/p>\n<p>As ativistas foram diretamente responsabilizadas pelos atos de terceiros durante a Marcha em representa&ccedil;&atilde;o ao Minist&eacute;rio P&uacute;blico Estadual apresentada pelo deputado estadual Bolsonaro Filho. Tal medida representa uma tentativa de atribuir responsabilidades por atos de terceiros nos quais as ativistas n&atilde;o tiveram participa&ccedil;&atilde;o, al&eacute;m de instaurar o p&acirc;nico moral em rela&ccedil;&atilde;o &agrave; manifesta&ccedil;&atilde;o antissexista visando o cerceamento da liberdade de express&atilde;o das integrantes da Marcha das Vadias, violando os seus direitos humanos e garantias constitucionais.<\/p>\n<p>As ativistas afirmam que n&atilde;o sabiam da exist&ecirc;ncia dessa apresenta&ccedil;&atilde;o e que n&atilde;o concordam com nenhuma a&ccedil;&atilde;o de intoler&acirc;ncia religiosa.<\/p>\n<p>A Marcha das Vadias tem outro prop&oacute;sito bem diferente, &eacute; a express&atilde;o de um movimento global que tem como principal objetivo denunciar o sexismo e a cultura machista nos casos em que as mulheres e meninas v&iacute;timas de viol&ecirc;ncia sexual s&atilde;o acusadas de terem provocado a viol&ecirc;ncia que sofreram devido ao seu comportamento ou vestimenta, organizada em outros estados e em outros pa&iacute;ses desde que come&ccedil;ou no Canad&aacute;, no ano de 2011.<\/p>\n<p>Pelos fatos expostos solicitamos provid&ecirc;ncias imediatas cab&iacute;veis para a prote&ccedil;&atilde;o de sua integridade f&iacute;sica como defensoras dos direitos humanos sexuais e reprodutivos.<\/p>\n<p>Articula&ccedil;&atilde;o Brasileira de L&eacute;sbicas &#8211; ABL<\/p>\n<p>Articula&ccedil;&atilde;o de Mulheres Brasileiras &#8211; AMB<\/p>\n<p>Associa&ccedil;&atilde;o Il&ecirc; Mulher &#8211; Porto Alegre<\/p>\n<p>Casa da Mulher Catarina<\/p>\n<p>Cat&oacute;licas pelo Direito de Decidir<\/p>\n<p>Centro Nordestino de Medicina Popular<\/p>\n<p>CEPIA<\/p>\n<p>Cfemea &ndash; Centro Feminista de Estudos e Assessoria<\/p>\n<p>CLADEM Brasil<\/p>\n<p>CLAM &ndash; Centro Latino-Americano em Sexualidade e Direitos Humanos Coletivo de Mulheres da ABGLT<\/p>\n<p>Coletivo Femenina<\/p>\n<p>Coletivo Feminino Plural &#8211; Porto Alegre<\/p>\n<p>Coletivo Feminista GEMDAC\/PI<\/p>\n<p>Comiss&atilde;o de Bio&eacute;tica e Biodireito da OAB\/RJ<\/p>\n<p>Comiss&atilde;o de Direitos Humanos e Assist&ecirc;ncia Judici&aacute;ria da OAB-RJ<\/p>\n<p>Comit&ecirc; de Mortalidade Materna<\/p>\n<p>F&oacute;rum de Mulheres da Amaz&ocirc;nia Paraense &#8211; FMAP<\/p>\n<p>F&oacute;rum de Mulheres de Pernambuco<\/p>\n<p>F&oacute;rum Estadual de Mulheres Piauienses<\/p>\n<p>Grupo Brasil &amp; Desenvolvimento<\/p>\n<p>Grupo Curumim &#8211; PE<\/p>\n<p>Grupo de Mulheres Brasileiras &#8211; GMB<\/p>\n<p>Grupo de pesquisa sobre g&ecirc;nero e masculinidades &#8211; Gema\/ UFPE<\/p>\n<p>Instituto Papai<\/p>\n<p>Instituto Patr&iacute;cia Galv&atilde;o &#8211; M&iacute;dia e Direitos<\/p>\n<p>Justi&ccedil;a Global<\/p>\n<p>Marcha das Vadias &ndash; DF<\/p>\n<p>Movimento D&acute;ELLAS-RJ<\/p>\n<p>Movimento e Articula&ccedil;&atilde;o de Mulheres do Estado do Par&aacute; &ndash; MAMEP<\/p>\n<p>Observat&oacute;rio da Mulher<\/p>\n<p>Promotoras Legais Populares &ndash; Curitiba, PR<\/p>\n<p>Rede de Desenvolvimento Humano &#8211; REDEH<\/p>\n<p>Rede de Homens pela Equidade de G&ecirc;nero &ndash; RHEG<\/p>\n<p>Rede de Mulheres da Associa&ccedil;&atilde;o Mundial de R&aacute;dios Comunit&aacute;rias (AMARC), Brasil<\/p>\n<p>Relatoria do Direito Humano &agrave; Sa&uacute;de Sexual e Reprodutiva<\/p>\n<p>Sociedade de Bio&eacute;tica do Estado do Rio de Janeiro<\/p>\n<p>SOS Corpo Instituto Feminista para Democracia<\/p>\n<p>Agildo Nogueira Junior, Sindicato dos Jornalistas de S&atilde;o Paulo, regional Campinas<\/p>\n<p>Alaerte Leandro Martins<\/p>\n<p>Albineiar Plaza Pinto<\/p>\n<p>Angela Freitas, representante da Articula&ccedil;&atilde;o de Mulheres Brasileiras &#8211; RJ no Conselho Estadual dos Direitos da Mulher<\/p>\n<p>Carolina Alves Vestena, Faculdade de Direito UERJ.<\/p>\n<p>Dulce Xavier, feminista e Promotora Legal Popular\/SP<\/p>\n<p>Ela Wiecko V. de Castilho, Universidade de Bras&iacute;lia<\/p>\n<p>&Eacute;rica Lobato<\/p>\n<p>Fernando Agust&iacute;n Pazos<\/p>\n<p>Jacqueline Guerreiro &#8211; Coordenadora Executiva GEEMA (Grupo de Pesquisa em Educa&ccedil;&atilde;o e Meio Ambiente)<\/p>\n<p>Jos&eacute; Ricardo Cunha, Faculdade de Direito da UERJ<\/p>\n<p>Lia Zanotta Machado, antrop&oacute;loga da UnB, membro da Rede Feminista de Sa&uacute;de, Direitos Sexuais e Reprodutivos<\/p>\n<p>Maria do Espirito Santo Tavares dos Santos &#8211; Rede Feminista\/Regional Rio de Janeiro<\/p>\n<p>Rachel Moreno<\/p>\n<p>Rosa Maria de Souza Fonseca &#8211; Presidente da Comiss&atilde;o OAB-Mulher do estado do Rio de Janeiro<\/p>\n<p>Roseli Goffman<\/p>\n<p>Sandra Valongueiro<\/p>\n<p>Sheila Sabag &ndash; Conselho Municipal dos Direitos da Mulher de Florian&oacute;polis<\/p>\n<p>Tizuko Shiraiwa<\/p>\n<p>Vanda Terra<\/p>\n<p>Yone Lindgren<\/p>\n<p><a href=\"http:\/\/www.dhescbrasil.org.br\/index.php?option=com_content&amp;view=article&amp;id=877%3Anota-apoio-defensoras-ameacadas-rj&amp;catid=69%3Aantiga-rok-stories%20Share\" target=\"_blank\" rel=\"noopener\">Fonte: Plataforma Dhesca Brasil<\/a><\/p>\n","protected":false},"excerpt":{"rendered":"<p>El CLAM suscribe nota de apoyo a defensoras de derechos sexuales y reproductivos que vienen siendo amenazadas en R\u00edo de Janeiro desde la realizaci\u00f3n de la Marcha de las Putas. Las activistas est\u00e1n siendo responsabilizadas por actos de terceros \u2013da\u00f1os a im\u00e1genes religiosas\u2013 durante evento de la JMJ. Consideramos que tal medida busca limitar la libertad de expresi\u00f3n de las integrantes de la Marcha.<\/p>\n","protected":false},"author":1,"featured_media":0,"comment_status":"open","ping_status":"open","sticky":false,"template":"","format":"standard","meta":{"_acf_changed":false,"site-sidebar-layout":"default","site-content-layout":"default","ast-global-header-display":"","ast-main-header-display":"","ast-hfb-above-header-display":"","ast-hfb-below-header-display":"","ast-hfb-mobile-header-display":"","site-post-title":"","ast-breadcrumbs-content":"","ast-featured-img":"","footer-sml-layout":"","theme-transparent-header-meta":"","adv-header-id-meta":"","stick-header-meta":"","header-above-stick-meta":"","header-main-stick-meta":"","header-below-stick-meta":"","_jetpack_memberships_contains_paid_content":false,"footnotes":""},"categories":[7],"tags":[],"class_list":["post-912","post","type-post","status-publish","format-standard","hentry","category-noticias-clam"],"acf":[],"yoast_head":"<!-- This site is optimized with the Yoast SEO plugin v26.1.1 - https:\/\/yoast.com\/wordpress\/plugins\/seo\/ -->\n<title>Apoyo a la causa - CLAM - ES<\/title>\n<meta name=\"robots\" content=\"index, follow, max-snippet:-1, max-image-preview:large, max-video-preview:-1\" \/>\n<link rel=\"canonical\" href=\"https:\/\/clam.org.br\/es\/noticias-clam\/apoyo-a-la-causa\/912\/\" \/>\n<meta property=\"og:locale\" content=\"es_ES\" \/>\n<meta property=\"og:type\" content=\"article\" \/>\n<meta property=\"og:title\" content=\"Apoyo a la causa - CLAM - ES\" \/>\n<meta property=\"og:description\" content=\"El CLAM suscribe nota de apoyo a defensoras de derechos sexuales y reproductivos que vienen siendo amenazadas en R\u00edo de Janeiro desde la realizaci\u00f3n de la Marcha de las Putas. Las activistas est\u00e1n siendo responsabilizadas por actos de terceros \u2013da\u00f1os a im\u00e1genes religiosas\u2013 durante evento de la JMJ. Consideramos que tal medida busca limitar la libertad de expresi\u00f3n de las integrantes de la Marcha.\" \/>\n<meta property=\"og:url\" content=\"https:\/\/clam.org.br\/es\/noticias-clam\/apoyo-a-la-causa\/912\/\" \/>\n<meta property=\"og:site_name\" content=\"CLAM - ES\" \/>\n<meta property=\"article:published_time\" content=\"2013-08-22T03:00:00+00:00\" \/>\n<meta name=\"author\" content=\"fw2\" \/>\n<meta name=\"twitter:card\" content=\"summary_large_image\" \/>\n<meta name=\"twitter:label1\" content=\"Escrito por\" \/>\n\t<meta name=\"twitter:data1\" content=\"fw2\" \/>\n\t<meta name=\"twitter:label2\" content=\"Tiempo de lectura\" \/>\n\t<meta name=\"twitter:data2\" content=\"5 minutos\" \/>\n<script type=\"application\/ld+json\" class=\"yoast-schema-graph\">{\"@context\":\"https:\/\/schema.org\",\"@graph\":[{\"@type\":\"WebPage\",\"@id\":\"https:\/\/clam.org.br\/es\/noticias-clam\/apoyo-a-la-causa\/912\/\",\"url\":\"https:\/\/clam.org.br\/es\/noticias-clam\/apoyo-a-la-causa\/912\/\",\"name\":\"Apoyo a la causa - CLAM - ES\",\"isPartOf\":{\"@id\":\"https:\/\/clam.org.br\/es\/#website\"},\"datePublished\":\"2013-08-22T03:00:00+00:00\",\"author\":{\"@id\":\"https:\/\/clam.org.br\/es\/#\/schema\/person\/fbd9a86032bf7479f94b0ded196f1010\"},\"breadcrumb\":{\"@id\":\"https:\/\/clam.org.br\/es\/noticias-clam\/apoyo-a-la-causa\/912\/#breadcrumb\"},\"inLanguage\":\"es\",\"potentialAction\":[{\"@type\":\"ReadAction\",\"target\":[\"https:\/\/clam.org.br\/es\/noticias-clam\/apoyo-a-la-causa\/912\/\"]}]},{\"@type\":\"BreadcrumbList\",\"@id\":\"https:\/\/clam.org.br\/es\/noticias-clam\/apoyo-a-la-causa\/912\/#breadcrumb\",\"itemListElement\":[{\"@type\":\"ListItem\",\"position\":1,\"name\":\"In\u00edcio\",\"item\":\"https:\/\/clam.org.br\/es\/\"},{\"@type\":\"ListItem\",\"position\":2,\"name\":\"Apoyo a la causa\"}]},{\"@type\":\"WebSite\",\"@id\":\"https:\/\/clam.org.br\/es\/#website\",\"url\":\"https:\/\/clam.org.br\/es\/\",\"name\":\"CLAM - ES\",\"description\":\"S\u00f3 mais um site CLAM - Centro Latino-Americano em Sexualidade e Direitos Humanos sites\",\"potentialAction\":[{\"@type\":\"SearchAction\",\"target\":{\"@type\":\"EntryPoint\",\"urlTemplate\":\"https:\/\/clam.org.br\/es\/?s={search_term_string}\"},\"query-input\":{\"@type\":\"PropertyValueSpecification\",\"valueRequired\":true,\"valueName\":\"search_term_string\"}}],\"inLanguage\":\"es\"},{\"@type\":\"Person\",\"@id\":\"https:\/\/clam.org.br\/es\/#\/schema\/person\/fbd9a86032bf7479f94b0ded196f1010\",\"name\":\"fw2\",\"image\":{\"@type\":\"ImageObject\",\"inLanguage\":\"es\",\"@id\":\"https:\/\/clam.org.br\/es\/#\/schema\/person\/image\/\",\"url\":\"https:\/\/secure.gravatar.com\/avatar\/c38472c0cdbde82d9b6fcc26adb3779d?s=96&d=mm&r=g\",\"contentUrl\":\"https:\/\/secure.gravatar.com\/avatar\/c38472c0cdbde82d9b6fcc26adb3779d?s=96&d=mm&r=g\",\"caption\":\"fw2\"},\"sameAs\":[\"https:\/\/clam.fw2web.com.br\"],\"url\":\"https:\/\/clam.org.br\/es\/author\/fw2\/\"}]}<\/script>\n<!-- \/ Yoast SEO plugin. -->","yoast_head_json":{"title":"Apoyo a la causa - CLAM - ES","robots":{"index":"index","follow":"follow","max-snippet":"max-snippet:-1","max-image-preview":"max-image-preview:large","max-video-preview":"max-video-preview:-1"},"canonical":"https:\/\/clam.org.br\/es\/noticias-clam\/apoyo-a-la-causa\/912\/","og_locale":"es_ES","og_type":"article","og_title":"Apoyo a la causa - CLAM - ES","og_description":"El CLAM suscribe nota de apoyo a defensoras de derechos sexuales y reproductivos que vienen siendo amenazadas en R\u00edo de Janeiro desde la realizaci\u00f3n de la Marcha de las Putas. Las activistas est\u00e1n siendo responsabilizadas por actos de terceros \u2013da\u00f1os a im\u00e1genes religiosas\u2013 durante evento de la JMJ. Consideramos que tal medida busca limitar la libertad de expresi\u00f3n de las integrantes de la Marcha.","og_url":"https:\/\/clam.org.br\/es\/noticias-clam\/apoyo-a-la-causa\/912\/","og_site_name":"CLAM - ES","article_published_time":"2013-08-22T03:00:00+00:00","author":"fw2","twitter_card":"summary_large_image","twitter_misc":{"Escrito por":"fw2","Tiempo de lectura":"5 minutos"},"schema":{"@context":"https:\/\/schema.org","@graph":[{"@type":"WebPage","@id":"https:\/\/clam.org.br\/es\/noticias-clam\/apoyo-a-la-causa\/912\/","url":"https:\/\/clam.org.br\/es\/noticias-clam\/apoyo-a-la-causa\/912\/","name":"Apoyo a la causa - CLAM - ES","isPartOf":{"@id":"https:\/\/clam.org.br\/es\/#website"},"datePublished":"2013-08-22T03:00:00+00:00","author":{"@id":"https:\/\/clam.org.br\/es\/#\/schema\/person\/fbd9a86032bf7479f94b0ded196f1010"},"breadcrumb":{"@id":"https:\/\/clam.org.br\/es\/noticias-clam\/apoyo-a-la-causa\/912\/#breadcrumb"},"inLanguage":"es","potentialAction":[{"@type":"ReadAction","target":["https:\/\/clam.org.br\/es\/noticias-clam\/apoyo-a-la-causa\/912\/"]}]},{"@type":"BreadcrumbList","@id":"https:\/\/clam.org.br\/es\/noticias-clam\/apoyo-a-la-causa\/912\/#breadcrumb","itemListElement":[{"@type":"ListItem","position":1,"name":"In\u00edcio","item":"https:\/\/clam.org.br\/es\/"},{"@type":"ListItem","position":2,"name":"Apoyo a la causa"}]},{"@type":"WebSite","@id":"https:\/\/clam.org.br\/es\/#website","url":"https:\/\/clam.org.br\/es\/","name":"CLAM - ES","description":"S\u00f3 mais um site CLAM - Centro Latino-Americano em Sexualidade e Direitos Humanos sites","potentialAction":[{"@type":"SearchAction","target":{"@type":"EntryPoint","urlTemplate":"https:\/\/clam.org.br\/es\/?s={search_term_string}"},"query-input":{"@type":"PropertyValueSpecification","valueRequired":true,"valueName":"search_term_string"}}],"inLanguage":"es"},{"@type":"Person","@id":"https:\/\/clam.org.br\/es\/#\/schema\/person\/fbd9a86032bf7479f94b0ded196f1010","name":"fw2","image":{"@type":"ImageObject","inLanguage":"es","@id":"https:\/\/clam.org.br\/es\/#\/schema\/person\/image\/","url":"https:\/\/secure.gravatar.com\/avatar\/c38472c0cdbde82d9b6fcc26adb3779d?s=96&d=mm&r=g","contentUrl":"https:\/\/secure.gravatar.com\/avatar\/c38472c0cdbde82d9b6fcc26adb3779d?s=96&d=mm&r=g","caption":"fw2"},"sameAs":["https:\/\/clam.fw2web.com.br"],"url":"https:\/\/clam.org.br\/es\/author\/fw2\/"}]}},"jetpack_featured_media_url":"","jetpack_sharing_enabled":true,"_links":{"self":[{"href":"https:\/\/clam.org.br\/es\/wp-json\/wp\/v2\/posts\/912","targetHints":{"allow":["GET"]}}],"collection":[{"href":"https:\/\/clam.org.br\/es\/wp-json\/wp\/v2\/posts"}],"about":[{"href":"https:\/\/clam.org.br\/es\/wp-json\/wp\/v2\/types\/post"}],"author":[{"embeddable":true,"href":"https:\/\/clam.org.br\/es\/wp-json\/wp\/v2\/users\/1"}],"replies":[{"embeddable":true,"href":"https:\/\/clam.org.br\/es\/wp-json\/wp\/v2\/comments?post=912"}],"version-history":[{"count":0,"href":"https:\/\/clam.org.br\/es\/wp-json\/wp\/v2\/posts\/912\/revisions"}],"wp:attachment":[{"href":"https:\/\/clam.org.br\/es\/wp-json\/wp\/v2\/media?parent=912"}],"wp:term":[{"taxonomy":"category","embeddable":true,"href":"https:\/\/clam.org.br\/es\/wp-json\/wp\/v2\/categories?post=912"},{"taxonomy":"post_tag","embeddable":true,"href":"https:\/\/clam.org.br\/es\/wp-json\/wp\/v2\/tags?post=912"}],"curies":[{"name":"wp","href":"https:\/\/api.w.org\/{rel}","templated":true}]}}