{"id":953,"date":"2014-01-16T00:00:00","date_gmt":"2014-01-16T02:00:00","guid":{"rendered":"https:\/\/clam.org.br\/es\/2014\/01\/16\/derechos-lgbt-en-brasil\/"},"modified":"2014-01-16T00:00:00","modified_gmt":"2014-01-16T02:00:00","slug":"derechos-lgbt-en-brasil","status":"publish","type":"post","link":"https:\/\/clam.org.br\/es\/noticias-clam\/derechos-lgbt-en-brasil\/953\/","title":{"rendered":"Derechos LGBT en Brasil"},"content":{"rendered":"<p>Nos &uacute;ltimos anos, a agenda pol&iacute;tica brasileira tem assistido &agrave; emerg&ecirc;ncia da pauta dos direitos LGBT. Entre retrocessos e vit&oacute;rias,&nbsp;<a href=\"http:\/\/www.clam.org.br\/artigos-resenhas\/conteudo.asp?cod=8227\">a popula&ccedil;&atilde;o LGBT conquistou o direito &agrave; uni&atilde;o civil est&aacute;vel em decis&atilde;o do Supremo Tribunal<\/a>&nbsp;e ao casamento civil, em resolu&ccedil;&atilde;o do Conselho Nacional de Justi&ccedil;&atilde; (CNJ), ao mesmo tempo em que viu&nbsp;<a href=\"http:\/\/www.clam.org.br\/publique\/cgi\/cgilua.exe\/sys\/start.htm?infoid=8206&amp;sid=7&amp;tpl=printerview\">o governo federal recuar na distribui&ccedil;&atilde;o do kit anti-homofobia nas escolas<\/a>&nbsp; e assiste h&aacute; anos o projeto de criminaliza&ccedil;&atilde;o da homofobia &ndash; defendido por boa parte do movimento LGBT &ndash; arrastar-se no Congresso. Os tr&ecirc;s poderes t&ecirc;m, de uma forma ou de outra, se posicionado nessas quest&otilde;es, o que foi mapeado pela pesquisadora Rosa Oliveira (Pagu\/Unicamp) no estudo &ldquo;Direitos Sexuais de LGBT no Brasil: Jurisprud&ecirc;ncia, Propostas Legislativas e Normatiza&ccedil;&atilde;o Federal&rdquo;.<\/p>\n<p>O estudo foi publicado ano passado e sai agora em edi&ccedil;&atilde;o revisada. Fruto de consultoria prestada ao Minist&eacute;rio da Justi&ccedil;a a partir do Plano Nacional de Combate &agrave; Homofobia, a pesquisa vasculhou decis&otilde;es judiciais, projetos de lei e medidas do Executivo para tra&ccedil;ar um panorama da situa&ccedil;&atilde;o dos direitos da popula&ccedil;&atilde;o LGBT no pa&iacute;s.<\/p>\n<p>No balan&ccedil;o das iniciativas tomadas por cada um dos tr&ecirc;s Poderes, Rosa Oliveira destaca que o Judici&aacute;rio, atrav&eacute;s dos Tribunais Superiores, tem sido o lugar de refer&ecirc;ncia, tomando decis&otilde;es inclusivas que garantem e promovem os direitos dessa popula&ccedil;&atilde;o. Das 318 decis&otilde;es analisadas, 175 s&atilde;o consideradas favor&aacute;veis e 104 desfavor&aacute;veis.<\/p>\n<p>Apesar disso, persistem concep&ccedil;&otilde;es tradicionais sobre g&ecirc;nero e sexualidade, conforme decis&otilde;es que negam o direito ao casamento a pessoas do mesmo sexo. O Congresso, por seu lado, tem sido um terreno f&eacute;rtil para o crescimento de setores religiosos conservadores que patrocinam projetos contr&aacute;rios &agrave; garantia e amplia&ccedil;&atilde;o dos direitos LGBT. Tramitaram entre 1995 e 2011 97 projetos de lei. O PL 122, que equipara a homofobia ao racismo e a outros crimes de &oacute;dio, est&aacute; h&aacute; quase 10 anos em tramita&ccedil;&atilde;o e, recentemente, sofreu altera&ccedil;&otilde;es diante da press&atilde;o de parlamentares religiosos. Al&eacute;m disso, h&aacute; projetos que visam impedir o casamento entre pessoas do mesmo sexo, assim como a ado&ccedil;&atilde;o de crian&ccedil;as, e a mudan&ccedil;a de nome para pessoas transexuais.<\/p>\n<p>Em meados do ano passado, o projeto de decreto legislativo que visava a sustar resolu&ccedil;&atilde;o do Conselho Federal de Psicologia que pro&iacute;be a formula&ccedil;&atilde;o e pr&aacute;tica de terapias para a homossexualidade protagonizou a agenda pol&iacute;tica nacional. A mat&eacute;ria ganhou espa&ccedil;o na Comiss&atilde;o de Direitos Humanos da C&acirc;mara, presidida pelo deputado Marco Feliciano (PSC-SP), e ganhou o nome de &ldquo;cura gay&rdquo;. Para Rosa Oliveira, tal iniciativa ganhou uma dimens&atilde;o despropositada. &ldquo;Certas movimenta&ccedil;&otilde;es s&atilde;o claramente para conseguir m&iacute;dia. Temos que estar atentos para saber reconhecer o que de fato &eacute; uma amea&ccedil;a aos direitos da popula&ccedil;&atilde;o LGBT e o que n&atilde;o &eacute;&rdquo;, afirma.<\/p>\n<p>O fortalecimento de tais setores tem obrigado o governo federal a recuar em medidas para a popula&ccedil;&atilde;o LGBT, em nome da governabilidade. Em 2011, a presidente Dilma Rousseff foi for&ccedil;ada a suspender a distribui&ccedil;&atilde;o do kit anti-homofobia para preservar a estabilidade da alian&ccedil;a no Congresso. &ldquo;O governo federal j&aacute; teve uma atua&ccedil;&atilde;o mais inclusiva e aberta &agrave;s demandas LGBT. No entanto, tem havido retrocessos nos &uacute;ltimos anos, o que &eacute; lament&aacute;vel, pois direitos n&atilde;o devem ser mat&eacute;ria de negocia&ccedil;&atilde;o&rdquo;, afirma Rosa Oliveira.<\/p>\n<p>Em junho do ano passado, o governo federal tamb&eacute;m suspendeu, sob press&atilde;o de tais setores,&nbsp;<a href=\"http:\/\/www.clam.org.br\/destaque\/conteudo.asp?cod=10594\">campanha de promo&ccedil;&atilde;o da visibilidade das prostitutas<\/a>, o que gerou rep&uacute;dio em meio aos movimentos pelos direitos sexuais. Os direitos reprodutivos tamb&eacute;m est&atilde;o sendo moeda de troca nessa din&acirc;mica de alian&ccedil;as, com o governo eximindo-se de tratar a quest&atilde;o do aborto no contexto da sa&uacute;de p&uacute;blica e dos direitos das mulheres. A reforma do C&oacute;digo Penal traz, no texto aprovado em comiss&atilde;o no Senado e que dever&aacute; ser apreciado no plen&aacute;rio antes de ir para a C&acirc;mara, conte&uacute;do restritivo ao aborto, retirando a previs&atilde;o de aborto em caso de &ldquo;risco &agrave; sa&uacute;de da mulher&rdquo;.<\/p>\n<p>De acordo com Rosa Oliveira, h&aacute; um processo de amea&ccedil;a aos direitos sexuais e reprodutivos que demandam novas estrat&eacute;gias de enfrentamento. &ldquo;N&atilde;o se pode ficar apenas na institucionalidade. Somos um pa&iacute;s plural, &eacute; preciso colocar tais tem&aacute;ticas nas ruas, mobilizar a sociedade civil e a opini&atilde;o p&uacute;blica. &Eacute; preciso criar fatos que forcem o poder p&uacute;blico a agir. Infelizmente, o movimento LGBT est&aacute; burocratizado, apegado a reuni&otilde;es e formalidades com autoridades. O momento pol&iacute;tico &eacute; complicado. Por isso, precisamos renovar a resist&ecirc;ncia, seja para lidar com a&ccedil;&otilde;es que n&atilde;o representam perigo e que buscam promover figuras politicamente, seja para enfrentar propostas que retiram e interditam os direitos da popula&ccedil;&atilde;o LGBT&rdquo;, afirma Rosa Oliveira.<\/p>\n<p>Os exemplares impressos do estudo poder&atilde;o ser solicitados &agrave; assessoria de direitos humanos da Secretaria de Reforma do Judici&aacute;rio, pelo email vanessa.zanella@mj.gov.br ou pelo telefone 61-20259564.<\/p>\n<p><a href=\"https:\/\/www.academia.edu\/5385575\/_DIREITOS_SEXUAIS_DE_LGBT_NO_BRASIL_JURISPRUDENCIA_PROPOSTAS_LEGISLATIVAS_E_NORMATIZACAO_FEDERAL_\">Para acessar o estudo, clique aqui<\/a>.<\/p>\n","protected":false},"excerpt":{"rendered":"<p>Estudio de la investigadora Rosa Oliveira (Pagu\/Unicamp) mapea la labor de los poderes Legislativo, Judicial y Ejecutivo respecto la poblaci\u00f3n LGBT. El escenario pol\u00edtico es tenso: iniciativas de promoci\u00f3n de derechos, sobre todo en la Justicia, coexisten con acciones que buscan suspenderlos o cuestionarlos, en especial en el Congreso y el Gobierno Federal. <i>(Texto en portugu\u00e9s)<\/i><\/p>\n","protected":false},"author":1,"featured_media":0,"comment_status":"open","ping_status":"open","sticky":false,"template":"","format":"standard","meta":{"_acf_changed":false,"site-sidebar-layout":"default","site-content-layout":"default","ast-global-header-display":"","ast-main-header-display":"","ast-hfb-above-header-display":"","ast-hfb-below-header-display":"","ast-hfb-mobile-header-display":"","site-post-title":"","ast-breadcrumbs-content":"","ast-featured-img":"","footer-sml-layout":"","theme-transparent-header-meta":"","adv-header-id-meta":"","stick-header-meta":"","header-above-stick-meta":"","header-main-stick-meta":"","header-below-stick-meta":"","_jetpack_memberships_contains_paid_content":false,"footnotes":""},"categories":[7],"tags":[],"class_list":["post-953","post","type-post","status-publish","format-standard","hentry","category-noticias-clam"],"acf":[],"yoast_head":"<!-- This site is optimized with the Yoast SEO plugin v26.1.1 - https:\/\/yoast.com\/wordpress\/plugins\/seo\/ -->\n<title>Derechos LGBT en Brasil - CLAM - ES<\/title>\n<meta name=\"robots\" content=\"index, follow, max-snippet:-1, max-image-preview:large, max-video-preview:-1\" \/>\n<link rel=\"canonical\" href=\"https:\/\/clam.org.br\/es\/noticias-clam\/derechos-lgbt-en-brasil\/953\/\" \/>\n<meta property=\"og:locale\" content=\"es_ES\" \/>\n<meta property=\"og:type\" content=\"article\" \/>\n<meta property=\"og:title\" content=\"Derechos LGBT en Brasil - CLAM - ES\" \/>\n<meta property=\"og:description\" content=\"Estudio de la investigadora Rosa Oliveira (Pagu\/Unicamp) mapea la labor de los poderes Legislativo, Judicial y Ejecutivo respecto la poblaci\u00f3n LGBT. El escenario pol\u00edtico es tenso: iniciativas de promoci\u00f3n de derechos, sobre todo en la Justicia, coexisten con acciones que buscan suspenderlos o cuestionarlos, en especial en el Congreso y el Gobierno Federal. (Texto en portugu\u00e9s)\" \/>\n<meta property=\"og:url\" content=\"https:\/\/clam.org.br\/es\/noticias-clam\/derechos-lgbt-en-brasil\/953\/\" \/>\n<meta property=\"og:site_name\" content=\"CLAM - ES\" \/>\n<meta property=\"article:published_time\" content=\"2014-01-16T02:00:00+00:00\" \/>\n<meta name=\"author\" content=\"fw2\" \/>\n<meta name=\"twitter:card\" content=\"summary_large_image\" \/>\n<meta name=\"twitter:label1\" content=\"Escrito por\" \/>\n\t<meta name=\"twitter:data1\" content=\"fw2\" \/>\n\t<meta name=\"twitter:label2\" content=\"Tiempo de lectura\" \/>\n\t<meta name=\"twitter:data2\" content=\"5 minutos\" \/>\n<script type=\"application\/ld+json\" class=\"yoast-schema-graph\">{\"@context\":\"https:\/\/schema.org\",\"@graph\":[{\"@type\":\"WebPage\",\"@id\":\"https:\/\/clam.org.br\/es\/noticias-clam\/derechos-lgbt-en-brasil\/953\/\",\"url\":\"https:\/\/clam.org.br\/es\/noticias-clam\/derechos-lgbt-en-brasil\/953\/\",\"name\":\"Derechos LGBT en Brasil - CLAM - ES\",\"isPartOf\":{\"@id\":\"https:\/\/clam.org.br\/es\/#website\"},\"datePublished\":\"2014-01-16T02:00:00+00:00\",\"author\":{\"@id\":\"https:\/\/clam.org.br\/es\/#\/schema\/person\/fbd9a86032bf7479f94b0ded196f1010\"},\"breadcrumb\":{\"@id\":\"https:\/\/clam.org.br\/es\/noticias-clam\/derechos-lgbt-en-brasil\/953\/#breadcrumb\"},\"inLanguage\":\"es\",\"potentialAction\":[{\"@type\":\"ReadAction\",\"target\":[\"https:\/\/clam.org.br\/es\/noticias-clam\/derechos-lgbt-en-brasil\/953\/\"]}]},{\"@type\":\"BreadcrumbList\",\"@id\":\"https:\/\/clam.org.br\/es\/noticias-clam\/derechos-lgbt-en-brasil\/953\/#breadcrumb\",\"itemListElement\":[{\"@type\":\"ListItem\",\"position\":1,\"name\":\"In\u00edcio\",\"item\":\"https:\/\/clam.org.br\/es\/\"},{\"@type\":\"ListItem\",\"position\":2,\"name\":\"Derechos LGBT en Brasil\"}]},{\"@type\":\"WebSite\",\"@id\":\"https:\/\/clam.org.br\/es\/#website\",\"url\":\"https:\/\/clam.org.br\/es\/\",\"name\":\"CLAM - ES\",\"description\":\"S\u00f3 mais um site CLAM - Centro Latino-Americano em Sexualidade e Direitos Humanos sites\",\"potentialAction\":[{\"@type\":\"SearchAction\",\"target\":{\"@type\":\"EntryPoint\",\"urlTemplate\":\"https:\/\/clam.org.br\/es\/?s={search_term_string}\"},\"query-input\":{\"@type\":\"PropertyValueSpecification\",\"valueRequired\":true,\"valueName\":\"search_term_string\"}}],\"inLanguage\":\"es\"},{\"@type\":\"Person\",\"@id\":\"https:\/\/clam.org.br\/es\/#\/schema\/person\/fbd9a86032bf7479f94b0ded196f1010\",\"name\":\"fw2\",\"image\":{\"@type\":\"ImageObject\",\"inLanguage\":\"es\",\"@id\":\"https:\/\/clam.org.br\/es\/#\/schema\/person\/image\/\",\"url\":\"https:\/\/secure.gravatar.com\/avatar\/c38472c0cdbde82d9b6fcc26adb3779d?s=96&d=mm&r=g\",\"contentUrl\":\"https:\/\/secure.gravatar.com\/avatar\/c38472c0cdbde82d9b6fcc26adb3779d?s=96&d=mm&r=g\",\"caption\":\"fw2\"},\"sameAs\":[\"https:\/\/clam.fw2web.com.br\"],\"url\":\"https:\/\/clam.org.br\/es\/author\/fw2\/\"}]}<\/script>\n<!-- \/ Yoast SEO plugin. -->","yoast_head_json":{"title":"Derechos LGBT en Brasil - CLAM - ES","robots":{"index":"index","follow":"follow","max-snippet":"max-snippet:-1","max-image-preview":"max-image-preview:large","max-video-preview":"max-video-preview:-1"},"canonical":"https:\/\/clam.org.br\/es\/noticias-clam\/derechos-lgbt-en-brasil\/953\/","og_locale":"es_ES","og_type":"article","og_title":"Derechos LGBT en Brasil - CLAM - ES","og_description":"Estudio de la investigadora Rosa Oliveira (Pagu\/Unicamp) mapea la labor de los poderes Legislativo, Judicial y Ejecutivo respecto la poblaci\u00f3n LGBT. El escenario pol\u00edtico es tenso: iniciativas de promoci\u00f3n de derechos, sobre todo en la Justicia, coexisten con acciones que buscan suspenderlos o cuestionarlos, en especial en el Congreso y el Gobierno Federal. (Texto en portugu\u00e9s)","og_url":"https:\/\/clam.org.br\/es\/noticias-clam\/derechos-lgbt-en-brasil\/953\/","og_site_name":"CLAM - ES","article_published_time":"2014-01-16T02:00:00+00:00","author":"fw2","twitter_card":"summary_large_image","twitter_misc":{"Escrito por":"fw2","Tiempo de lectura":"5 minutos"},"schema":{"@context":"https:\/\/schema.org","@graph":[{"@type":"WebPage","@id":"https:\/\/clam.org.br\/es\/noticias-clam\/derechos-lgbt-en-brasil\/953\/","url":"https:\/\/clam.org.br\/es\/noticias-clam\/derechos-lgbt-en-brasil\/953\/","name":"Derechos LGBT en Brasil - CLAM - ES","isPartOf":{"@id":"https:\/\/clam.org.br\/es\/#website"},"datePublished":"2014-01-16T02:00:00+00:00","author":{"@id":"https:\/\/clam.org.br\/es\/#\/schema\/person\/fbd9a86032bf7479f94b0ded196f1010"},"breadcrumb":{"@id":"https:\/\/clam.org.br\/es\/noticias-clam\/derechos-lgbt-en-brasil\/953\/#breadcrumb"},"inLanguage":"es","potentialAction":[{"@type":"ReadAction","target":["https:\/\/clam.org.br\/es\/noticias-clam\/derechos-lgbt-en-brasil\/953\/"]}]},{"@type":"BreadcrumbList","@id":"https:\/\/clam.org.br\/es\/noticias-clam\/derechos-lgbt-en-brasil\/953\/#breadcrumb","itemListElement":[{"@type":"ListItem","position":1,"name":"In\u00edcio","item":"https:\/\/clam.org.br\/es\/"},{"@type":"ListItem","position":2,"name":"Derechos LGBT en Brasil"}]},{"@type":"WebSite","@id":"https:\/\/clam.org.br\/es\/#website","url":"https:\/\/clam.org.br\/es\/","name":"CLAM - ES","description":"S\u00f3 mais um site CLAM - Centro Latino-Americano em Sexualidade e Direitos Humanos sites","potentialAction":[{"@type":"SearchAction","target":{"@type":"EntryPoint","urlTemplate":"https:\/\/clam.org.br\/es\/?s={search_term_string}"},"query-input":{"@type":"PropertyValueSpecification","valueRequired":true,"valueName":"search_term_string"}}],"inLanguage":"es"},{"@type":"Person","@id":"https:\/\/clam.org.br\/es\/#\/schema\/person\/fbd9a86032bf7479f94b0ded196f1010","name":"fw2","image":{"@type":"ImageObject","inLanguage":"es","@id":"https:\/\/clam.org.br\/es\/#\/schema\/person\/image\/","url":"https:\/\/secure.gravatar.com\/avatar\/c38472c0cdbde82d9b6fcc26adb3779d?s=96&d=mm&r=g","contentUrl":"https:\/\/secure.gravatar.com\/avatar\/c38472c0cdbde82d9b6fcc26adb3779d?s=96&d=mm&r=g","caption":"fw2"},"sameAs":["https:\/\/clam.fw2web.com.br"],"url":"https:\/\/clam.org.br\/es\/author\/fw2\/"}]}},"jetpack_featured_media_url":"","jetpack_sharing_enabled":true,"_links":{"self":[{"href":"https:\/\/clam.org.br\/es\/wp-json\/wp\/v2\/posts\/953","targetHints":{"allow":["GET"]}}],"collection":[{"href":"https:\/\/clam.org.br\/es\/wp-json\/wp\/v2\/posts"}],"about":[{"href":"https:\/\/clam.org.br\/es\/wp-json\/wp\/v2\/types\/post"}],"author":[{"embeddable":true,"href":"https:\/\/clam.org.br\/es\/wp-json\/wp\/v2\/users\/1"}],"replies":[{"embeddable":true,"href":"https:\/\/clam.org.br\/es\/wp-json\/wp\/v2\/comments?post=953"}],"version-history":[{"count":0,"href":"https:\/\/clam.org.br\/es\/wp-json\/wp\/v2\/posts\/953\/revisions"}],"wp:attachment":[{"href":"https:\/\/clam.org.br\/es\/wp-json\/wp\/v2\/media?parent=953"}],"wp:term":[{"taxonomy":"category","embeddable":true,"href":"https:\/\/clam.org.br\/es\/wp-json\/wp\/v2\/categories?post=953"},{"taxonomy":"post_tag","embeddable":true,"href":"https:\/\/clam.org.br\/es\/wp-json\/wp\/v2\/tags?post=953"}],"curies":[{"name":"wp","href":"https:\/\/api.w.org\/{rel}","templated":true}]}}