{"id":955,"date":"2014-01-29T00:00:00","date_gmt":"2014-01-29T02:00:00","guid":{"rendered":"https:\/\/clam.org.br\/es\/2014\/01\/29\/seminario-evalua-curso-gde\/"},"modified":"2014-01-29T00:00:00","modified_gmt":"2014-01-29T02:00:00","slug":"seminario-evalua-curso-gde","status":"publish","type":"post","link":"https:\/\/clam.org.br\/es\/noticias-clam\/seminario-evalua-curso-gde\/955\/","title":{"rendered":"Seminario eval\u00faa curso GDE"},"content":{"rendered":"<p>Nos dias 3 e 4 de fevereiro o CLAM ir&aacute; realizar o Semin&aacute;rio GDE+5, no Sal&atilde;o Nobre da Faculdade de Direito da Universidade do Estado do Rio de Janeiro &ndash; UERJ (bloco F, sala 7005), visando compartilhar os resultados de um estudo de avalia&ccedil;&atilde;o feito por amostra de dez universidades brasileiras que ofertaram o curso G&ecirc;nero e Diversidade na Escola (GDE) entre os anos de 2008 e 2011.<\/p>\n<p>Os resultados do estudo, finalizado em 2013, apontam uma mudan&ccedil;a na pr&aacute;tica pedag&oacute;gica dos professores\/as em rela&ccedil;&atilde;o aos temas do machismo, racismo e homofobia. O curso contribuiu tamb&eacute;m para a inclus&atilde;o digital dos professores, principalmente das &aacute;reas rurais de estados como Maranh&atilde;o e Piau&iacute;. Segundo o estudo, o curso trouxe tamb&eacute;m uma mudan&ccedil;a na percep&ccedil;&atilde;o pessoal desses profissionais da educa&ccedil;&atilde;o em rela&ccedil;&atilde;o a esses temas.<\/p>\n<p>&ldquo;Uma cursista &ndash; que era uma professora de ensino fundamental &ndash; disse que o curso abriu os olhos dela para a viol&ecirc;ncia dom&eacute;stica que sofria em casa por parte do marido. Ela at&eacute; ent&atilde;o n&atilde;o sabia o que era viol&ecirc;ncia dom&eacute;stica. Outros relatam uma melhor aceita&ccedil;&atilde;o de filhos e alunos gays a partir da experi&ecirc;ncia no curso&rdquo;, afirma Marcos Nascimento, coordenador do projeto de avalia&ccedil;&atilde;o GDE+5.<\/p>\n<p>O curso G&ecirc;nero e Diversidade na Escola visa sensibilizar profissionais da educa&ccedil;&atilde;o que atuam no ensino p&uacute;blico, no que concerne &agrave;s desigualdades baseadas em g&ecirc;nero, orienta&ccedil;&atilde;o sexual e ra&ccedil;a\/etnia no Brasil, capacitando-os\/as para trabalhar transversalmente sobre estas quest&otilde;es no cotidiano escolar.<\/p>\n<p>A concep&ccedil;&atilde;o do projeto &eacute; da Secretaria de Pol&iacute;ticas para Mulheres (SPM\/PR) e do British Council, em parceria com o Minist&eacute;rio da Educa&ccedil;&atilde;o (MEC), a Secretaria de Pol&iacute;ticas de Promo&ccedil;&atilde;o da Igualdade Racial (SEPPIR\/PR) e o CLAM. A metodologia, os conte&uacute;dos e o projeto pol&iacute;tico-pedag&oacute;gico resultaram de uma constru&ccedil;&atilde;o coletiva dos parceiros envolvidos.<\/p>\n<p>A UERJ, atrav&eacute;s do CLAM, executou o projeto piloto em 2006 para 1200 educadores de seis munic&iacute;pios das cinco regi&otilde;es brasileiras: Dourados (MS), Maring&aacute; (PR), Niter&oacute;i e Nova Igua&ccedil;u (RJ), Porto Velho (RO) e Salvador (BA). Ap&oacute;s a avalia&ccedil;&atilde;o positiva desta experi&ecirc;ncia, o CLAM realizou mais duas edi&ccedil;&otilde;es do curso, em 2009 e em 2010, disponibilizando respectivamente, 3000 e 1300 vagas para educadores\/as do estado e dos munic&iacute;pios do Rio de Janeiro.<\/p>\n<p>Desde 2008, o curso GDE &eacute; oferecido por universidades p&uacute;blicas que participam da Rede de Educa&ccedil;&atilde;o para a Diversidade da Universidade Aberta do Brasil. Dados de 2013 apontam que 38 universidades j&aacute; ofertaram o GDE em todo o pa&iacute;s. Algumas o oferecem como especializa&ccedil;&atilde;o. Para mais informa&ccedil;&otilde;es sobre quais universidades ofertam o curso GDE acesse o site <a href=\"http:\/\/uab.capes.gov.br\">http:\/\/uab.capes.gov.br <\/a><\/p>\n<p>Al&eacute;m de representantes das institui&ccedil;&otilde;es envolvidas na constru&ccedil;&atilde;o do projeto, estar&atilde;o presentes no Semin&aacute;rio v&aacute;rios profissionais das universidades que t&ecirc;m ofertado o curso: representantes da Universidade Federal do Par&aacute; (UFPA), no norte do Brasil, compartilhar&atilde;o uma experi&ecirc;ncia relativa &agrave; quest&atilde;o &eacute;tnico-racial &ndash; especialmente envolvendo a popula&ccedil;&atilde;o ind&iacute;gena. De Teres&oacute;polis, no estado do Rio de Janeiro, ser&aacute; apresentada uma experi&ecirc;ncia de como o curso est&aacute; sendo incorporado pela Secretaria Municipal de Educa&ccedil;&atilde;o daquela cidade. Uma professora da Universidade Federal da Para&iacute;ba (UFPB) vai falar sobre como o curso est&aacute; sendo incorporado ao EJA (Educa&ccedil;&atilde;o de Jovens e Adultos). Representantes da Universidade Federal do Mato Grosso do Sul (UFMS) falar&atilde;o sobre a aplica&ccedil;&atilde;o do GDE na educa&ccedil;&atilde;o infantil com crian&ccedil;as de 4 a 6 anos e como o curso vem modificando pr&aacute;ticas da inf&acirc;ncia, como as brincadeiras infantis, em geral segregacionistas e excludentes.<\/p>\n<p>Veja abaixo a programa&ccedil;&atilde;o completa do Semin&aacute;rio:<\/p>\n<p style=\"text-align: center;\"><b>DIA 03\/02\/2014<\/b><\/p>\n<p><b>9:00 &ndash; 9:30  ABERTURA:<\/b> Representantes do CLAM\/IMS\/UERJ, SPM\/PR, SEPPIR\/PR, SECADI\/MEC<\/p>\n<p><b>9:30 &ndash; 10:45  MESA I: GDE + 5 &ndash; Processos, Resultados, Impactos e Proje&ccedil;&otilde;es<\/b><\/p>\n<p><i>Moderador: Prof. Dr. Andr&eacute; L&aacute;zaro (UERJ\/FLACSO Brasil)<\/i><\/p>\n<p>Objetivo: Apresenta&ccedil;&atilde;o do estudo de avalia&ccedil;&atilde;o: contexto, metodologia, trabalho de campo e dados quantitativos acerca da avalia&ccedil;&atilde;o do curso GDE<\/p>\n<p>Aline Duque (CLAM\/IMS\/UERJ), Lucas Tramontano (CLAM\/IMS\/UERJ), Marcos Nascimento (CLAM\/IMS\/UERJ)<\/p>\n<p><b>10:45 &ndash; 11:00\tI N T E R V A L O<\/b><\/p>\n<p><b>11:00 &ndash; 13:00 MESA II: Experi&ecirc;ncias de articula&ccedil;&atilde;o local e nacional para a realiza&ccedil;&atilde;o do curso GDE: sucessos, dilemas e desafios<\/b><\/p>\n<p><i>Moderador: F&aacute;bio Meirelles (SECADI\/MEC)<\/i><\/p>\n<p>Objetivo: Os\/as participantes ser&atilde;o convidados\/as a expor as suas experi&ecirc;ncias na articula&ccedil;&atilde;o com importantes atores para a execu&ccedil;&atilde;o do GDE, apresentando sucessos, dilemas e desafios.<\/p>\n<p>Alexander Miller (UEMA): rela&ccedil;&atilde;o com a UAB<\/p>\n<p>Leila Araujo (UERJ): rela&ccedil;&atilde;o com as secretarias municipais de educa&ccedil;&atilde;o<\/p>\n<p>Antonio Lopes (UFES): rela&ccedil;&atilde;o com o movimento social organizado<\/p>\n<p>Monica Conrado (UFPA): rela&ccedil;&atilde;o com o MEC<\/p>\n<p>C&eacute;lia Rossi (UNESP): interfaces com a Rede de Educa&ccedil;&atilde;o para a Diversidade<\/p>\n<p><b>13:00 &ndash; 14:30\tA L M O &Ccedil; O<\/b><\/p>\n<p><b>14:30 &ndash; 16:30\tMESA III: Experi&ecirc;ncias de gest&atilde;o e metodologias do curso GDE<\/b><\/p>\n<p><i>Moderadora: Vera Soares (SPM\/PR)<\/i><\/p>\n<p>Objetivo: Os\/as participantes ser&atilde;o convidados\/as a expor as suas experi&ecirc;ncias na gest&atilde;o do curso GDE, com &ecirc;nfase nas li&ccedil;&otilde;es aprendidas em cada local.<\/p>\n<p>Maria do Carmo Bomfim (UFPI): din&acirc;mica dos encontros presenciais<\/p>\n<p>Iracilda Pimentel (UnB): experi&ecirc;ncia de tutoria<\/p>\n<p>Raquel Quadrado (FURG): experi&ecirc;ncia de gest&atilde;o coletiva e horizontal<\/p>\n<p>Constantina Xavier (UFMS): elabora&ccedil;&atilde;o de materiais complementares<\/p>\n<p>Norma Meireles (UFPB): especializa&ccedil;&atilde;o<\/p>\n<p><b>16:30 &ndash; 17:00\tBALAN&Ccedil;O DO DIA<\/b><\/p>\n<p style=\"text-align: center;\"><b>DIA 04\/02\/2014<\/b><\/p>\n<p><b>10:00 &ndash; 12:00 MESA IV: Experi&ecirc;ncias de trabalho com g&ecirc;nero e diversidades na escola com diferentes p&uacute;blicos<\/b><\/p>\n<p><i>Moderadora: Maria Elisabete Pereira (CLAM\/IMS\/UERJ)<\/i><\/p>\n<p>Objetivo: Os\/as participantes ser&atilde;o convidados\/as a apresentarem as experi&ecirc;ncias de trabalho com os temas de g&ecirc;nero e diversidades em sala de aula, seus sucessos, dilemas e desafios.<\/p>\n<p>Raquel Quadrado (RS): educa&ccedil;&atilde;o infantil<\/p>\n<p>Tatiana Moura (PA): educa&ccedil;&atilde;o b&aacute;sica<\/p>\n<p>Norma Meireles (PB): educa&ccedil;&atilde;o de jovens e adultos<\/p>\n<p>Adriana Vital (RJ): modelo de gest&atilde;o Secretaria de Educa&ccedil;&atilde;o de Teres&oacute;polis<\/p>\n<p><b>12:15 &ndash; 13:45 \tA L M O &Ccedil; O<\/b><\/p>\n<p><b>13:45 &ndash; 16:00\tMESA V: GDE + 5 &ndash; Processos, Resultados, Impactos e Proje&ccedil;&otilde;es (cont.)<\/b><\/p>\n<p><i>Moderador: Luiz Barcelos (SEPPIR\/PR)<\/i><\/p>\n<p>Objetivo: Apresenta&ccedil;&atilde;o dos resultados qualitativos do estudo de avalia&ccedil;&atilde;o GDE+5 e s&iacute;ntese de recomenda&ccedil;&otilde;es para a&ccedil;&atilde;o.<\/p>\n<p>Aline Duque (CLAM\/IMS\/UERJ)<\/p>\n<p>Lucas Tramontano (CLAM\/IMS\/UERJ)<\/p>\n<p>Marcos Nascimento (CLAM\/IMS\/UERJ)<\/p>\n<p>Sergio Carrara (CLAM\/IMS\/UERJ)<\/p>\n<p><b>16:00 &ndash; 16:30 ENCERRAMENTO: <\/b> Representantes CLAM\/IMS\/UERJ, SPM, SEPPIR, SECADI\/MEC<\/p>\n","protected":false},"excerpt":{"rendered":"<p>Resultados de un estudio de evaluaci\u00f3n del curso G\u00e9nero y Diversidad en la Escuela (GDE) se\u00f1alan un cambio en la pr\u00e1ctica pedag\u00f3gica de los\/as profesores\/as estudiantes en relaci\u00f3n con los temas de machismo, racismo y homofobia. Los datos ser\u00e1n presentados en el Seminario GDE+5, que ser\u00e1 realizado en la UERJ los d\u00edas 3 y 4 de febrero. <i>(Texto en portugu\u00e9s)<\/i><\/p>\n","protected":false},"author":1,"featured_media":0,"comment_status":"open","ping_status":"open","sticky":false,"template":"","format":"standard","meta":{"_acf_changed":false,"site-sidebar-layout":"default","site-content-layout":"default","ast-global-header-display":"","ast-main-header-display":"","ast-hfb-above-header-display":"","ast-hfb-below-header-display":"","ast-hfb-mobile-header-display":"","site-post-title":"","ast-breadcrumbs-content":"","ast-featured-img":"","footer-sml-layout":"","theme-transparent-header-meta":"","adv-header-id-meta":"","stick-header-meta":"","header-above-stick-meta":"","header-main-stick-meta":"","header-below-stick-meta":"","_jetpack_memberships_contains_paid_content":false,"footnotes":""},"categories":[7],"tags":[],"class_list":["post-955","post","type-post","status-publish","format-standard","hentry","category-noticias-clam"],"acf":[],"yoast_head":"<!-- This site is optimized with the Yoast SEO plugin v26.1.1 - https:\/\/yoast.com\/wordpress\/plugins\/seo\/ -->\n<title>Seminario eval\u00faa curso GDE - CLAM - ES<\/title>\n<meta name=\"robots\" content=\"index, follow, max-snippet:-1, max-image-preview:large, max-video-preview:-1\" \/>\n<link rel=\"canonical\" href=\"https:\/\/clam.org.br\/es\/noticias-clam\/seminario-evalua-curso-gde\/955\/\" \/>\n<meta property=\"og:locale\" content=\"es_ES\" \/>\n<meta property=\"og:type\" content=\"article\" \/>\n<meta property=\"og:title\" content=\"Seminario eval\u00faa curso GDE - CLAM - ES\" \/>\n<meta property=\"og:description\" content=\"Resultados de un estudio de evaluaci\u00f3n del curso G\u00e9nero y Diversidad en la Escuela (GDE) se\u00f1alan un cambio en la pr\u00e1ctica pedag\u00f3gica de los\/as profesores\/as estudiantes en relaci\u00f3n con los temas de machismo, racismo y homofobia. Los datos ser\u00e1n presentados en el Seminario GDE+5, que ser\u00e1 realizado en la UERJ los d\u00edas 3 y 4 de febrero. (Texto en portugu\u00e9s)\" \/>\n<meta property=\"og:url\" content=\"https:\/\/clam.org.br\/es\/noticias-clam\/seminario-evalua-curso-gde\/955\/\" \/>\n<meta property=\"og:site_name\" content=\"CLAM - ES\" \/>\n<meta property=\"article:published_time\" content=\"2014-01-29T02:00:00+00:00\" \/>\n<meta name=\"author\" content=\"fw2\" \/>\n<meta name=\"twitter:card\" content=\"summary_large_image\" \/>\n<meta name=\"twitter:label1\" content=\"Escrito por\" \/>\n\t<meta name=\"twitter:data1\" content=\"fw2\" \/>\n\t<meta name=\"twitter:label2\" content=\"Tiempo de lectura\" \/>\n\t<meta name=\"twitter:data2\" content=\"7 minutos\" \/>\n<script type=\"application\/ld+json\" class=\"yoast-schema-graph\">{\"@context\":\"https:\/\/schema.org\",\"@graph\":[{\"@type\":\"WebPage\",\"@id\":\"https:\/\/clam.org.br\/es\/noticias-clam\/seminario-evalua-curso-gde\/955\/\",\"url\":\"https:\/\/clam.org.br\/es\/noticias-clam\/seminario-evalua-curso-gde\/955\/\",\"name\":\"Seminario eval\u00faa curso GDE - CLAM - ES\",\"isPartOf\":{\"@id\":\"https:\/\/clam.org.br\/es\/#website\"},\"datePublished\":\"2014-01-29T02:00:00+00:00\",\"author\":{\"@id\":\"https:\/\/clam.org.br\/es\/#\/schema\/person\/fbd9a86032bf7479f94b0ded196f1010\"},\"breadcrumb\":{\"@id\":\"https:\/\/clam.org.br\/es\/noticias-clam\/seminario-evalua-curso-gde\/955\/#breadcrumb\"},\"inLanguage\":\"es\",\"potentialAction\":[{\"@type\":\"ReadAction\",\"target\":[\"https:\/\/clam.org.br\/es\/noticias-clam\/seminario-evalua-curso-gde\/955\/\"]}]},{\"@type\":\"BreadcrumbList\",\"@id\":\"https:\/\/clam.org.br\/es\/noticias-clam\/seminario-evalua-curso-gde\/955\/#breadcrumb\",\"itemListElement\":[{\"@type\":\"ListItem\",\"position\":1,\"name\":\"In\u00edcio\",\"item\":\"https:\/\/clam.org.br\/es\/\"},{\"@type\":\"ListItem\",\"position\":2,\"name\":\"Seminario eval\u00faa curso GDE\"}]},{\"@type\":\"WebSite\",\"@id\":\"https:\/\/clam.org.br\/es\/#website\",\"url\":\"https:\/\/clam.org.br\/es\/\",\"name\":\"CLAM - ES\",\"description\":\"S\u00f3 mais um site CLAM - Centro Latino-Americano em Sexualidade e Direitos Humanos sites\",\"potentialAction\":[{\"@type\":\"SearchAction\",\"target\":{\"@type\":\"EntryPoint\",\"urlTemplate\":\"https:\/\/clam.org.br\/es\/?s={search_term_string}\"},\"query-input\":{\"@type\":\"PropertyValueSpecification\",\"valueRequired\":true,\"valueName\":\"search_term_string\"}}],\"inLanguage\":\"es\"},{\"@type\":\"Person\",\"@id\":\"https:\/\/clam.org.br\/es\/#\/schema\/person\/fbd9a86032bf7479f94b0ded196f1010\",\"name\":\"fw2\",\"image\":{\"@type\":\"ImageObject\",\"inLanguage\":\"es\",\"@id\":\"https:\/\/clam.org.br\/es\/#\/schema\/person\/image\/\",\"url\":\"https:\/\/secure.gravatar.com\/avatar\/c38472c0cdbde82d9b6fcc26adb3779d?s=96&d=mm&r=g\",\"contentUrl\":\"https:\/\/secure.gravatar.com\/avatar\/c38472c0cdbde82d9b6fcc26adb3779d?s=96&d=mm&r=g\",\"caption\":\"fw2\"},\"sameAs\":[\"https:\/\/clam.fw2web.com.br\"],\"url\":\"https:\/\/clam.org.br\/es\/author\/fw2\/\"}]}<\/script>\n<!-- \/ Yoast SEO plugin. -->","yoast_head_json":{"title":"Seminario eval\u00faa curso GDE - CLAM - ES","robots":{"index":"index","follow":"follow","max-snippet":"max-snippet:-1","max-image-preview":"max-image-preview:large","max-video-preview":"max-video-preview:-1"},"canonical":"https:\/\/clam.org.br\/es\/noticias-clam\/seminario-evalua-curso-gde\/955\/","og_locale":"es_ES","og_type":"article","og_title":"Seminario eval\u00faa curso GDE - CLAM - ES","og_description":"Resultados de un estudio de evaluaci\u00f3n del curso G\u00e9nero y Diversidad en la Escuela (GDE) se\u00f1alan un cambio en la pr\u00e1ctica pedag\u00f3gica de los\/as profesores\/as estudiantes en relaci\u00f3n con los temas de machismo, racismo y homofobia. Los datos ser\u00e1n presentados en el Seminario GDE+5, que ser\u00e1 realizado en la UERJ los d\u00edas 3 y 4 de febrero. (Texto en portugu\u00e9s)","og_url":"https:\/\/clam.org.br\/es\/noticias-clam\/seminario-evalua-curso-gde\/955\/","og_site_name":"CLAM - ES","article_published_time":"2014-01-29T02:00:00+00:00","author":"fw2","twitter_card":"summary_large_image","twitter_misc":{"Escrito por":"fw2","Tiempo de lectura":"7 minutos"},"schema":{"@context":"https:\/\/schema.org","@graph":[{"@type":"WebPage","@id":"https:\/\/clam.org.br\/es\/noticias-clam\/seminario-evalua-curso-gde\/955\/","url":"https:\/\/clam.org.br\/es\/noticias-clam\/seminario-evalua-curso-gde\/955\/","name":"Seminario eval\u00faa curso GDE - CLAM - ES","isPartOf":{"@id":"https:\/\/clam.org.br\/es\/#website"},"datePublished":"2014-01-29T02:00:00+00:00","author":{"@id":"https:\/\/clam.org.br\/es\/#\/schema\/person\/fbd9a86032bf7479f94b0ded196f1010"},"breadcrumb":{"@id":"https:\/\/clam.org.br\/es\/noticias-clam\/seminario-evalua-curso-gde\/955\/#breadcrumb"},"inLanguage":"es","potentialAction":[{"@type":"ReadAction","target":["https:\/\/clam.org.br\/es\/noticias-clam\/seminario-evalua-curso-gde\/955\/"]}]},{"@type":"BreadcrumbList","@id":"https:\/\/clam.org.br\/es\/noticias-clam\/seminario-evalua-curso-gde\/955\/#breadcrumb","itemListElement":[{"@type":"ListItem","position":1,"name":"In\u00edcio","item":"https:\/\/clam.org.br\/es\/"},{"@type":"ListItem","position":2,"name":"Seminario eval\u00faa curso GDE"}]},{"@type":"WebSite","@id":"https:\/\/clam.org.br\/es\/#website","url":"https:\/\/clam.org.br\/es\/","name":"CLAM - ES","description":"S\u00f3 mais um site CLAM - Centro Latino-Americano em Sexualidade e Direitos Humanos sites","potentialAction":[{"@type":"SearchAction","target":{"@type":"EntryPoint","urlTemplate":"https:\/\/clam.org.br\/es\/?s={search_term_string}"},"query-input":{"@type":"PropertyValueSpecification","valueRequired":true,"valueName":"search_term_string"}}],"inLanguage":"es"},{"@type":"Person","@id":"https:\/\/clam.org.br\/es\/#\/schema\/person\/fbd9a86032bf7479f94b0ded196f1010","name":"fw2","image":{"@type":"ImageObject","inLanguage":"es","@id":"https:\/\/clam.org.br\/es\/#\/schema\/person\/image\/","url":"https:\/\/secure.gravatar.com\/avatar\/c38472c0cdbde82d9b6fcc26adb3779d?s=96&d=mm&r=g","contentUrl":"https:\/\/secure.gravatar.com\/avatar\/c38472c0cdbde82d9b6fcc26adb3779d?s=96&d=mm&r=g","caption":"fw2"},"sameAs":["https:\/\/clam.fw2web.com.br"],"url":"https:\/\/clam.org.br\/es\/author\/fw2\/"}]}},"jetpack_featured_media_url":"","jetpack_sharing_enabled":true,"_links":{"self":[{"href":"https:\/\/clam.org.br\/es\/wp-json\/wp\/v2\/posts\/955","targetHints":{"allow":["GET"]}}],"collection":[{"href":"https:\/\/clam.org.br\/es\/wp-json\/wp\/v2\/posts"}],"about":[{"href":"https:\/\/clam.org.br\/es\/wp-json\/wp\/v2\/types\/post"}],"author":[{"embeddable":true,"href":"https:\/\/clam.org.br\/es\/wp-json\/wp\/v2\/users\/1"}],"replies":[{"embeddable":true,"href":"https:\/\/clam.org.br\/es\/wp-json\/wp\/v2\/comments?post=955"}],"version-history":[{"count":0,"href":"https:\/\/clam.org.br\/es\/wp-json\/wp\/v2\/posts\/955\/revisions"}],"wp:attachment":[{"href":"https:\/\/clam.org.br\/es\/wp-json\/wp\/v2\/media?parent=955"}],"wp:term":[{"taxonomy":"category","embeddable":true,"href":"https:\/\/clam.org.br\/es\/wp-json\/wp\/v2\/categories?post=955"},{"taxonomy":"post_tag","embeddable":true,"href":"https:\/\/clam.org.br\/es\/wp-json\/wp\/v2\/tags?post=955"}],"curies":[{"name":"wp","href":"https:\/\/api.w.org\/{rel}","templated":true}]}}