{"id":984,"date":"2014-07-30T00:00:00","date_gmt":"2014-07-30T03:00:00","guid":{"rendered":"https:\/\/clam.org.br\/es\/2014\/07\/30\/el-otro-lado-del-reconocimiento\/"},"modified":"2014-07-30T00:00:00","modified_gmt":"2014-07-30T03:00:00","slug":"el-otro-lado-del-reconocimiento","status":"publish","type":"post","link":"https:\/\/clam.org.br\/es\/noticias-clam\/el-otro-lado-del-reconocimiento\/984\/","title":{"rendered":"El otro lado del reconocimiento"},"content":{"rendered":"<p>La emergencia de &quot;nuevos&quot; sujetos pol&iacute;ticos &ndash;mujeres, negros, ind&iacute;genas, LGBT, refugiados, v&iacute;ctimas de violencia sociopol&iacute;tica, entre otros&ndash; portando demandas por la garant&iacute;a de sus derechos ha tenido importantes consecuencias sobre los modos como las sociedades nacionales se conciben a s&iacute; mismas y el lugar y significado de democracia. Se ha cuestionado, por un lado, la idea de una identidad cultural homog&eacute;nea erigida como emblema del estado naci&oacute;n moderno. Por otro, en el plano normativo, se intenta revertir los mecanismos de subordinaci&oacute;n y exclusi&oacute;n de sujetos considerados &lsquo;minoritarios&rsquo; o diferentes, replanteando as&iacute; un concepto de ciudadan&iacute;a originalmente cimentado en la idea de un sujeto portador de un determinado patrimonio material y espiritual, &iacute;ntimamente ligado a atributos de g&eacute;nero, sexualidad, origen, etnicidad y corporalidad.<\/p>\n<p>Con base en definiciones de ciudadan&iacute;a nominalmente inclusivas, los estados son exhortados a implementar pol&iacute;ticas orientadas a subsanar el d&eacute;ficit de derechos que afecta a sujetos &quot;vulnerables&quot;, as&iacute; como a poner en marcha medidas para acabar con la discriminaci&oacute;n y la violencia de la cual los mismos son objeto. Son complejos, sin embargo, y frecuentemente contradictorios, los modos como esa &quot;correcci&oacute;n&quot; ocurre. En Colombia, la iniciativa del Ministerio del Interior de incluir a la poblaci&oacute;n intersexual en la pol&iacute;tica p&uacute;blica nacional LGBT plantea interrogantes en torno a los efectos de un reconocimiento &ndash;seg&uacute;n consideran actores locales&ndash; que ha sido formulado unilateralmente, &lsquo;desde arriba&rsquo; y desconoce los modos en que las personas intersexuales se reconocen a s&iacute; mismas.<\/p>\n<p>En 2012, en el marco de una convocatoria de la Secretar&iacute;a Distrital de Planeaci&oacute;n (entidad encargada de coordinar la formulaci&oacute;n y seguimiento de las pol&iacute;ticas p&uacute;blicas de Bogot&aacute;, entre ellas la LGBT), la Escuela de Estudios de G&eacute;nero (EEG) de la Universidad Nacional de Colombia llev&oacute; a cabo un&nbsp;<a href=\"http:\/\/www.sdp.gov.co\/portal\/page\/portal\/PortalSDP\/actualidad-SDP-home\/INTERSEXUALIDAD-17022014.pdf\" target=\"_blank\" rel=\"noopener\">diagn&oacute;stico sobre la situaci&oacute;n de personas intersexuales en Bogot&aacute;<\/a>. El encargo respond&iacute;a a la necesidad de formular pol&iacute;ticas orientadas a garantizar los derechos de dicha poblaci&oacute;n y a llenar vac&iacute;os de informaci&oacute;n institucional sobre el tema.<\/p>\n<p>El diagn&oacute;stico, coordinado por Nancy Prada, investigadora de la EEG, identific&oacute; serias vulneraciones de derechos a personas intersexuales, entre los que destacan la no prestaci&oacute;n oportuna de asistencia m&eacute;dica; la falta de una ruta clara para el manejo de casos en el sistema de salud; la &lsquo;normalizaci&oacute;n&rsquo; de los cuerpos de las personas intersexuales sin su consentimiento mediante procedimientos quir&uacute;rgicos mutilantes; y la asignaci&oacute;n del sexo &ldquo;a simple vista&rdquo; por parte de profesionales de la salud sin realizar otros ex&aacute;menes necesarios, entre otros.<\/p>\n<p>Si bien buena parte de las problem&aacute;ticas identificadas se relacionan con el &aacute;mbito de la salud, el estudio aclara que la construcci&oacute;n de la intersexualidad como un conjunto de &lsquo;trastornos del desarrollo sexual&rsquo; por parte del discurso m&eacute;dico se extiende a otras esferas como la jur&iacute;dica, tornando esos cuerpos<i>&ldquo;socialmente inmencionables e indeseables&rdquo;.<\/i><\/p>\n<p>En Colombia, como en muchos pa&iacute;ses, la asignaci&oacute;n del sexo debe ser llevada a cabo al nacer y consignada en el registro civil, documento imprescindible para adquirir existencia jur&iacute;dica. Asimismo, el pa&iacute;s no cuenta con leyes que permitan modificar el sexo registrado, por lo que&nbsp;<i>&ldquo;la inconsistencia entre nombre y\/o sexo registrado y la identidad de g&eacute;nero, produce dificultades asociadas a otros tr&aacute;mites en los que se requiere el registro civil, como el matrimonio y la adopci&oacute;n&rdquo;.<\/i>&nbsp;En el &uacute;ltimo caso, se&ntilde;ala el documento, la indiferenciaci&oacute;n sexual, as&iacute; como el hecho de que la persona intersexual se haya sometido a tratamientos psicol&oacute;gicos puede suscitar dudas sobre su idoneidad para adoptar. Por otro lado, dicha &lsquo;inconsistencia&rsquo; conlleva frecuentes vulneraciones al derecho al trabajo, as&iacute; como a la educaci&oacute;n. En los colegios los funcionarios no cuentan con capacitaci&oacute;n para el manejo de estos casos y suelen forzar a los menores a adoptar uno u otro g&eacute;nero convencional.<\/p>\n<p>Pese a que en el pa&iacute;s existe jurisprudencia &ndash;como la&nbsp;<a href=\"http:\/\/www.corteconstitucional.gov.co\/relatoria\/2002\/t-1025-02.htm\" target=\"_blank\" rel=\"noopener\">Sentencia T-1025 de 2002 mediante la cual la Corte Constitucional prohibi&oacute; la realizaci&oacute;n de procedimientos de&nbsp;<i>&ldquo;asignaci&oacute;n de sexo en menores de edad&rdquo;<\/i>&nbsp;sin su consentimiento<\/a>&nbsp;&ndash;, los avances en la pr&aacute;ctica son escasos. Las normas colombianas, aparte de sostener el reconocimiento de apenas dos opciones dicot&oacute;micas con relaci&oacute;n a la atribuci&oacute;n del sexo, dirime la responsabilidad jur&iacute;dica sobre<i>&ldquo;lo que pueda pasar con el cuerpo de los\/as menores, otorgando poco peso a su autonom&iacute;a, y acepta la disciplina m&eacute;dica como aquella que debe determinar los criterios de &lsquo;normalidad&rsquo; de los cuerpos&rdquo;,<\/i>reza el diagn&oacute;stico.<\/p>\n<p>A esto se suma que las pocas pol&iacute;ticas p&uacute;blicas que hacen referencia a las personas intersexuales las subsumen en otros grupos poblacionales. As&iacute;, en Bogot&aacute; la atenci&oacute;n a este grupo est&aacute; enmarcada en la pol&iacute;tica de &lsquo;discapacidad&rsquo;, y a nivel nacional la &uacute;nica pol&iacute;tica (en proceso de construcci&oacute;n) que alude al tema incluye a intersexuales en el sector de lesbianas, gays, bisexuales y trans. Fue el Ministerio del Interior quien incorpor&oacute; recientemente la letra &ldquo;I&rdquo; a sigla LGBT en sus documentos oficiales.<\/p>\n<p>Leidy Tatiana M&aacute;rquez, presidenta de la fundaci&oacute;n Intersexuales Colombia y representante en el pa&iacute;s de la&nbsp;<a href=\"http:\/\/oiiinternational.com\" target=\"_blank\" rel=\"noopener\">Organizaci&oacute;n Intersexual Internacional<\/a>, relata que en 2010 personas intersexuales se reunieron con funcionarios del Ministerio del Interior para abordar cuestiones relacionadas con las necesidades de esa poblaci&oacute;n. Posteriormente, pese a que en dicha conversaci&oacute;n ellas hab&iacute;an manifestado que las necesidades de la poblaci&oacute;n intersexual requer&iacute;an un marco diferente, el Ministerio llev&oacute; a cabo una convocatoria con el fin de elaborar la pol&iacute;tica p&uacute;blica nacional LGBTI.<i>&ldquo;Con esa pol&iacute;tica est&aacute;n englobando nuestros derechos y garant&iacute;as en una comunidad con la que tenemos que ver de forma m&iacute;nima. Ahora estamos viendo c&oacute;mo nos podemos independizar. No se trata de que discriminemos a los grupos LGBT &ndash;explica&ndash;, sino de aclarar los t&eacute;rminos en que somos diversos y que la diversidad intersexual incide muy poco dentro de la comunidad LGBT. Las pol&iacute;ticas sobre ambos grupos pueden tener aspectos comunes, pero la vulneraci&oacute;n de derechos a las personas LGBT tiene que ver con homofobia, lesbofobia y transfobia;<\/i>[mientras que las y los intersexuales quieren]<i>trabajar con el gobierno para lograr una pol&iacute;tica p&uacute;blica independiente, donde las personas intersexuales seamos capaces de tomar determinaciones sobre los atropellos m&eacute;dicos y buscar soluciones&rdquo;,<\/i>&nbsp;afirma.<\/p>\n<p>Al respecto parece existir tanto en Colombia como en otros pa&iacute;ses una dificultad para pensar la intersexualidad por fuera de estos &aacute;mbitos y de forma independiente. Pese a que activistas de la regi&oacute;n han se&ntilde;alado que las problem&aacute;ticas de esta poblaci&oacute;n no se limitan a cuestiones relacionadas con la identidad de g&eacute;nero, sino que envuelven otras dimensiones, su asociaci&oacute;n, si no asimilaci&oacute;n, en la categor&iacute;a &lsquo;trans&rsquo; es com&uacute;n. En este sentido y siguiendo las propuestas del investigador y activista argentino Mauro Cabral, el diagn&oacute;stico elaborado por la Escuela de Estudios de G&eacute;nero plantea entender la intersexualidad en t&eacute;rminos de diversidad corporal. No obstante, como se&ntilde;ala Prada, esto no resuelve del todo las tensiones sobre el tema en el contexto colombiano.<\/p>\n<p><i>&ldquo;En lo LGBT ya se mueven cuestiones heterog&eacute;neas, orientaciones sexuales diversas e identidades de g&eacute;nero, y sumarle lo intersexual acent&uacute;a su complejidad. Yo estoy de acuerdo con los planteamientos de Mauro Cabral sobre la intersexualidad y la diversidad corporal. Sin embargo, sostener esta tesis en nuestro estudio ha suscitado muchas cr&iacute;ticas. Yo creo que algunas son acertadas, como las que se&ntilde;alan que si bien la diversidad de las personas intersexuales es diferente, &iquest;por qu&eacute; no sumar lo intersexual a lo LGBT si hay grupos que pueden compartir algunas problem&aacute;ticas? Por otro lado, es importante reconocer que lo intersexual en el pa&iacute;s ha sido un tema hu&eacute;rfano, y sacarlo de lo LGBT implicar&iacute;a dejarlo hu&eacute;rfano nuevamente. Anal&iacute;ticamente yo creo que lo intersexual tiene que ver con diversidad de cuerpos, pero en el contexto colombiano esto tambi&eacute;n plantea problemas pr&aacute;cticos&rdquo;,<\/i>&nbsp;explica la investigadora.<\/p>\n<p>La &lsquo;orfandad&rsquo; a la que se refiere Prada tiene que ver con el car&aacute;cter incipiente del activismo intersexual en el pa&iacute;s. El reconocimiento de los grupos excluidos por parte del Estado y la sociedad suele ser resultado de procesos organizativos y de estrategias de incidencia de quienes han visto vulnerados sus derechos. Este no ha sido el caso en Colombia con las personas intersexuales, afirma Prada. De acuerdo con la investigaci&oacute;n de la EEG, la politizaci&oacute;n de la identidad intersex en Bogot&aacute; y en Colombia es d&eacute;bil si se compara con otros sectores sociales. Al respecto la coordinadora del estudio se&ntilde;ala:<i>&ldquo;mi percepci&oacute;n y la del equipo que realiz&oacute; la investigaci&oacute;n es que, a diferencia de la articulaci&oacute;n LGBT, que responde a intereses estrat&eacute;gicos para hacer incidencia y reclamos de derechos, con lo intersexual en Colombia pasa lo opuesto: se define desde arriba hacia abajo, desde instancias del gobierno (Ministerio del Interior) y no como el producto de un reclamo o de una movilizaci&oacute;n. Al indagar c&oacute;mo fue la inclusi&oacute;n de lo intersexual en la sigla LGBT, se observan directrices de gobierno, pero no un movilizaci&oacute;n intersexual reclam&aacute;ndolo&rdquo;.<\/i><\/p>\n<p>En ese sentido, resulta enigm&aacute;tica la decisi&oacute;n del Estado colombiano de considerar a las personas intersexuales en una pol&iacute;tica p&uacute;blica. Si bien puede ser celebrada al dar cuenta de cambios hacia la consolidaci&oacute;n de un Estado m&aacute;s incluyente, como se&ntilde;alan los investigadores Nancy Postero y Leon Zamosc en alusi&oacute;n a los movimientos ind&iacute;genas de la regi&oacute;n, no siempre la entrada de los derechos de una poblaci&oacute;n excluida en la agenda p&uacute;blica forma parte de un proyecto emancipatorio o de empoderamiento. Es necesario observar el papel desempe&ntilde;ado por los movimientos sociales en la visibilidad que cada tema adquiere y con relaci&oacute;n al rumbo que toman las acciones gubernamentales al respecto.<\/p>\n<p>Ante el relativo consenso internacional respecto a la urgencia de que los Estados reconozcan a sus &lsquo;minor&iacute;as&rsquo;, aunque en este campo ning&uacute;n proyecto responde exclusivamente a un inter&eacute;s u otro sino a constantes negociaciones, existen iniciativas formuladas por agentes m&aacute;s interesados en consolidar proyectos hegem&oacute;nicos que en transformar los mecanismos de exclusi&oacute;n. Las ret&oacute;ricas multiculturalistas pintan de modernidad un proyecto pol&iacute;tico, permitiendo la adhesi&oacute;n de distintos sectores sociales. En ese sentido, Prada se&ntilde;ala que la inclusi&oacute;n de la poblaci&oacute;n intersexual en la pol&iacute;tica nacional LGBT puede tener que ver con la adaptaci&oacute;n a&nbsp;<i>&ldquo;est&aacute;ndares pol&iacute;ticamente correctos&rdquo;<\/i>&nbsp;de reconocimiento, seg&uacute;n una tendencia internacional.<\/p>\n<p>Por su parte, M&aacute;rquez tambi&eacute;n ve en ello la adopci&oacute;n de pol&iacute;ticas formuladas en otros pa&iacute;ses, que no responden necesariamente a las necesidades del contexto local.&nbsp;<i>&ldquo;El trasfondo de esto es la globalizaci&oacute;n de pol&iacute;ticas formuladas en Europa y Estados Unidos por organizaciones intersexuales que trabajan con organizaciones LGBT. Nosotros no compartimos necesariamente los mismos principios que tiene la poblaci&oacute;n intersexual en otros pa&iacute;ses, ya que somos latinoamericanos, ni el tipo de diversidad que nos pretenden infundir. Nos han dicho que los intersexuales tenemos que pertenecer a la comunidad LGBT porque somos una minor&iacute;a sexual vulnerada y muchas personas intersexuales lo ven como una alternativa para la garant&iacute;a de sus derechos, as&iacute; como un medio para no ser percibidos como bichos raros y encontrar gente similar. Sin embargo, muchas personas buscan intersexuales en los grupos LGBT y no los encuentran, porque a&uacute;n existe ignorancia de ambos lados. Los LGBT no nos conocen y los intersexuales no los conocemos a ellos. Pese a ello, seguimos incluidos en un colectivo nacional en el marco de una pol&iacute;tica p&uacute;blica. Yo creo que la separaci&oacute;n de ambos grupos es lo m&aacute;s pertinente, con el fin de que podamos tomar decisiones propias. Esto no significa que no podamos trabajar de forma conjunta algunos temas&rdquo;,<\/i>&nbsp;se&ntilde;ala la activista.<\/p>\n<p>Prada y el equipo investigador de la EEG consideran que la escasez de experiencias organizativas en torno a la intersexualidad en el pa&iacute;s responde a los modos como las personas intersexuales han sido representadas, la poca circulaci&oacute;n de informaci&oacute;n sobre el tema y el impacto de los discursos biom&eacute;dicos en la construcci&oacute;n de la intersexualidad. Sobre el primer punto, cabe se&ntilde;alar que son pocas las personas intersexuales en el pa&iacute;s que deciden visibilizarse, debido al estigma que pesa sobre ellas. Prada se&ntilde;ala que adem&aacute;s del lugar de anormalidad en el que ha sido configurada por el discurso m&eacute;dico, la intersexualidad a&uacute;n conserva una asociaci&oacute;n con lo monstruoso.&nbsp;<i>&ldquo;No se trata s&oacute;lo de que los intersexuales sean sujetos &lsquo;distintos&rsquo;, porque al respecto hemos elaborado unos discursos m&iacute;nimos que nos permiten trabajar y defender lo diferente. Creo que el hecho de que las personas no se asuman como intersexuales y se movilicen a partir de all&iacute; tiene que ver con el estigma que asocia lo intersexual con lo monstruoso. La intersexualidad tiene un origen m&eacute;dico, pero tambi&eacute;n tiene antecedentes en el hermafroditismo, que le dificulta a las personas posicionarse desde all&iacute;&rdquo;.<\/i><\/p>\n<p>Por su parte, al interpelar a las personas intersexuales como sujetos patologizados, el discurso m&eacute;dico plantea la intersexualidad como una cuesti&oacute;n individual, que dificulta una movilizaci&oacute;n colectiva, se&ntilde;ala el estudio &ndash;algo que ha comenzado a desanudarse en otros pa&iacute;ses o a trav&eacute;s de fronteras nacionales, pero que por ello depende de la disponibilidad de recursos que habiliten tal movilizaci&oacute;n. Este aspecto es de especial relevancia si se tiene en cuenta que los saberes biom&eacute;dicos ostentan la verdad m&aacute;s autorizada sobre las personas intersexuales. Pese a que algunas personas intersexuales buscan situarse en lugares no marcados por la biolog&iacute;a y la medicina, es en los discursos de dichas disciplinas donde no s&oacute;lo la sociedad o el Estado, sino la mayor&iacute;a de ellas se reconoce a s&iacute; mismas como sujetos intersexuales. Al respecto, Prada comenta que en las entrevistas con personas intersexuales se observ&oacute; que muchas de ellas segu&iacute;an&nbsp;<i>&ldquo;a pie juntillas&rdquo;<\/i>&nbsp;el discurso m&eacute;dico y hablaban sobre s&iacute; mismas empleando un lenguaje correspondiente.<\/p>\n<p>Los saberes biom&eacute;dicos, explica la investigadora, emergen incluso en la comprensi&oacute;n de las propias subjetividades, lo que en su opini&oacute;n es comprensible en la medida en que no circulan otros discursos sobre el tema en el contexto nacional. No obstante, se&ntilde;ala, dicha situaci&oacute;n resulta preocupante porque en este caso<i>&ldquo;la idea de que &lsquo;yo soy lo que es mi carne&rsquo; est&aacute; ligada a la concepci&oacute;n de un &lsquo;orden natural&rsquo; seg&uacute;n el cual se debe ordenar lo que biol&oacute;gicamente est&aacute; desordenado&rdquo;.<\/i>&nbsp;Para la investigadora, los lenguajes m&eacute;dico y biol&oacute;gico limitan y determinan la comprensi&oacute;n que las personas intersexuales tienen de s&iacute; mismas, por lo que es necesaria la puesta en circulaci&oacute;n de otro tipo de representaciones.<i>&ldquo;Yo creo que la intersexualidad constituye un caso emblem&aacute;tico de los efectos de este tipo de discurso&rdquo;,<\/i>&nbsp;puntualiza.<\/p>\n<p>M&aacute;rquez afirma que la poca informaci&oacute;n que circula sobre intersexualidad en el contexto colombiano hace que incluso en el &aacute;mbito del activismo LGBT muchas personas desconozcan el t&eacute;rmino:&nbsp;<i>&ldquo;Yo les dec&iacute;a &lsquo;intersexuales, como los hermafroditas&rsquo; y me dec&iacute;an, &lsquo;&iexcl;ah!, &iquest;como los caballitos de mar?&rdquo;,<\/i>&nbsp;relata la activista. Prada comenta que cuando se hizo la convocatoria para la investigaci&oacute;n hubo varias confusiones con el uso del t&eacute;rmino y que incluso acudieron personas convencionalmente reconocidas como bisexuales.<i>&ldquo;Hace falta informaci&oacute;n que permita el reconocimiento de qu&eacute; es lo intersexual. En Colombia, las personas intersexuales no tienen un espejo en el cual reconocerse. Si uno no sabe de qu&eacute; se trata, si no hay una apropiaci&oacute;n del concepto, es muy dif&iacute;cil movilizarse en torno al mismo&rdquo;,<\/i>&nbsp;explica.<\/p>\n","protected":false},"excerpt":{"rendered":"<p>Cr\u00edticas de la reciente inclusi\u00f3n de la intersexualidad en la pol\u00edtica p\u00fablica nacional para LGBT en Colombia cuestionan hasta qu\u00e9 punto este reconocimiento, definido \u201cdesde arriba\u201d, responde a las demandas y necesidades de los sujetos afectados o ser\u00eda una forma de adaptarse a una tendencia internacional.<\/p>\n","protected":false},"author":1,"featured_media":0,"comment_status":"open","ping_status":"open","sticky":false,"template":"","format":"standard","meta":{"_acf_changed":false,"site-sidebar-layout":"default","site-content-layout":"default","ast-global-header-display":"","ast-main-header-display":"","ast-hfb-above-header-display":"","ast-hfb-below-header-display":"","ast-hfb-mobile-header-display":"","site-post-title":"","ast-breadcrumbs-content":"","ast-featured-img":"","footer-sml-layout":"","theme-transparent-header-meta":"","adv-header-id-meta":"","stick-header-meta":"","header-above-stick-meta":"","header-main-stick-meta":"","header-below-stick-meta":"","_jetpack_memberships_contains_paid_content":false,"footnotes":""},"categories":[7],"tags":[],"class_list":["post-984","post","type-post","status-publish","format-standard","hentry","category-noticias-clam"],"acf":[],"yoast_head":"<!-- This site is optimized with the Yoast SEO plugin v26.1.1 - https:\/\/yoast.com\/wordpress\/plugins\/seo\/ -->\n<title>El otro lado del reconocimiento - CLAM - ES<\/title>\n<meta name=\"robots\" content=\"index, follow, max-snippet:-1, max-image-preview:large, max-video-preview:-1\" \/>\n<link rel=\"canonical\" href=\"https:\/\/clam.org.br\/es\/noticias-clam\/el-otro-lado-del-reconocimiento\/984\/\" \/>\n<meta property=\"og:locale\" content=\"es_ES\" \/>\n<meta property=\"og:type\" content=\"article\" \/>\n<meta property=\"og:title\" content=\"El otro lado del reconocimiento - CLAM - ES\" \/>\n<meta property=\"og:description\" content=\"Cr\u00edticas de la reciente inclusi\u00f3n de la intersexualidad en la pol\u00edtica p\u00fablica nacional para LGBT en Colombia cuestionan hasta qu\u00e9 punto este reconocimiento, definido \u201cdesde arriba\u201d, responde a las demandas y necesidades de los sujetos afectados o ser\u00eda una forma de adaptarse a una tendencia internacional.\" \/>\n<meta property=\"og:url\" content=\"https:\/\/clam.org.br\/es\/noticias-clam\/el-otro-lado-del-reconocimiento\/984\/\" \/>\n<meta property=\"og:site_name\" content=\"CLAM - ES\" \/>\n<meta property=\"article:published_time\" content=\"2014-07-30T03:00:00+00:00\" \/>\n<meta name=\"author\" content=\"fw2\" \/>\n<meta name=\"twitter:card\" content=\"summary_large_image\" \/>\n<meta name=\"twitter:label1\" content=\"Escrito por\" \/>\n\t<meta name=\"twitter:data1\" content=\"fw2\" \/>\n\t<meta name=\"twitter:label2\" content=\"Tiempo de lectura\" \/>\n\t<meta name=\"twitter:data2\" content=\"15 minutos\" \/>\n<script type=\"application\/ld+json\" class=\"yoast-schema-graph\">{\"@context\":\"https:\/\/schema.org\",\"@graph\":[{\"@type\":\"WebPage\",\"@id\":\"https:\/\/clam.org.br\/es\/noticias-clam\/el-otro-lado-del-reconocimiento\/984\/\",\"url\":\"https:\/\/clam.org.br\/es\/noticias-clam\/el-otro-lado-del-reconocimiento\/984\/\",\"name\":\"El otro lado del reconocimiento - CLAM - ES\",\"isPartOf\":{\"@id\":\"https:\/\/clam.org.br\/es\/#website\"},\"datePublished\":\"2014-07-30T03:00:00+00:00\",\"author\":{\"@id\":\"https:\/\/clam.org.br\/es\/#\/schema\/person\/fbd9a86032bf7479f94b0ded196f1010\"},\"breadcrumb\":{\"@id\":\"https:\/\/clam.org.br\/es\/noticias-clam\/el-otro-lado-del-reconocimiento\/984\/#breadcrumb\"},\"inLanguage\":\"es\",\"potentialAction\":[{\"@type\":\"ReadAction\",\"target\":[\"https:\/\/clam.org.br\/es\/noticias-clam\/el-otro-lado-del-reconocimiento\/984\/\"]}]},{\"@type\":\"BreadcrumbList\",\"@id\":\"https:\/\/clam.org.br\/es\/noticias-clam\/el-otro-lado-del-reconocimiento\/984\/#breadcrumb\",\"itemListElement\":[{\"@type\":\"ListItem\",\"position\":1,\"name\":\"In\u00edcio\",\"item\":\"https:\/\/clam.org.br\/es\/\"},{\"@type\":\"ListItem\",\"position\":2,\"name\":\"El otro lado del reconocimiento\"}]},{\"@type\":\"WebSite\",\"@id\":\"https:\/\/clam.org.br\/es\/#website\",\"url\":\"https:\/\/clam.org.br\/es\/\",\"name\":\"CLAM - ES\",\"description\":\"S\u00f3 mais um site CLAM - Centro Latino-Americano em Sexualidade e Direitos Humanos sites\",\"potentialAction\":[{\"@type\":\"SearchAction\",\"target\":{\"@type\":\"EntryPoint\",\"urlTemplate\":\"https:\/\/clam.org.br\/es\/?s={search_term_string}\"},\"query-input\":{\"@type\":\"PropertyValueSpecification\",\"valueRequired\":true,\"valueName\":\"search_term_string\"}}],\"inLanguage\":\"es\"},{\"@type\":\"Person\",\"@id\":\"https:\/\/clam.org.br\/es\/#\/schema\/person\/fbd9a86032bf7479f94b0ded196f1010\",\"name\":\"fw2\",\"image\":{\"@type\":\"ImageObject\",\"inLanguage\":\"es\",\"@id\":\"https:\/\/clam.org.br\/es\/#\/schema\/person\/image\/\",\"url\":\"https:\/\/secure.gravatar.com\/avatar\/c38472c0cdbde82d9b6fcc26adb3779d?s=96&d=mm&r=g\",\"contentUrl\":\"https:\/\/secure.gravatar.com\/avatar\/c38472c0cdbde82d9b6fcc26adb3779d?s=96&d=mm&r=g\",\"caption\":\"fw2\"},\"sameAs\":[\"https:\/\/clam.fw2web.com.br\"],\"url\":\"https:\/\/clam.org.br\/es\/author\/fw2\/\"}]}<\/script>\n<!-- \/ Yoast SEO plugin. -->","yoast_head_json":{"title":"El otro lado del reconocimiento - CLAM - ES","robots":{"index":"index","follow":"follow","max-snippet":"max-snippet:-1","max-image-preview":"max-image-preview:large","max-video-preview":"max-video-preview:-1"},"canonical":"https:\/\/clam.org.br\/es\/noticias-clam\/el-otro-lado-del-reconocimiento\/984\/","og_locale":"es_ES","og_type":"article","og_title":"El otro lado del reconocimiento - CLAM - ES","og_description":"Cr\u00edticas de la reciente inclusi\u00f3n de la intersexualidad en la pol\u00edtica p\u00fablica nacional para LGBT en Colombia cuestionan hasta qu\u00e9 punto este reconocimiento, definido \u201cdesde arriba\u201d, responde a las demandas y necesidades de los sujetos afectados o ser\u00eda una forma de adaptarse a una tendencia internacional.","og_url":"https:\/\/clam.org.br\/es\/noticias-clam\/el-otro-lado-del-reconocimiento\/984\/","og_site_name":"CLAM - ES","article_published_time":"2014-07-30T03:00:00+00:00","author":"fw2","twitter_card":"summary_large_image","twitter_misc":{"Escrito por":"fw2","Tiempo de lectura":"15 minutos"},"schema":{"@context":"https:\/\/schema.org","@graph":[{"@type":"WebPage","@id":"https:\/\/clam.org.br\/es\/noticias-clam\/el-otro-lado-del-reconocimiento\/984\/","url":"https:\/\/clam.org.br\/es\/noticias-clam\/el-otro-lado-del-reconocimiento\/984\/","name":"El otro lado del reconocimiento - CLAM - ES","isPartOf":{"@id":"https:\/\/clam.org.br\/es\/#website"},"datePublished":"2014-07-30T03:00:00+00:00","author":{"@id":"https:\/\/clam.org.br\/es\/#\/schema\/person\/fbd9a86032bf7479f94b0ded196f1010"},"breadcrumb":{"@id":"https:\/\/clam.org.br\/es\/noticias-clam\/el-otro-lado-del-reconocimiento\/984\/#breadcrumb"},"inLanguage":"es","potentialAction":[{"@type":"ReadAction","target":["https:\/\/clam.org.br\/es\/noticias-clam\/el-otro-lado-del-reconocimiento\/984\/"]}]},{"@type":"BreadcrumbList","@id":"https:\/\/clam.org.br\/es\/noticias-clam\/el-otro-lado-del-reconocimiento\/984\/#breadcrumb","itemListElement":[{"@type":"ListItem","position":1,"name":"In\u00edcio","item":"https:\/\/clam.org.br\/es\/"},{"@type":"ListItem","position":2,"name":"El otro lado del reconocimiento"}]},{"@type":"WebSite","@id":"https:\/\/clam.org.br\/es\/#website","url":"https:\/\/clam.org.br\/es\/","name":"CLAM - ES","description":"S\u00f3 mais um site CLAM - Centro Latino-Americano em Sexualidade e Direitos Humanos sites","potentialAction":[{"@type":"SearchAction","target":{"@type":"EntryPoint","urlTemplate":"https:\/\/clam.org.br\/es\/?s={search_term_string}"},"query-input":{"@type":"PropertyValueSpecification","valueRequired":true,"valueName":"search_term_string"}}],"inLanguage":"es"},{"@type":"Person","@id":"https:\/\/clam.org.br\/es\/#\/schema\/person\/fbd9a86032bf7479f94b0ded196f1010","name":"fw2","image":{"@type":"ImageObject","inLanguage":"es","@id":"https:\/\/clam.org.br\/es\/#\/schema\/person\/image\/","url":"https:\/\/secure.gravatar.com\/avatar\/c38472c0cdbde82d9b6fcc26adb3779d?s=96&d=mm&r=g","contentUrl":"https:\/\/secure.gravatar.com\/avatar\/c38472c0cdbde82d9b6fcc26adb3779d?s=96&d=mm&r=g","caption":"fw2"},"sameAs":["https:\/\/clam.fw2web.com.br"],"url":"https:\/\/clam.org.br\/es\/author\/fw2\/"}]}},"jetpack_featured_media_url":"","jetpack_sharing_enabled":true,"_links":{"self":[{"href":"https:\/\/clam.org.br\/es\/wp-json\/wp\/v2\/posts\/984","targetHints":{"allow":["GET"]}}],"collection":[{"href":"https:\/\/clam.org.br\/es\/wp-json\/wp\/v2\/posts"}],"about":[{"href":"https:\/\/clam.org.br\/es\/wp-json\/wp\/v2\/types\/post"}],"author":[{"embeddable":true,"href":"https:\/\/clam.org.br\/es\/wp-json\/wp\/v2\/users\/1"}],"replies":[{"embeddable":true,"href":"https:\/\/clam.org.br\/es\/wp-json\/wp\/v2\/comments?post=984"}],"version-history":[{"count":0,"href":"https:\/\/clam.org.br\/es\/wp-json\/wp\/v2\/posts\/984\/revisions"}],"wp:attachment":[{"href":"https:\/\/clam.org.br\/es\/wp-json\/wp\/v2\/media?parent=984"}],"wp:term":[{"taxonomy":"category","embeddable":true,"href":"https:\/\/clam.org.br\/es\/wp-json\/wp\/v2\/categories?post=984"},{"taxonomy":"post_tag","embeddable":true,"href":"https:\/\/clam.org.br\/es\/wp-json\/wp\/v2\/tags?post=984"}],"curies":[{"name":"wp","href":"https:\/\/api.w.org\/{rel}","templated":true}]}}